{"id":126181,"date":"2026-04-09T10:58:34","date_gmt":"2026-04-09T10:58:34","guid":{"rendered":"https:\/\/enfoquenoticioso.com\/?p=126181"},"modified":"2026-04-09T10:58:34","modified_gmt":"2026-04-09T10:58:34","slug":"se-filtra-el-precio-del-iphone-plegable-apple-dara-la-sorpresa-despues-de-anos-esperando-este-modelo","status":"publish","type":"post","link":"https:\/\/enfoquenoticioso.com\/?p=126181","title":{"rendered":"Se filtra el precio del iPhone plegable: Apple dar\u00e1 la sorpresa despu\u00e9s de a\u00f1os esperando este modelo"},"content":{"rendered":"<figure><img loading=\"lazy\" decoding=\"async\" width=\"1024\" height=\"656\" src=\"https:\/\/i0.wp.com\/imgs.hipertextual.com\/wp-content\/uploads\/2025\/06\/iPhone-plegable-scaled.jpg?fit=1024%2C656&amp;quality=70&amp;strip=all&amp;ssl=1\" class=\"attachment-rss-image-size size-rss-image-size wp-post-image\" alt=\"iPhone plegable\" \/><\/figure>\n<p>Cada vez conocemos m\u00e1s detalles del iPhone plegable a medida que se acerca su fecha de lanzamiento. Todo parece indicar que se anunciar\u00e1 en septiembre, <a href=\"https:\/\/hipertextual.com\/apple\/el-iphone-plegable-esta-en-problemas-y-podria-dar-al-traste-con-los-lanzamientos-de-apple-en-2026\/\" target=\"_blank\" rel=\"noopener\">pese a unos rumores<\/a> sobre un retraso que ya ha sido desmentido, y que se llamar\u00e1 <a href=\"https:\/\/hipertextual.com\/tecnologia\/el-proximo-iphone-es-tan-diferente-que-hasta-estrena-nombre-iphone-ultra\/\" target=\"_blank\" rel=\"noopener\">iPhone Ultra<\/a>, dejando ver que ser\u00e1 un modelo bastante superior al iPhone 18 Pro Max. Ahora, y despu\u00e9s de que se revelara cu\u00e1nto costar\u00e1n los pr\u00f3ximos modelos Pro, <strong>ya sabemos el precio del iPhone plegable o iPhone Ultra. <\/strong><\/p>\n<p>Ha sido Mark Gurman, de <em><a href=\"https:\/\/www.bloomberg.com\/news\/articles\/2026-04-07\/apple-s-foldable-iphone-remains-on-track-for-september-debut\" target=\"_blank\" rel=\"noopener\">Bloomberg<\/a><\/em>, quien ha revelado el rango de precios del iPhone Fold en Estados Unidos. El periodista asegura que se espera que este m\u00f3vil plegable <strong>\u201ccruce el umbral de 2.000 d\u00f3lares<\/strong>\u201d. Gurman no detalla si la versi\u00f3n est\u00e1ndar (que probablemente incluya 256 GB de almacenamiento) costar\u00e1 2.000 d\u00f3lares, o si ser\u00e1 el precio de algunas configuraciones espec\u00edficas. <\/p>\n<p>De ser as\u00ed, el iPhone plegable ser\u00e1 el iPhone m\u00e1s caro de la historia de Apple. Actualmente, el iPhone 17 Pro Max con mayor configuraci\u00f3n (2 TB de almacenamiento) tiene un precio de 1.999 d\u00f3lares en Estados Unidos. En Espa\u00f1a, este mismo modelo se vende <strong>por 2.469 euros<\/strong>. Esto quiere decir que si el iPhone Ultra o iPhone plegable cuesta 2.000 d\u00f3lares, la versi\u00f3n de mayor configuraci\u00f3n podr\u00eda situarse sobre los 2.799 d\u00f3lares. En Espa\u00f1a, el modelo m\u00e1s caro podr\u00eda superar los 3.000 euros. <\/p>\n<div id=\"ez-toc-container\" class=\"ez-toc-v2_0_81 counter-hierarchy ez-toc-counter ez-toc-grey ez-toc-container-direction\">\n<div class=\"ez-toc-title-container\">\n<p class=\"ez-toc-title\" style=\"cursor:inherit\">Tabla de Contenido<\/p>\n<span class=\"ez-toc-title-toggle\"><a href=\"#\" class=\"ez-toc-pull-right ez-toc-btn ez-toc-btn-xs ez-toc-btn-default ez-toc-toggle\" aria-label=\"Alternar tabla de contenidos\"><span class=\"ez-toc-js-icon-con\"><span class=\"\"><span class=\"eztoc-hide\" style=\"display:none;\">Toggle<\/span><span class=\"ez-toc-icon-toggle-span\"><svg style=\"fill: #999;color:#999\" xmlns=\"http:\/\/www.w3.org\/2000\/svg\" class=\"list-377408\" width=\"20px\" height=\"20px\" viewBox=\"0 0 24 24\" fill=\"none\"><path d=\"M6 6H4v2h2V6zm14 0H8v2h12V6zM4 11h2v2H4v-2zm16 0H8v2h12v-2zM4 16h2v2H4v-2zm16 0H8v2h12v-2z\" fill=\"currentColor\"><\/path><\/svg><svg style=\"fill: #999;color:#999\" class=\"arrow-unsorted-368013\" xmlns=\"http:\/\/www.w3.org\/2000\/svg\" width=\"10px\" height=\"10px\" viewBox=\"0 0 24 24\" version=\"1.2\" baseProfile=\"tiny\"><path d=\"M18.2 9.3l-6.2-6.3-6.2 6.3c-.2.2-.3.4-.3.7s.1.5.3.7c.2.2.4.3.7.3h11c.3 0 .5-.1.7-.3.2-.2.3-.5.3-.7s-.1-.5-.3-.7zM5.8 14.7l6.2 6.3 6.2-6.3c.2-.2.3-.5.3-.7s-.1-.5-.3-.7c-.2-.2-.4-.3-.7-.3h-11c-.3 0-.5.1-.7.3-.2.2-.3.5-.3.7s.1.5.3.7z\"\/><\/svg><\/span><\/span><\/span><\/a><\/span><\/div>\n<nav><ul class='ez-toc-list ez-toc-list-level-1 ' ><li class='ez-toc-page-1 ez-toc-heading-level-2'><a class=\"ez-toc-link ez-toc-heading-1\" href=\"https:\/\/enfoquenoticioso.com\/?p=126181\/#El_iPhone_plegable_se_llamara_iPhone_Ultra\" >El iPhone plegable se llamar\u00e1 iPhone Ultra<\/a><\/li><\/ul><\/nav><\/div>\n<h2 class=\"wp-block-heading has-text-align-center\" id=\"h-el-iphone-plegable-se-llamara-iphone-ultra\"><span class=\"ez-toc-section\" id=\"El_iPhone_plegable_se_llamara_iPhone_Ultra\"><\/span>El iPhone plegable se llamar\u00e1 iPhone Ultra<span class=\"ez-toc-section-end\"><\/span><\/h2>\n<figure class=\"wp-block-image alignwide size-large\"><img decoding=\"async\" data-recalc-dims=\"1\" loading=\"lazy\" width=\"780\" height=\"521\" src=\"https:\/\/i0.wp.com\/imgs.hipertextual.com\/wp-content\/uploads\/2026\/03\/iphone-fold-1500x1002.jpg?resize=780%2C521&#038;quality=70&#038;strip=all&#038;ssl=1\" alt=\"iPhone Fold\" class=\"wp-image-1879439\" \/><\/figure>\n<p>Los \u00faltimos rumores apuntan a que <strong>el iPhone plegable (conocido hasta ahora como iPhone Fold) se llamar\u00e1 iPhone Ultr<\/strong>a. Apple ya utiliza la nomenclatura Ultra para alguno de sus productos o servicios, incluyendo el Apple Watch Ultra, CarPlay Ultra o los chips Ultra que incluye en alguno de sus Mac. <\/p>\n<p>El iPhone Ultra podr\u00eda llegar con una pantalla exterior de 5,3 pulgadas, as\u00ed como un <strong>panel interior flexible de 7,7 pulgadas<\/strong> que se abrir\u00e1 con un formato de \u201ctipo libro\u201d similar al Galaxy Z Fold 7. Se espera que el iPhone plegable cuente con un sistema de doble c\u00e1mara, as\u00ed como un bot\u00f3n de encendido con Touch ID, en vez de Face ID. Todo apunta a que Apple tambi\u00e9n incluir\u00e1 un sistema de pliegue que minimizar\u00e1 al m\u00e1ximo la arruga en la pantalla, aunque no la eliminar\u00e1 por completo. <\/p>\n<p>El iPhone Ultra o iPhone plegable, reiteramos, se presentar\u00e1 durante el mes de septiembre junto con los iPhone 18 Pro y 18 Pro Max. El iPhone 18 y la nueva generaci\u00f3n del <a href=\"https:\/\/hipertextual.com\/analisis\/iphone-air-analisis-opinion\/\" target=\"_blank\" rel=\"noopener\">iPhone Air<\/a> podr\u00edan presentarse en 2027, junto con un nuevo iPhone 18e.<\/p>\n<p>Seguir leyendo: <a href=\"https:\/\/hipertextual.com\/apple\/se-filtra-el-precio-del-iphone-plegable-apple-dara-la-sorpresa-despues-de-anos-esperando-este-modelo\/\" target=\"_blank\" rel=\"noopener\">Se filtra el precio del iPhone plegable: Apple dar\u00e1 la sorpresa despu\u00e9s de a\u00f1os esperando este modelo<\/a><\/p>\n<p><a href=\"https:\/\/hipertextual.com\/apple\/se-filtra-el-precio-del-iphone-plegable-apple-dara-la-sorpresa-despues-de-anos-esperando-este-modelo\/\" class=\" target=\" title=\"Se filtra el precio del iPhone plegable: Apple dar\u00e1 la sorpresa despu\u00e9s de a\u00f1os esperando este modelo\" target=\"_blank\" rel=\"noopener\">Ver fuente<\/a><\/p>\n","protected":false},"excerpt":{"rendered":"<p>Cada vez conocemos m\u00e1s detalles del iPhone plegable a medida que se acerca su fecha de lanzamiento. Todo parece indicar que se anunciar\u00e1 en septiembre, pese a unos rumores sobre un retraso que ya ha sido desmentido, y que se llamar\u00e1 iPhone Ultra, dejando ver que ser\u00e1 un modelo bastante superior al iPhone 18 Pro [&hellip;]<\/p>\n","protected":false},"author":2,"featured_media":126182,"comment_status":"open","ping_status":"closed","sticky":false,"template":"","format":"standard","meta":{"footnotes":""},"categories":[9],"tags":[],"class_list":["post-126181","post","type-post","status-publish","format-standard","has-post-thumbnail","hentry","category-tecnologia"],"_links":{"self":[{"href":"https:\/\/enfoquenoticioso.com\/index.php?rest_route=\/wp\/v2\/posts\/126181","targetHints":{"allow":["GET"]}}],"collection":[{"href":"https:\/\/enfoquenoticioso.com\/index.php?rest_route=\/wp\/v2\/posts"}],"about":[{"href":"https:\/\/enfoquenoticioso.com\/index.php?rest_route=\/wp\/v2\/types\/post"}],"author":[{"embeddable":true,"href":"https:\/\/enfoquenoticioso.com\/index.php?rest_route=\/wp\/v2\/users\/2"}],"replies":[{"embeddable":true,"href":"https:\/\/enfoquenoticioso.com\/index.php?rest_route=%2Fwp%2Fv2%2Fcomments&post=126181"}],"version-history":[{"count":0,"href":"https:\/\/enfoquenoticioso.com\/index.php?rest_route=\/wp\/v2\/posts\/126181\/revisions"}],"wp:featuredmedia":[{"embeddable":true,"href":"https:\/\/enfoquenoticioso.com\/index.php?rest_route=\/wp\/v2\/media\/126182"}],"wp:attachment":[{"href":"https:\/\/enfoquenoticioso.com\/index.php?rest_route=%2Fwp%2Fv2%2Fmedia&parent=126181"}],"wp:term":[{"taxonomy":"category","embeddable":true,"href":"https:\/\/enfoquenoticioso.com\/index.php?rest_route=%2Fwp%2Fv2%2Fcategories&post=126181"},{"taxonomy":"post_tag","embeddable":true,"href":"https:\/\/enfoquenoticioso.com\/index.php?rest_route=%2Fwp%2Fv2%2Ftags&post=126181"}],"curies":[{"name":"wp","href":"https:\/\/api.w.org\/{rel}","templated":true}]}}