{"id":126185,"date":"2026-04-09T11:29:59","date_gmt":"2026-04-09T11:29:59","guid":{"rendered":"https:\/\/enfoquenoticioso.com\/?p=126185"},"modified":"2026-04-09T11:29:59","modified_gmt":"2026-04-09T11:29:59","slug":"que-ha-pasado-con-soldier-boy-el-creador-de-the-boys-explica-esa-impactante-escena-de-la-temporada-5","status":"publish","type":"post","link":"https:\/\/enfoquenoticioso.com\/?p=126185","title":{"rendered":"\u00bfQu\u00e9 ha pasado con Soldier Boy? El creador de \u2018The Boys\u2019 explica ESA impactante escena de la temporada 5"},"content":{"rendered":"<figure><img loading=\"lazy\" decoding=\"async\" width=\"1024\" height=\"614\" src=\"https:\/\/i0.wp.com\/imgs.hipertextual.com\/wp-content\/uploads\/2026\/04\/Soldier-Boy-The-Boys-temporada-5.jpg?fit=1024%2C614&amp;quality=70&amp;strip=all&amp;ssl=1\" class=\"attachment-rss-image-size size-rss-image-size wp-post-image\" alt=\"Soldier Boy The Boys temporada 5\" \/><\/figure>\n<p>Los dos primeros episodios de <a href=\"https:\/\/hipertextual.com\/cine-television\/the-boys-t5-critica-una-despedida-brutal-y-a-lo-grande\/\" target=\"_blank\" rel=\"noopener\"><em><strong>The Boys<\/strong><\/em> temporada 5<\/a> ya han visto la luz en Amazon Prime Video. La serie ha regresado con la que ser\u00e1 su \u00faltima entrega. Por tanto, las expectativas est\u00e1n por todo lo alto. Pero los riesgos tambi\u00e9n. Cada personaje corre serio peligro de morir, tal y como ya han prometido sus creadores. De hecho, en estos dos cap\u00edtulos ya se ha incluido <a href=\"https:\/\/hipertextual.com\/cine-television\/temporada-5-the-boys-primera-victima-quien-muere-episodios-1-y-2\/\" target=\"_blank\" rel=\"noopener\">alguna muerte muy importante<\/a> de personajes con mucho peso en la trama. Pero lo que todos quieren saber es qu\u00e9 ha ocurrido con <strong><a href=\"https:\/\/hipertextual.com\/cine-television\/the-boys-serie-spin-off-comic-con-2024\/\" target=\"_blank\" rel=\"noopener\">Soldier Boy<\/a><\/strong>.<\/p>\n<p>El personaje, que debutara en la tercera temporada de la serie, regresaba una vez m\u00e1s para este fin de fiesta. <strong>Patriota<\/strong> descongelaba a su padre <a href=\"https:\/\/hipertextual.com\/cine-television\/the-boys-escena-post-creditos-final-temporada-4-explicada\/\" target=\"_blank\" rel=\"noopener\">de la c\u00e1mara en la que estaba recluido<\/a>. Y tras una breve discusi\u00f3n inicial, le promet\u00eda un gran puesto junto a \u00e9l a cambio de acabar con <strong>Carnicero<\/strong>. Pero para los protagonistas este ataque era la oportunidad ideal de probar su virus contra Supers. Algo que, en principio, parec\u00eda que acaba con la vida de <strong>Soldier Boy<\/strong>.<\/p>\n<p>Sin embargo, una vez que <strong>Patriota<\/strong> llega para llorar la muerte de su padre, mientras se marcha, de fondo vemos c\u00f3mo <a href=\"https:\/\/hipertextual.com\/cine-television\/vought-rising-precuela-the-boys-nuevos-fichajes\/\" target=\"_blank\" rel=\"noopener\">el personaje de pronto se levanta<\/a>. Con este \u00faltimo plano, la temporada 5 de <em>The Boys<\/em> culmina su cap\u00edtulo 2, dejando a todos los espectadores con la duda sobre qu\u00e9 ha ocurrido realmente. Algo que el creador de la serie, <strong>Eric Kripke<\/strong>, ha querido responder.<\/p>\n<figure class=\"wp-block-image alignwide size-large\"><img decoding=\"async\" data-recalc-dims=\"1\" loading=\"lazy\" width=\"780\" height=\"520\" src=\"https:\/\/i0.wp.com\/imgs.hipertextual.com\/wp-content\/uploads\/2026\/04\/The-Boys-Soldier-Boy-1500x1000.jpg?resize=780%2C520&#038;quality=70&#038;strip=all&#038;ssl=1\" alt=\"The Boys Soldier Boy\" class=\"wp-image-1881369\" \/><\/figure>\n<div id=\"ez-toc-container\" class=\"ez-toc-v2_0_81 counter-hierarchy ez-toc-counter ez-toc-grey ez-toc-container-direction\">\n<div class=\"ez-toc-title-container\">\n<p class=\"ez-toc-title\" style=\"cursor:inherit\">Tabla de Contenido<\/p>\n<span class=\"ez-toc-title-toggle\"><a href=\"#\" class=\"ez-toc-pull-right ez-toc-btn ez-toc-btn-xs ez-toc-btn-default ez-toc-toggle\" aria-label=\"Alternar tabla de contenidos\"><span class=\"ez-toc-js-icon-con\"><span class=\"\"><span class=\"eztoc-hide\" style=\"display:none;\">Toggle<\/span><span class=\"ez-toc-icon-toggle-span\"><svg style=\"fill: #999;color:#999\" xmlns=\"http:\/\/www.w3.org\/2000\/svg\" class=\"list-377408\" width=\"20px\" height=\"20px\" viewBox=\"0 0 24 24\" fill=\"none\"><path d=\"M6 6H4v2h2V6zm14 0H8v2h12V6zM4 11h2v2H4v-2zm16 0H8v2h12v-2zM4 16h2v2H4v-2zm16 0H8v2h12v-2z\" fill=\"currentColor\"><\/path><\/svg><svg style=\"fill: #999;color:#999\" class=\"arrow-unsorted-368013\" xmlns=\"http:\/\/www.w3.org\/2000\/svg\" width=\"10px\" height=\"10px\" viewBox=\"0 0 24 24\" version=\"1.2\" baseProfile=\"tiny\"><path d=\"M18.2 9.3l-6.2-6.3-6.2 6.3c-.2.2-.3.4-.3.7s.1.5.3.7c.2.2.4.3.7.3h11c.3 0 .5-.1.7-.3.2-.2.3-.5.3-.7s-.1-.5-.3-.7zM5.8 14.7l6.2 6.3 6.2-6.3c.2-.2.3-.5.3-.7s-.1-.5-.3-.7c-.2-.2-.4-.3-.7-.3h-11c-.3 0-.5.1-.7.3-.2.2-.3.5-.3.7s.1.5.3.7z\"\/><\/svg><\/span><\/span><\/span><\/a><\/span><\/div>\n<nav><ul class='ez-toc-list ez-toc-list-level-1 ' ><li class='ez-toc-page-1 ez-toc-heading-level-2'><a class=\"ez-toc-link ez-toc-heading-1\" href=\"https:\/\/enfoquenoticioso.com\/?p=126185\/#El_destino_de_Soldier_Boy_explicado\" >El destino de Soldier Boy, explicado<\/a><\/li><\/ul><\/nav><\/div>\n<h2 class=\"wp-block-heading\" id=\"h-el-destino-de-soldier-boy-explicado\"><span class=\"ez-toc-section\" id=\"El_destino_de_Soldier_Boy_explicado\"><\/span>El destino de Soldier Boy, explicado<span class=\"ez-toc-section-end\"><\/span><\/h2>\n<p>En una entrevista concedida a <em><a href=\"https:\/\/www.tvinsider.com\/1257055\/the-boys-season-5-soldier-boy-virus-a-train-death-homelande-religion-ashley\/\" target=\"_blank\" rel=\"noreferrer noopener\">TV Insider<\/a><\/em>, <strong>Eric Kripke<\/strong> ha explicado qu\u00e9 ha pasado con <strong>Soldier Boy<\/strong> en <em>The Boys<\/em> temporada 5 y por qu\u00e9 sigue vivo. \u00abS\u00ed, es cierto que <strong>Soldier Boy<\/strong> no est\u00e1 muerto. Y las razones por las que parece ser inmune a este virus son las que realmente plantean el principal <strong>MacGuffin<\/strong> de la temporada\u00bb, sugiere el creativo. Es decir, la causa de que el personaje haya sobrevivido al virus definir\u00e1 el destino de la \u00faltima entrega de la serie.<\/p>\n<p>\u00abEsto realmente lo cambia todo. De repente, hay una forma de sobrevivir al virus, y todo se convierte en una carrera por ver qui\u00e9n lo consigue. Si <strong>Patriota<\/strong> lo consigue, se acab\u00f3 el juego. Si <em>The Boys<\/em> lo consiguen, entonces quiz\u00e1 las personas a las que aman puedan sobrevivir. As\u00ed que todo el mundo lucha por su futuro. \u00bfPodr\u00e1n sobrevivir a esta guerra? \u00bfPodr\u00e1n sobrevivir a este virus en particular? Esta trama se convierte en uno de los grandes motores de la temporada\u00bb, a\u00f1ade <strong>Kripke<\/strong>.<\/p>\n<div class=\"wp-block-group is-style-default has-primary-color has-text-color has-background\" style=\"background-color:#f1fbff\">\n<div class=\"wp-block-group__inner-container is-layout-flow wp-block-group-is-layout-flow\">\n<div class=\"wp-block-columns is-layout-flex wp-container-core-columns-is-layout-9d6595d7 wp-block-columns-is-layout-flex\">\n<div class=\"wp-block-column is-vertically-aligned-center is-layout-flow wp-block-column-is-layout-flow\" style=\"flex-basis:30%\">\n<figure class=\"wp-block-image size-large\"><img decoding=\"async\" data-recalc-dims=\"1\" loading=\"lazy\" width=\"740\" height=\"740\" src=\"https:\/\/i0.wp.com\/hipertextual.com\/wp-content\/uploads\/2021\/03\/primevideo-seo-logo-square-740x740.png?resize=740%2C740&#038;quality=70&#038;strip=all&#038;ssl=1\" alt=\"\" class=\"wp-image-1263089\" \/><\/figure>\n<\/div>\n<div class=\"wp-block-column is-layout-flow wp-block-column-is-layout-flow\" style=\"flex-basis:70%\">\n<p class=\"has-text-align-center\" style=\"font-size:17px\"><a href=\"https:\/\/primevideo.com\/?tag=hipertextual-21\" target=\"_blank\" rel=\"noreferrer noopener sponsored nofollow\"><strong>Prueba Amazon Prime Video<\/strong><\/a> totalmente <strong>gratis durante 30 d\u00edas<\/strong> y disfruta del cat\u00e1logo completo de la plataforma sin l\u00edmites. <a href=\"https:\/\/primevideo.com\/?tag=hipertextual-21\" rel=\"noreferrer noopener sponsored nofollow\" target=\"_blank\"><strong>Solo con darte de alta<\/strong><\/a> tendr\u00e1s acceso instant\u00e1neo a las mejores pel\u00edculas y series, adem\u00e1s de <strong>env\u00edos gratis en Amazon<\/strong> y otras ventajas.<\/p>\n<div class=\"wp-block-buttons is-content-justification-center is-layout-flex wp-container-core-buttons-is-layout-16018d1d wp-block-buttons-is-layout-flex\">\n<div class=\"wp-block-button has-custom-width wp-block-button__width-75 has-custom-font-size is-style-fill\" style=\"font-size:18px\"><a class=\"wp-block-button__link has-white-color has-text-color has-background wp-element-button\" href=\"https:\/\/geni.us\/amzprimev\" style=\"border-radius:6px;background:linear-gradient(135deg,rgb(6,147,227) 0%,rgb(1,23,68) 57%)\" target=\"_blank\" rel=\"noreferrer noopener sponsored nofollow\">Prueba gratis Prime Video<\/a><\/div>\n<\/div>\n<\/div>\n<\/div>\n<\/div>\n<\/div>\n<p>Por el momento, no tenemos m\u00e1s pistas que puedan darnos la respuesta de por qu\u00e9 <strong>Soldier Boy<\/strong> sigue vivos tras estar expuesto al virus y, en un primer momento, caer aparentemente muerto. Lo que est\u00e1 claro es que, si <strong>Patriota<\/strong> comparte su sangre, es posible que esta soluci\u00f3n final contra el villano no sea lo suficientemente efectiva. <a href=\"https:\/\/hipertextual.com\/cine-television\/el-calendario-completo-de-the-boys-temporada-5-explicado-numero-de-episodios-y-fechas-de-estreno\/\" target=\"_blank\" rel=\"noopener\">En los pr\u00f3ximos cap\u00edtulos<\/a> saldremos de dudas.<\/p>\n<p>Seguir leyendo: <a href=\"https:\/\/hipertextual.com\/cine-television\/the-boys-que-ha-pasado-con-soldier-boy-creador-temporada-5\/\" target=\"_blank\" rel=\"noopener\">\u00bfQu\u00e9 ha pasado con Soldier Boy? El creador de &#8216;The Boys&#8217; explica ESA impactante escena de la temporada 5<\/a><\/p>\n<p><a href=\"https:\/\/hipertextual.com\/cine-television\/the-boys-que-ha-pasado-con-soldier-boy-creador-temporada-5\/\" class=\" target=\" title=\"\u00bfQu\u00e9 ha pasado con Soldier Boy? El creador de \u2018The Boys\u2019 explica ESA impactante escena de la temporada 5\" target=\"_blank\" rel=\"noopener\">Ver fuente<\/a><\/p>\n","protected":false},"excerpt":{"rendered":"<p>Los dos primeros episodios de The Boys temporada 5 ya han visto la luz en Amazon Prime Video. La serie ha regresado con la que ser\u00e1 su \u00faltima entrega. Por tanto, las expectativas est\u00e1n por todo lo alto. Pero los riesgos tambi\u00e9n. Cada personaje corre serio peligro de morir, tal y como ya han prometido [&hellip;]<\/p>\n","protected":false},"author":2,"featured_media":126186,"comment_status":"open","ping_status":"closed","sticky":false,"template":"","format":"standard","meta":{"footnotes":""},"categories":[9],"tags":[],"class_list":["post-126185","post","type-post","status-publish","format-standard","has-post-thumbnail","hentry","category-tecnologia"],"_links":{"self":[{"href":"https:\/\/enfoquenoticioso.com\/index.php?rest_route=\/wp\/v2\/posts\/126185","targetHints":{"allow":["GET"]}}],"collection":[{"href":"https:\/\/enfoquenoticioso.com\/index.php?rest_route=\/wp\/v2\/posts"}],"about":[{"href":"https:\/\/enfoquenoticioso.com\/index.php?rest_route=\/wp\/v2\/types\/post"}],"author":[{"embeddable":true,"href":"https:\/\/enfoquenoticioso.com\/index.php?rest_route=\/wp\/v2\/users\/2"}],"replies":[{"embeddable":true,"href":"https:\/\/enfoquenoticioso.com\/index.php?rest_route=%2Fwp%2Fv2%2Fcomments&post=126185"}],"version-history":[{"count":0,"href":"https:\/\/enfoquenoticioso.com\/index.php?rest_route=\/wp\/v2\/posts\/126185\/revisions"}],"wp:featuredmedia":[{"embeddable":true,"href":"https:\/\/enfoquenoticioso.com\/index.php?rest_route=\/wp\/v2\/media\/126186"}],"wp:attachment":[{"href":"https:\/\/enfoquenoticioso.com\/index.php?rest_route=%2Fwp%2Fv2%2Fmedia&parent=126185"}],"wp:term":[{"taxonomy":"category","embeddable":true,"href":"https:\/\/enfoquenoticioso.com\/index.php?rest_route=%2Fwp%2Fv2%2Fcategories&post=126185"},{"taxonomy":"post_tag","embeddable":true,"href":"https:\/\/enfoquenoticioso.com\/index.php?rest_route=%2Fwp%2Fv2%2Ftags&post=126185"}],"curies":[{"name":"wp","href":"https:\/\/api.w.org\/{rel}","templated":true}]}}