{"id":126333,"date":"2026-04-10T07:41:19","date_gmt":"2026-04-10T07:41:19","guid":{"rendered":"https:\/\/enfoquenoticioso.com\/?p=126333"},"modified":"2026-04-10T07:41:19","modified_gmt":"2026-04-10T07:41:19","slug":"whatsapp-cambia-de-diseno-y-se-vuelve-mas-instagram-preparate-para-ver-esto-en-la-pestana-de-chats","status":"publish","type":"post","link":"https:\/\/enfoquenoticioso.com\/?p=126333","title":{"rendered":"WhatsApp cambia de dise\u00f1o y se vuelve m\u00e1s \u201cInstagram\u201d: prep\u00e1rate para ver esto en la pesta\u00f1a de chats"},"content":{"rendered":"<figure><img loading=\"lazy\" decoding=\"async\" width=\"1024\" height=\"684\" src=\"https:\/\/i0.wp.com\/imgs.hipertextual.com\/wp-content\/uploads\/2024\/10\/whatsapp-ios-18.jpg?fit=1024%2C684&amp;quality=70&amp;strip=all&amp;ssl=1\" class=\"attachment-rss-image-size size-rss-image-size wp-post-image\" alt=\"WhatsApp iOS 26\" \/><\/figure>\n<p>Meta no para de a\u00f1adir peque\u00f1as novedades a <strong>WhatsApp<\/strong>, que sigue siendo una de las aplicaciones de mensajer\u00eda m\u00e1s utilizadas del mundo. La plataforma ya est\u00e1 empezando a activar los nombres de usuarios en algunas cuentas para que no sea necesario dar un n\u00famero de tel\u00e9fono a desconocidos, pero la app tambi\u00e9n tiene otra novedad muy importante. WhatsApp est\u00e1 cambiando de dise\u00f1o a un <a href=\"https:\/\/hipertextual.com\/mobile\/instagram-lanza-por-fin-la-funcion-que-mas-han-pedido-sus-usuarios-va-a-cambiar-tus-publicaciones-por-completo\/\" target=\"_blank\" rel=\"noopener\">estilo m\u00e1s \u201cInstagram\u201d<\/a> que probablemente odies. <\/p>\n<p>El portal <em><a href=\"https:\/\/wabetainfo.com\/whatsapp-beta-is-testing-status-updates-in-the-chats-tab\/\" target=\"_blank\" rel=\"noopener\">Wabetainfo<\/a><\/em>, especializado en noticias y novedades sobre la plataforma de mensajer\u00eda, asegura que la \u00faltima versi\u00f3n beta de WhatsApp para Android incluye un redise\u00f1o que empezaremos a ver muy pronto en la aplicaci\u00f3n. Y no, no tiene que ver con Liquid Glass. Al parecer, <strong>WhatsApp est\u00e1 modificando la pesta\u00f1a de los chats<\/strong>, la m\u00e1s usada de toda la app, para a\u00f1adir una secci\u00f3n de estados. <\/p>\n<p>Efectivamente, <strong>los estados de WhatsApp<\/strong> pasar\u00e1n de estar en la pesta\u00f1a de \u2018Actualizaciones\u2019 a ubicarse en la secci\u00f3n de chats. Se mostrar\u00e1n en la parte superior, tal y como pasa con las historias de Instagram y tendr\u00e1n una forma redondeada m\u00e1s similar al dise\u00f1o de la red social tambi\u00e9n propiedad de Meta. <\/p>\n<div id=\"ez-toc-container\" class=\"ez-toc-v2_0_81 counter-hierarchy ez-toc-counter ez-toc-grey ez-toc-container-direction\">\n<div class=\"ez-toc-title-container\">\n<p class=\"ez-toc-title\" style=\"cursor:inherit\">Tabla de Contenido<\/p>\n<span class=\"ez-toc-title-toggle\"><a href=\"#\" class=\"ez-toc-pull-right ez-toc-btn ez-toc-btn-xs ez-toc-btn-default ez-toc-toggle\" aria-label=\"Alternar tabla de contenidos\"><span class=\"ez-toc-js-icon-con\"><span class=\"\"><span class=\"eztoc-hide\" style=\"display:none;\">Toggle<\/span><span class=\"ez-toc-icon-toggle-span\"><svg style=\"fill: #999;color:#999\" xmlns=\"http:\/\/www.w3.org\/2000\/svg\" class=\"list-377408\" width=\"20px\" height=\"20px\" viewBox=\"0 0 24 24\" fill=\"none\"><path d=\"M6 6H4v2h2V6zm14 0H8v2h12V6zM4 11h2v2H4v-2zm16 0H8v2h12v-2zM4 16h2v2H4v-2zm16 0H8v2h12v-2z\" fill=\"currentColor\"><\/path><\/svg><svg style=\"fill: #999;color:#999\" class=\"arrow-unsorted-368013\" xmlns=\"http:\/\/www.w3.org\/2000\/svg\" width=\"10px\" height=\"10px\" viewBox=\"0 0 24 24\" version=\"1.2\" baseProfile=\"tiny\"><path d=\"M18.2 9.3l-6.2-6.3-6.2 6.3c-.2.2-.3.4-.3.7s.1.5.3.7c.2.2.4.3.7.3h11c.3 0 .5-.1.7-.3.2-.2.3-.5.3-.7s-.1-.5-.3-.7zM5.8 14.7l6.2 6.3 6.2-6.3c.2-.2.3-.5.3-.7s-.1-.5-.3-.7c-.2-.2-.4-.3-.7-.3h-11c-.3 0-.5.1-.7.3-.2.2-.3.5-.3.7s.1.5.3.7z\"\/><\/svg><\/span><\/span><\/span><\/a><\/span><\/div>\n<nav><ul class='ez-toc-list ez-toc-list-level-1 ' ><li class='ez-toc-page-1 ez-toc-heading-level-2'><a class=\"ez-toc-link ez-toc-heading-1\" href=\"https:\/\/enfoquenoticioso.com\/?p=126333\/#Asi_funcionan_los_nuevos_estados_de_la_pestana_de_chats_en_WhatsApp\" >As\u00ed funcionan los nuevos estados de la pesta\u00f1a de chats en WhatsApp<\/a><\/li><\/ul><\/nav><\/div>\n<h2 class=\"wp-block-heading\" id=\"h-asi-funcionan-los-nuevos-estados-de-la-pestana-de-chats-en-whatsapp\"><span class=\"ez-toc-section\" id=\"Asi_funcionan_los_nuevos_estados_de_la_pestana_de_chats_en_WhatsApp\"><\/span>As\u00ed funcionan los nuevos estados de la pesta\u00f1a de chats en WhatsApp<span class=\"ez-toc-section-end\"><\/span><\/h2>\n<figure class=\"wp-block-image alignwide size-large\"><img loading=\"lazy\" decoding=\"async\" data-recalc-dims=\"1\" width=\"780\" height=\"541\" src=\"https:\/\/i0.wp.com\/imgs.hipertextual.com\/wp-content\/uploads\/2026\/04\/whatsapp-diseno-estados-1500x1041.jpg?resize=780%2C541&#038;quality=70&#038;strip=all&#038;ssl=1\" alt=\"\" class=\"wp-image-1881558\" \/><\/figure>\n<p>Tal y como sucede con las historias de Instagram, los estados de WhatsApp en la parte superior de la secci\u00f3n de chat incluyen una opci\u00f3n para crear o subir tu propio estado. Al lado, se ubicar\u00e1n los estados del resto de contactos. <em>Wabetainfo<\/em> asegura que estos <strong>se ordenar\u00e1n en funci\u00f3n de la relevancia del contacto<\/strong> y, por tanto, aparecer\u00e1n primero las personas con las que m\u00e1s interact\u00faas. Por supuesto, estos estados desaparecer\u00e1n despu\u00e9s de 24 horas.<\/p>\n<p>Eso s\u00ed, hay una diferencia importante respecto a las historias de Instagram. El nuevo dise\u00f1o de WhatsApp relacionado con los estados<strong> no estar\u00e1 visible todo el tiempo<\/strong>. De hecho, estar\u00e1 oculto cuando accedas a la secci\u00f3n de chats. Para revelarlo ser\u00e1 necesario deslizar hacia abajo desde la parte superior de la lista de conversaciones, algo similar a como pasa con Telegram y los estados. <\/p>\n<p>Por el momento, se desconoce cu\u00e1ndo llegar\u00e1 este nuevo dise\u00f1o de WhatsApp a todos los usuarios. Es probable que Meta lo vaya implementando poco a poco en la app y que lo expanda a m\u00e1s cuentas en las pr\u00f3ximas semanas. Adem\u00e1s, la novedad se ha visto en la versi\u00f3n beta, por lo que est\u00e1 sujeta a cambios.<\/p>\n<p>Seguir leyendo: <a href=\"https:\/\/hipertextual.com\/mobile\/whatsapp-cambia-de-diseno-y-se-vuelve-mas-instagram-preparate-para-ver-esto-en-la-pestana-de-chats\/\" target=\"_blank\" rel=\"noopener\">WhatsApp cambia de dise\u00f1o y se vuelve m\u00e1s \u201cInstagram\u201d: prep\u00e1rate para ver esto en la pesta\u00f1a de chats<\/a><\/p>\n<p><a href=\"https:\/\/hipertextual.com\/mobile\/whatsapp-cambia-de-diseno-y-se-vuelve-mas-instagram-preparate-para-ver-esto-en-la-pestana-de-chats\/\" class=\" target=\" title=\"WhatsApp cambia de dise\u00f1o y se vuelve m\u00e1s \u201cInstagram\u201d: prep\u00e1rate para ver esto en la pesta\u00f1a de chats\" target=\"_blank\" rel=\"noopener\">Ver fuente<\/a><\/p>\n","protected":false},"excerpt":{"rendered":"<p>Meta no para de a\u00f1adir peque\u00f1as novedades a WhatsApp, que sigue siendo una de las aplicaciones de mensajer\u00eda m\u00e1s utilizadas del mundo. La plataforma ya est\u00e1 empezando a activar los nombres de usuarios en algunas cuentas para que no sea necesario dar un n\u00famero de tel\u00e9fono a desconocidos, pero la app tambi\u00e9n tiene otra novedad [&hellip;]<\/p>\n","protected":false},"author":2,"featured_media":126334,"comment_status":"open","ping_status":"closed","sticky":false,"template":"","format":"standard","meta":{"footnotes":""},"categories":[9],"tags":[],"class_list":["post-126333","post","type-post","status-publish","format-standard","has-post-thumbnail","hentry","category-tecnologia"],"_links":{"self":[{"href":"https:\/\/enfoquenoticioso.com\/index.php?rest_route=\/wp\/v2\/posts\/126333","targetHints":{"allow":["GET"]}}],"collection":[{"href":"https:\/\/enfoquenoticioso.com\/index.php?rest_route=\/wp\/v2\/posts"}],"about":[{"href":"https:\/\/enfoquenoticioso.com\/index.php?rest_route=\/wp\/v2\/types\/post"}],"author":[{"embeddable":true,"href":"https:\/\/enfoquenoticioso.com\/index.php?rest_route=\/wp\/v2\/users\/2"}],"replies":[{"embeddable":true,"href":"https:\/\/enfoquenoticioso.com\/index.php?rest_route=%2Fwp%2Fv2%2Fcomments&post=126333"}],"version-history":[{"count":0,"href":"https:\/\/enfoquenoticioso.com\/index.php?rest_route=\/wp\/v2\/posts\/126333\/revisions"}],"wp:featuredmedia":[{"embeddable":true,"href":"https:\/\/enfoquenoticioso.com\/index.php?rest_route=\/wp\/v2\/media\/126334"}],"wp:attachment":[{"href":"https:\/\/enfoquenoticioso.com\/index.php?rest_route=%2Fwp%2Fv2%2Fmedia&parent=126333"}],"wp:term":[{"taxonomy":"category","embeddable":true,"href":"https:\/\/enfoquenoticioso.com\/index.php?rest_route=%2Fwp%2Fv2%2Fcategories&post=126333"},{"taxonomy":"post_tag","embeddable":true,"href":"https:\/\/enfoquenoticioso.com\/index.php?rest_route=%2Fwp%2Fv2%2Ftags&post=126333"}],"curies":[{"name":"wp","href":"https:\/\/api.w.org\/{rel}","templated":true}]}}