{"id":126367,"date":"2026-04-10T12:51:57","date_gmt":"2026-04-10T12:51:57","guid":{"rendered":"https:\/\/enfoquenoticioso.com\/?p=126367"},"modified":"2026-04-10T12:51:57","modified_gmt":"2026-04-10T12:51:57","slug":"25-000-euros-suv-y-100-electrico-tesla-vuelve-a-la-carga-con-el-model-2-el-hermano-pequeno-del-model-y","status":"publish","type":"post","link":"https:\/\/enfoquenoticioso.com\/?p=126367","title":{"rendered":"25.000 euros, SUV y 100% el\u00e9ctrico: Tesla vuelve a la carga con el Model 2, el hermano peque\u00f1o del Model Y"},"content":{"rendered":"<figure><img loading=\"lazy\" decoding=\"async\" width=\"1024\" height=\"699\" src=\"https:\/\/i0.wp.com\/imgs.hipertextual.com\/wp-content\/uploads\/2026\/04\/MODEL-2-TESLA.jpg?fit=1024%2C699&amp;quality=70&amp;strip=all&amp;ssl=1\" class=\"attachment-rss-image-size size-rss-image-size wp-post-image\" alt=\"\" \/><\/figure>\n<p>Esta semana se cumplen dos a\u00f1os desde que <a href=\"https:\/\/hipertextual.com\/movilidad\/elon-musk-niega-que-tesla-haya-cancelado-el-model-2\/\" target=\"_blank\" rel=\"noopener\">Reuters y Elon Musk tuvieran una disputa<\/a> de afirmaciones sobre el <a href=\"https:\/\/hipertextual.com\/movilidad\/el-tesla-model-2-si-estaria-en-problemas-despues-de-todo\/\" target=\"_blank\" rel=\"noopener\">Tesla Model 2<\/a>. El medio afirmaba que el magnate hab\u00eda cancelado el coche barato de la compa\u00f1\u00eda, mientras que el propio Musk desment\u00eda esas declaraciones. Seg\u00fan \u00e9l, el proyecto segu\u00eda en pie. 700 d\u00edas m\u00e1s tarde, la realidad es que la automovil\u00edstica ha estado enfocada en otras cosas y <strong>no ha habido rastro de ese veh\u00edculo el\u00e9ctrico de 25.000 d\u00f3lares<\/strong> que prometi\u00f3 Musk. Hasta hoy, eso s\u00ed. <\/p>\n<p><a href=\"https:\/\/www.reuters.com\/business\/autos-transportation\/tesla-is-developing-new-smaller-cheaper-ev-sources-say-2026-04-09\/\" target=\"_blank\" rel=\"noopener\"><em>Reuters<\/em> <\/a>vuelve a la carga, esta vez afirmando que <strong>Tesla estar\u00eda volviendo a plantear un posible coche barato<\/strong>, el que todos conocemos como Model 2. Ahora bien, la filtraci\u00f3n habla de un concepto un tanto diferente, de un producto que hace dos a\u00f1os no estaba en los planes, pero que ahora, con la trayectoria que la compa\u00f1\u00eda ha seguido en otros proyectos, podr\u00eda tener cabida. <\/p>\n<p><strong>El resumen es sencillo:<\/strong> lo que dice Reuters es que Tesla estar\u00eda trabajando en un Model 2 similar a un <strong><a href=\"https:\/\/hipertextual.com\/movilidad\/tesla-lanza-por-fin-el-robotaxi\/\" target=\"_blank\" rel=\"noopener\">Robotaxi<\/a> con volante<\/strong>. La compa\u00f1\u00eda aprovechar\u00eda la base del coche aut\u00f3nomo para incluir un volante, pedales, algunos detalles extra y venderlo como ese veh\u00edculo barato que Elon Musk prometi\u00f3 hace ya varios a\u00f1os. <\/p>\n<p>La idea puede ser bastante interesante, sobre todo sabiendo que Tesla est\u00e1 concibiendo el Robotaxi como un veh\u00edculo que en sus primeros a\u00f1os solo tendr\u00e1 cabida en Estados Unidos. El resto de pa\u00edses, como Espa\u00f1a, donde la legislaci\u00f3n les dar\u00e1 m\u00e1s de un dolor de cabeza, <strong>un Robotaxi convertido a Model 2 con volante no parece una mala idea. <\/strong><\/p>\n<figure class=\"wp-block-image alignwide size-large\"><img decoding=\"async\" data-recalc-dims=\"1\" loading=\"lazy\" width=\"780\" height=\"439\" src=\"https:\/\/i0.wp.com\/imgs.hipertextual.com\/wp-content\/uploads\/2024\/10\/Tesla-Cybercab-Robotaxi-26-1500x844.jpg?resize=780%2C439&#038;quality=70&#038;strip=all&#038;ssl=1\" alt=\"Robotaxi Tesla model 2\" class=\"wp-image-1815865\" \/><\/figure>\n<div id=\"ez-toc-container\" class=\"ez-toc-v2_0_81 counter-hierarchy ez-toc-counter ez-toc-grey ez-toc-container-direction\">\n<div class=\"ez-toc-title-container\">\n<p class=\"ez-toc-title\" style=\"cursor:inherit\">Tabla de Contenido<\/p>\n<span class=\"ez-toc-title-toggle\"><a href=\"#\" class=\"ez-toc-pull-right ez-toc-btn ez-toc-btn-xs ez-toc-btn-default ez-toc-toggle\" aria-label=\"Alternar tabla de contenidos\"><span class=\"ez-toc-js-icon-con\"><span class=\"\"><span class=\"eztoc-hide\" style=\"display:none;\">Toggle<\/span><span class=\"ez-toc-icon-toggle-span\"><svg style=\"fill: #999;color:#999\" xmlns=\"http:\/\/www.w3.org\/2000\/svg\" class=\"list-377408\" width=\"20px\" height=\"20px\" viewBox=\"0 0 24 24\" fill=\"none\"><path d=\"M6 6H4v2h2V6zm14 0H8v2h12V6zM4 11h2v2H4v-2zm16 0H8v2h12v-2zM4 16h2v2H4v-2zm16 0H8v2h12v-2z\" fill=\"currentColor\"><\/path><\/svg><svg style=\"fill: #999;color:#999\" class=\"arrow-unsorted-368013\" xmlns=\"http:\/\/www.w3.org\/2000\/svg\" width=\"10px\" height=\"10px\" viewBox=\"0 0 24 24\" version=\"1.2\" baseProfile=\"tiny\"><path d=\"M18.2 9.3l-6.2-6.3-6.2 6.3c-.2.2-.3.4-.3.7s.1.5.3.7c.2.2.4.3.7.3h11c.3 0 .5-.1.7-.3.2-.2.3-.5.3-.7s-.1-.5-.3-.7zM5.8 14.7l6.2 6.3 6.2-6.3c.2-.2.3-.5.3-.7s-.1-.5-.3-.7c-.2-.2-.4-.3-.7-.3h-11c-.3 0-.5.1-.7.3-.2.2-.3.5-.3.7s.1.5.3.7z\"\/><\/svg><\/span><\/span><\/span><\/a><\/span><\/div>\n<nav><ul class='ez-toc-list ez-toc-list-level-1 ' ><li class='ez-toc-page-1 ez-toc-heading-level-2'><a class=\"ez-toc-link ez-toc-heading-1\" href=\"https:\/\/enfoquenoticioso.com\/?p=126367\/#El_Model_2_convertido_seria_mas_pequeno_mas_barato_y_mas_basico_que_un_Model_Y\" >El Model 2 convertido ser\u00eda m\u00e1s peque\u00f1o, m\u00e1s barato y m\u00e1s b\u00e1sico que un Model Y<\/a><\/li><\/ul><\/nav><\/div>\n<h2 class=\"wp-block-heading has-text-align-center\" id=\"h-el-model-2-convertido-seria-mas-pequeno-mas-barato-y-mas-basico-que-un-model-y\"><span class=\"ez-toc-section\" id=\"El_Model_2_convertido_seria_mas_pequeno_mas_barato_y_mas_basico_que_un_Model_Y\"><\/span>El Model 2 convertido ser\u00eda m\u00e1s peque\u00f1o, m\u00e1s barato y m\u00e1s b\u00e1sico que un Model Y<span class=\"ez-toc-section-end\"><\/span><\/h2>\n<p>La buena noticia, si hacemos caso a la informaci\u00f3n de Reuters, es que ya podemos saber c\u00f3mo ser\u00eda, m\u00e1s o menos, el supuesto nuevo Model 2. El Robotaxi actual est\u00e1 concebido como un<strong> SUV de dimensiones reducidas<\/strong> con un largo de 4,28 metros y capacidad para 4 ocupantes. <\/p>\n<p>A nivel t\u00e9cnico, <strong>es menos potente que un Model Y, m\u00e1s peque\u00f1o y m\u00e1s ligero<\/strong>. Tesla podr\u00eda dejar de lado las versiones <em>dual motor<\/em> e incluir una bater\u00eda m\u00e1s peque\u00f1a para simplificar el modelo y poder llegar a ese precio prometido de 25.000 d\u00f3lares. Y, aunque puede parecer decepcionante recortar en casi todo, lo cierto es que lo hace de una base muy completa. <\/p>\n<p>El Model Y es uno de los mejores coches el\u00e9ctricos del momento, y en su versi\u00f3n est\u00e1ndar cuenta con m\u00e1s de 600 km de autonom\u00eda, <strong>por lo que un Model 2 con 450-500 km<\/strong>, una carga r\u00e1pida y la posibilidad de aprovecharse de la red de cargadores de Tesla suena m\u00e1s que jugoso por unos 25.000-30.000 euros. <\/p>\n<p>Ahora bien, <strong>no debes esperarlo para ya mismo. <\/strong>La fuente citada habla de un posible anuncio para 2027 y una <strong>puesta en venta en 2028<\/strong>. Por lo tanto, todav\u00eda toca esperar para poder echarle el guante a este supuesto Tesla Model 2 barato que lleva a\u00f1os en el tintero. <\/p>\n<p>Seguir leyendo: <a href=\"https:\/\/hipertextual.com\/movilidad\/25-000-euros-suv-y-100-electrico-tesla-vuelve-a-la-carga-con-el-model-2-el-hermano-pequeno-del-model-y\/\" target=\"_blank\" rel=\"noopener\">25.000 euros, SUV y 100% el\u00e9ctrico: Tesla vuelve a la carga con el Model 2, el hermano peque\u00f1o del Model Y<\/a><\/p>\n<p><a href=\"https:\/\/hipertextual.com\/movilidad\/25-000-euros-suv-y-100-electrico-tesla-vuelve-a-la-carga-con-el-model-2-el-hermano-pequeno-del-model-y\/\" class=\" target=\" title=\"25.000 euros, SUV y 100% el\u00e9ctrico: Tesla vuelve a la carga con el Model 2, el hermano peque\u00f1o del Model Y\" target=\"_blank\" rel=\"noopener\">Ver fuente<\/a><\/p>\n","protected":false},"excerpt":{"rendered":"<p>Esta semana se cumplen dos a\u00f1os desde que Reuters y Elon Musk tuvieran una disputa de afirmaciones sobre el Tesla Model 2. El medio afirmaba que el magnate hab\u00eda cancelado el coche barato de la compa\u00f1\u00eda, mientras que el propio Musk desment\u00eda esas declaraciones. Seg\u00fan \u00e9l, el proyecto segu\u00eda en pie. 700 d\u00edas m\u00e1s tarde, [&hellip;]<\/p>\n","protected":false},"author":2,"featured_media":126368,"comment_status":"open","ping_status":"closed","sticky":false,"template":"","format":"standard","meta":{"footnotes":""},"categories":[9],"tags":[],"class_list":["post-126367","post","type-post","status-publish","format-standard","has-post-thumbnail","hentry","category-tecnologia"],"_links":{"self":[{"href":"https:\/\/enfoquenoticioso.com\/index.php?rest_route=\/wp\/v2\/posts\/126367","targetHints":{"allow":["GET"]}}],"collection":[{"href":"https:\/\/enfoquenoticioso.com\/index.php?rest_route=\/wp\/v2\/posts"}],"about":[{"href":"https:\/\/enfoquenoticioso.com\/index.php?rest_route=\/wp\/v2\/types\/post"}],"author":[{"embeddable":true,"href":"https:\/\/enfoquenoticioso.com\/index.php?rest_route=\/wp\/v2\/users\/2"}],"replies":[{"embeddable":true,"href":"https:\/\/enfoquenoticioso.com\/index.php?rest_route=%2Fwp%2Fv2%2Fcomments&post=126367"}],"version-history":[{"count":0,"href":"https:\/\/enfoquenoticioso.com\/index.php?rest_route=\/wp\/v2\/posts\/126367\/revisions"}],"wp:featuredmedia":[{"embeddable":true,"href":"https:\/\/enfoquenoticioso.com\/index.php?rest_route=\/wp\/v2\/media\/126368"}],"wp:attachment":[{"href":"https:\/\/enfoquenoticioso.com\/index.php?rest_route=%2Fwp%2Fv2%2Fmedia&parent=126367"}],"wp:term":[{"taxonomy":"category","embeddable":true,"href":"https:\/\/enfoquenoticioso.com\/index.php?rest_route=%2Fwp%2Fv2%2Fcategories&post=126367"},{"taxonomy":"post_tag","embeddable":true,"href":"https:\/\/enfoquenoticioso.com\/index.php?rest_route=%2Fwp%2Fv2%2Ftags&post=126367"}],"curies":[{"name":"wp","href":"https:\/\/api.w.org\/{rel}","templated":true}]}}