{"id":126377,"date":"2026-04-10T14:25:02","date_gmt":"2026-04-10T14:25:02","guid":{"rendered":"https:\/\/enfoquenoticioso.com\/?p=126377"},"modified":"2026-04-10T14:25:02","modified_gmt":"2026-04-10T14:25:02","slug":"artemis-ii-regresa-hoy-a-la-tierra-horario-del-amerizaje-para-espana-y-latinoamerica-y-como-verlo","status":"publish","type":"post","link":"https:\/\/enfoquenoticioso.com\/?p=126377","title":{"rendered":"Artemis II regresa hoy a la Tierra: horario del amerizaje para Espa\u00f1a y Latinoam\u00e9rica, y c\u00f3mo verlo"},"content":{"rendered":"<figure><img loading=\"lazy\" decoding=\"async\" width=\"1024\" height=\"576\" src=\"https:\/\/i0.wp.com\/imgs.hipertextual.com\/wp-content\/uploads\/2026\/04\/art002e013356large.jpg?fit=1024%2C576&amp;quality=70&amp;strip=all&amp;ssl=1\" class=\"attachment-rss-image-size size-rss-image-size wp-post-image\" alt=\"\" \/><\/figure>\n<p>El viaje de <strong>Artemis II<\/strong> est\u00e1 a unas pocas horas de llegar a su final. La \u00e9pica conclusi\u00f3n a la misi\u00f3n que llev\u00f3 a los humanos de regreso a la \u00f3rbita de la Luna tras m\u00e1s de 50 a\u00f1os se producir\u00e1 este viernes por la noche, cuando la c\u00e1psula <strong>Orion<\/strong> concrete su <strong>amerizaje<\/strong> en el <strong>Oc\u00e9ano Pac\u00edfico<\/strong>.<\/p>\n<p>De esta manera, los astronautas <strong>Reid Wiseman<\/strong>, <strong>Victor Glover<\/strong>, <strong>Christina Koch<\/strong> y <strong>Jeremy Hansen<\/strong> volver\u00e1n a casa tras 10 d\u00edas. Artemis II ha captado la atenci\u00f3n de todo el mundo y nos ha regalado algunas de las postales m\u00e1s espectaculares de la superficie lunar, gracias al sobrevuelo que se concret\u00f3 d\u00edas atr\u00e1s.<\/p>\n<p>La tripulaci\u00f3n de Artemis II tambi\u00e9n completa su misi\u00f3n con un nuevo r\u00e9cord, pues ha batido la marca de <a href=\"https:\/\/hipertextual.com\/ciencia\/artemis-ii-rompe-record-distancia-apolo-13\/\" target=\"_blank\" rel=\"noopener\">mayor distancia desde la Tierra para una nave tripulada<\/a> que estaba en poder del Apolo 13 desde 1970. Un hito que ratifica la importancia del programa para la exploraci\u00f3n humana del espacio profundo, cuyo pr\u00f3ximo gran objetivo es volver a pisar la superficie de la Luna.<\/p>\n<p>Si estuviste pendiente de toda la misi\u00f3n Artemis II, seguramente no quieras perderte del amerizaje. Claro que antes de terminar en las aguas del Oc\u00e9ano Pac\u00edfico, la c\u00e1psula tendr\u00e1 que completar exitosamente la separaci\u00f3n con el m\u00f3dulo de servicio y su <strong>reingreso a la atm\u00f3sfera terrestre<\/strong>. A continuaci\u00f3n te brindaremos detalles m\u00e1s espec\u00edficos de todo el proceso y a qu\u00e9 hora se estar\u00e1 concretando.<\/p>\n<div id=\"ez-toc-container\" class=\"ez-toc-v2_0_81 counter-hierarchy ez-toc-counter ez-toc-grey ez-toc-container-direction\">\n<div class=\"ez-toc-title-container\">\n<p class=\"ez-toc-title\" style=\"cursor:inherit\">Tabla de Contenido<\/p>\n<span class=\"ez-toc-title-toggle\"><a href=\"#\" class=\"ez-toc-pull-right ez-toc-btn ez-toc-btn-xs ez-toc-btn-default ez-toc-toggle\" aria-label=\"Alternar tabla de contenidos\"><span class=\"ez-toc-js-icon-con\"><span class=\"\"><span class=\"eztoc-hide\" style=\"display:none;\">Toggle<\/span><span class=\"ez-toc-icon-toggle-span\"><svg style=\"fill: #999;color:#999\" xmlns=\"http:\/\/www.w3.org\/2000\/svg\" class=\"list-377408\" width=\"20px\" height=\"20px\" viewBox=\"0 0 24 24\" fill=\"none\"><path d=\"M6 6H4v2h2V6zm14 0H8v2h12V6zM4 11h2v2H4v-2zm16 0H8v2h12v-2zM4 16h2v2H4v-2zm16 0H8v2h12v-2z\" fill=\"currentColor\"><\/path><\/svg><svg style=\"fill: #999;color:#999\" class=\"arrow-unsorted-368013\" xmlns=\"http:\/\/www.w3.org\/2000\/svg\" width=\"10px\" height=\"10px\" viewBox=\"0 0 24 24\" version=\"1.2\" baseProfile=\"tiny\"><path d=\"M18.2 9.3l-6.2-6.3-6.2 6.3c-.2.2-.3.4-.3.7s.1.5.3.7c.2.2.4.3.7.3h11c.3 0 .5-.1.7-.3.2-.2.3-.5.3-.7s-.1-.5-.3-.7zM5.8 14.7l6.2 6.3 6.2-6.3c.2-.2.3-.5.3-.7s-.1-.5-.3-.7c-.2-.2-.4-.3-.7-.3h-11c-.3 0-.5.1-.7.3-.2.2-.3.5-.3.7s.1.5.3.7z\"\/><\/svg><\/span><\/span><\/span><\/a><\/span><\/div>\n<nav><ul class='ez-toc-list ez-toc-list-level-1 ' ><li class='ez-toc-page-1 ez-toc-heading-level-2'><a class=\"ez-toc-link ez-toc-heading-1\" href=\"https:\/\/enfoquenoticioso.com\/?p=126377\/#Como_sera_el_regreso_a_la_Tierra_de_Artemis_II\" >C\u00f3mo ser\u00e1 el regreso a la Tierra de Artemis II<\/a><\/li><li class='ez-toc-page-1 ez-toc-heading-level-2'><a class=\"ez-toc-link ez-toc-heading-2\" href=\"https:\/\/enfoquenoticioso.com\/?p=126377\/#Horarios_del_amerizaje_y_como_verlo\" >Horarios del amerizaje y c\u00f3mo verlo<\/a><\/li><\/ul><\/nav><\/div>\n<h2 class=\"wp-block-heading\" id=\"h-como-sera-el-regreso-a-la-tierra-de-artemis-ii\"><span class=\"ez-toc-section\" id=\"Como_sera_el_regreso_a_la_Tierra_de_Artemis_II\"><\/span>C\u00f3mo ser\u00e1 el regreso a la Tierra de Artemis II<span class=\"ez-toc-section-end\"><\/span><\/h2>\n<figure class=\"wp-block-image alignwide size-large\"><img loading=\"lazy\" decoding=\"async\" data-recalc-dims=\"1\" width=\"780\" height=\"585\" src=\"https:\/\/i0.wp.com\/imgs.hipertextual.com\/wp-content\/uploads\/2026\/04\/art002e012476large-1500x1125.jpg?resize=780%2C585&#038;quality=70&#038;strip=all&#038;ssl=1\" alt=\"C\u00f3mo ser\u00e1 el regreso a la Tierra de Artemis II | amerizaje\" class=\"wp-image-1881622\" \/><figcaption class=\"wp-element-caption\">Foto: NASA.<\/figcaption><\/figure>\n<p>Tal y como indicamos previamente, el primer evento cr\u00edtico de la jornada para el regreso de Artemis II ser\u00e1 <strong>la separaci\u00f3n de Orion del m\u00f3dulo de servicio<\/strong>. Esto se producir\u00e1 a las 19:33, hora del Este de Estados Unidos; la 01:33 del s\u00e1bado 11 en Espa\u00f1a. Cuatro minutos m\u00e1s tarde el m\u00f3dulo que trae de regreso a la tripulaci\u00f3n har\u00e1 su \u00faltima maniobra de ajuste de la trayectoria, para luego concretar movimientos de balanceo que le permitir\u00e1n alejarse de forma segura de la porci\u00f3n de la nave de la que se ha desacoplado.<\/p>\n<p>La interfaz de entrada de Artemis II ser\u00e1 a 400.000 pies de altura, unos 13 minutos antes del amerizaje. Se espera en ese momento una p\u00e9rdida de comunicaci\u00f3n que se extender\u00e1 por unos 6 minutos, aproximadamente. Durante la secuencia de reingreso, Orion experimentar\u00e1 una temperatura m\u00e1xima de 5.000\u00b0 F, unos 2.760\u00b0 C, a una altura de 200.000 pies. Esta ser\u00e1 la prueba definitiva para el escudo t\u00e9rmico de la nave, que hab\u00eda sufrido algunos inconvenientes durante Artemis I.<\/p>\n<p>Orion desprender\u00e1 su cubierta delantera a una altura de 35.000 pies y desplegar\u00e1 sus <strong>paraca\u00eddas de frenado<\/strong> a los 22.000 pies. Los <strong>paraca\u00eddas principales<\/strong> se abrir\u00e1n en tres etapas entre los 6.800 y 5.000 pies de altura, para que la velocidad se reduzca lo suficiente para un amerizaje seguro. Completado el proceso, la c\u00e1psula tocar\u00e1 el agua frente a la costa de San Diego, California.<\/p>\n<p>El retiro de los astronautas del interior de la nave demorar\u00e1 al menos un par de horas. Para ello, la NASA trabajar\u00e1 en conjunto con la Armada y la Fuerza A\u00e9rea de Estados Unidos. Wiseman, Glover, Koch y Hansen ser\u00e1n trasladados al buque de asalto <strong>USS John P. Murtha<\/strong> para los chequeos m\u00e9dicos correspondientes. Posteriormente, volar\u00e1n a Houston, Texas; m\u00e1s precisamente, al Centro Espacial Johnson.<\/p>\n<h2 class=\"wp-block-heading\" id=\"h-horarios-del-amerizaje-y-como-verlo\"><span class=\"ez-toc-section\" id=\"Horarios_del_amerizaje_y_como_verlo\"><\/span>Horarios del amerizaje y c\u00f3mo verlo<span class=\"ez-toc-section-end\"><\/span><\/h2>\n<figure class=\"wp-block-embed is-type-video is-provider-youtube wp-block-embed-youtube wp-embed-aspect-16-9 wp-has-aspect-ratio\">\n<div class=\"wp-block-embed__wrapper\">\n<\/div>\n<\/figure>\n<p>El amerizaje de la c\u00e1psula Orion, que marcar\u00e1 el final de la misi\u00f3n Artemis II, est\u00e1 programado para las <strong>20:07, hora del Este<\/strong>. As\u00ed queda el horario para Espa\u00f1a y Latinoam\u00e9rica:<\/p>\n<ul class=\"wp-block-list\">\n<li><strong>Espa\u00f1a:<\/strong> 02:07 (s\u00e1bado 11 de abril);<\/li>\n<li><strong>Argentina, Uruguay, Brasil y Paraguay:<\/strong> 21:07;<\/li>\n<li><strong>Bolivia, Chile, Venezuela, Panam\u00e1, Rep\u00fablica Dominicana y Cuba:<\/strong> 20:07.<\/li>\n<li><strong>Per\u00fa, Ecuador y Colombia:<\/strong> 19:07.<\/li>\n<li><strong>M\u00e9xico (CDMX), Costa Rica, Guatemala, El Salvador, Honduras:<\/strong> 18:07.<\/li>\n<\/ul>\n<p>Tal y como ha ocurrido con el resto de la misi\u00f3n, todo lo que suceda con la misi\u00f3n Artemis II en su etapa final se podr\u00e1 seguir en directo a trav\u00e9s de <a href=\"https:\/\/www.youtube.com\/watch?v=nfhDuOHMp0A\" target=\"_blank\" rel=\"noopener\">YouTube<\/a>, NASA+, Netflix y HBO Max. La transmisi\u00f3n oficial del reingreso y posterior amerizaje <strong>se iniciar\u00e1 a las 18:30<\/strong>, hora del Este.<\/p>\n<p>Seguir leyendo: <a href=\"https:\/\/hipertextual.com\/ciencia\/amerizaje-artemis-ii-horario-espana-latinoamerica\/\" target=\"_blank\" rel=\"noopener\">Artemis II regresa hoy a la Tierra: horario del amerizaje para Espa\u00f1a y Latinoam\u00e9rica, y c\u00f3mo verlo<\/a><\/p>\n<p><a href=\"https:\/\/hipertextual.com\/ciencia\/amerizaje-artemis-ii-horario-espana-latinoamerica\/\" class=\" target=\" title=\"Artemis II regresa hoy a la Tierra: horario del amerizaje para Espa\u00f1a y Latinoam\u00e9rica, y c\u00f3mo verlo\" target=\"_blank\" rel=\"noopener\">Ver fuente<\/a><\/p>\n","protected":false},"excerpt":{"rendered":"<p>El viaje de Artemis II est\u00e1 a unas pocas horas de llegar a su final. La \u00e9pica conclusi\u00f3n a la misi\u00f3n que llev\u00f3 a los humanos de regreso a la \u00f3rbita de la Luna tras m\u00e1s de 50 a\u00f1os se producir\u00e1 este viernes por la noche, cuando la c\u00e1psula Orion concrete su amerizaje en el [&hellip;]<\/p>\n","protected":false},"author":2,"featured_media":126378,"comment_status":"open","ping_status":"closed","sticky":false,"template":"","format":"standard","meta":{"footnotes":""},"categories":[9],"tags":[],"class_list":["post-126377","post","type-post","status-publish","format-standard","has-post-thumbnail","hentry","category-tecnologia"],"_links":{"self":[{"href":"https:\/\/enfoquenoticioso.com\/index.php?rest_route=\/wp\/v2\/posts\/126377","targetHints":{"allow":["GET"]}}],"collection":[{"href":"https:\/\/enfoquenoticioso.com\/index.php?rest_route=\/wp\/v2\/posts"}],"about":[{"href":"https:\/\/enfoquenoticioso.com\/index.php?rest_route=\/wp\/v2\/types\/post"}],"author":[{"embeddable":true,"href":"https:\/\/enfoquenoticioso.com\/index.php?rest_route=\/wp\/v2\/users\/2"}],"replies":[{"embeddable":true,"href":"https:\/\/enfoquenoticioso.com\/index.php?rest_route=%2Fwp%2Fv2%2Fcomments&post=126377"}],"version-history":[{"count":0,"href":"https:\/\/enfoquenoticioso.com\/index.php?rest_route=\/wp\/v2\/posts\/126377\/revisions"}],"wp:featuredmedia":[{"embeddable":true,"href":"https:\/\/enfoquenoticioso.com\/index.php?rest_route=\/wp\/v2\/media\/126378"}],"wp:attachment":[{"href":"https:\/\/enfoquenoticioso.com\/index.php?rest_route=%2Fwp%2Fv2%2Fmedia&parent=126377"}],"wp:term":[{"taxonomy":"category","embeddable":true,"href":"https:\/\/enfoquenoticioso.com\/index.php?rest_route=%2Fwp%2Fv2%2Fcategories&post=126377"},{"taxonomy":"post_tag","embeddable":true,"href":"https:\/\/enfoquenoticioso.com\/index.php?rest_route=%2Fwp%2Fv2%2Ftags&post=126377"}],"curies":[{"name":"wp","href":"https:\/\/api.w.org\/{rel}","templated":true}]}}