{"id":126399,"date":"2026-04-10T18:02:03","date_gmt":"2026-04-10T18:02:03","guid":{"rendered":"https:\/\/enfoquenoticioso.com\/?p=126399"},"modified":"2026-04-10T18:02:03","modified_gmt":"2026-04-10T18:02:03","slug":"francia-inicia-su-transicion-historica-de-windows-a-linux-y-el-software-libre","status":"publish","type":"post","link":"https:\/\/enfoquenoticioso.com\/?p=126399","title":{"rendered":"Francia inicia su transici\u00f3n hist\u00f3rica de Windows a Linux y el software libre"},"content":{"rendered":"<figure><img loading=\"lazy\" decoding=\"async\" width=\"1024\" height=\"683\" src=\"https:\/\/i0.wp.com\/imgs.hipertextual.com\/wp-content\/uploads\/2025\/06\/linux-francia.jpg?fit=1024%2C683&amp;quality=70&amp;strip=all&amp;ssl=1\" class=\"attachment-rss-image-size size-rss-image-size wp-post-image\" alt=\"Linux en Francia\" \/><\/figure>\n<p><strong>Francia est\u00e1 lista para cambiarse a Linux<\/strong>. A casi un a\u00f1o de que <a href=\"https:\/\/hipertextual.com\/software\/francia-dice-adios-microsoft-adoptara-linux-software-libre\/\" target=\"_blank\" rel=\"noopener\">anunciara sus planes para adoptar el software libre<\/a> como base en todas las oficinas gubernamentales, el pa\u00eds galo confirm\u00f3 que comenzar\u00e1 a <strong>migrar algunos ordenadores que actualmente ejecutan Windows<\/strong> a Linux. La idea es recuperar la soberan\u00eda digital, algo que muchos pa\u00edses de la Uni\u00f3n Europea ya est\u00e1n llevando a cabo.<\/p>\n<p>De acuerdo con <a href=\"https:\/\/www.numerique.gouv.fr\/sinformer\/espace-presse\/souverainete-numerique-reduction-dependances-extra-europeennes\/\" target=\"_blank\" rel=\"noopener\">un comunicado de prensa<\/a>, la Direcci\u00f3n Interministerial de Asuntos Digitales de Francia (DINUM) llev\u00f3 a cabo un seminario con otras agencias estatales y especialistas para definir el plan de transici\u00f3n al software libre. Entre los puntos m\u00e1s importantes de esta reuni\u00f3n est\u00e1 la <strong>adopci\u00f3n de Linux como sistema operativo en ordenadores gubernamentales<\/strong>.<\/p>\n<p>\u00abLa DINUM anuncia su salida de Windows en favor de estaciones de trabajo bajo el sistema operativo Linux\u00bb, mencion\u00f3 el organismo. David Amiel, Ministro de Acci\u00f3n y Cuentas P\u00fablicas, dijo que el pa\u00eds debe desensibilizarse ante las herramientas estadounidenses y recuperar el control de su destino digital.<\/p>\n<figure class=\"wp-block-image size-large\"><img loading=\"lazy\" decoding=\"async\" data-recalc-dims=\"1\" width=\"780\" height=\"520\" src=\"https:\/\/i0.wp.com\/imgs.hipertextual.com\/wp-content\/uploads\/2025\/09\/Linux-Mint-Desktop-Software-Manager-1500x1000.jpg?resize=780%2C520&#038;quality=70&#038;strip=all&#038;ssl=1\" alt=\"\" class=\"wp-image-1859728\" \/><figcaption class=\"wp-element-caption\">Linux Mint<\/figcaption><\/figure>\n<p>La decisi\u00f3n llega a unos meses de que <strong>ciudades como Lyon<\/strong> comenzaran a instalar distros de <strong>Linux y OnlyOffice en las oficinas p\u00fablicas<\/strong>. \u00abYa no podemos aceptar que nuestros datos, nuestras infraestructuras y nuestras decisiones estrat\u00e9gicas dependan de soluciones sobre las que no tenemos control sobre las normas, precios, desarrollos y riesgos\u00bb, a\u00f1adi\u00f3 Amiel.<\/p>\n<p>Seg\u00fan el comunicado, la DINUM coordinar\u00e1 un plan interministerial para <strong>reducir la dependencia de software extranjero <\/strong>e inst\u00f3 a cada ministerio a formalizar su propio plan. La estrategia <strong>no solo incluye a Windows y Office<\/strong>, sino tambi\u00e9n otro software que forma parte del d\u00eda a d\u00eda en las operaciones del Estado. A los sistemas operativos y herramientas colaborativas se suman los antivirus, gestores de bases de datos, virtualizaci\u00f3n, IA y equipos de red.<\/p>\n<figure class=\"wp-block-image size-large\"><img decoding=\"async\" src=\"https:\/\/i0.wp.com\/imgs.hipertextual.com\/wp-content\/uploads\/2026\/01\/visio_hero-scaled.jpg\" alt=\"\" \/><figcaption class=\"wp-element-caption\">Visio, la app de videollamadas que reemplazar\u00e1 a Zoom y Google Meet en Francia.<\/figcaption><\/figure>\n<div id=\"ez-toc-container\" class=\"ez-toc-v2_0_81 counter-hierarchy ez-toc-counter ez-toc-grey ez-toc-container-direction\">\n<div class=\"ez-toc-title-container\">\n<p class=\"ez-toc-title\" style=\"cursor:inherit\">Tabla de Contenido<\/p>\n<span class=\"ez-toc-title-toggle\"><a href=\"#\" class=\"ez-toc-pull-right ez-toc-btn ez-toc-btn-xs ez-toc-btn-default ez-toc-toggle\" aria-label=\"Alternar tabla de contenidos\"><span class=\"ez-toc-js-icon-con\"><span class=\"\"><span class=\"eztoc-hide\" style=\"display:none;\">Toggle<\/span><span class=\"ez-toc-icon-toggle-span\"><svg style=\"fill: #999;color:#999\" xmlns=\"http:\/\/www.w3.org\/2000\/svg\" class=\"list-377408\" width=\"20px\" height=\"20px\" viewBox=\"0 0 24 24\" fill=\"none\"><path d=\"M6 6H4v2h2V6zm14 0H8v2h12V6zM4 11h2v2H4v-2zm16 0H8v2h12v-2zM4 16h2v2H4v-2zm16 0H8v2h12v-2z\" fill=\"currentColor\"><\/path><\/svg><svg style=\"fill: #999;color:#999\" class=\"arrow-unsorted-368013\" xmlns=\"http:\/\/www.w3.org\/2000\/svg\" width=\"10px\" height=\"10px\" viewBox=\"0 0 24 24\" version=\"1.2\" baseProfile=\"tiny\"><path d=\"M18.2 9.3l-6.2-6.3-6.2 6.3c-.2.2-.3.4-.3.7s.1.5.3.7c.2.2.4.3.7.3h11c.3 0 .5-.1.7-.3.2-.2.3-.5.3-.7s-.1-.5-.3-.7zM5.8 14.7l6.2 6.3 6.2-6.3c.2-.2.3-.5.3-.7s-.1-.5-.3-.7c-.2-.2-.4-.3-.7-.3h-11c-.3 0-.5.1-.7.3-.2.2-.3.5-.3.7s.1.5.3.7z\"\/><\/svg><\/span><\/span><\/span><\/a><\/span><\/div>\n<nav><ul class='ez-toc-list ez-toc-list-level-1 ' ><li class='ez-toc-page-1 ez-toc-heading-level-2'><a class=\"ez-toc-link ez-toc-heading-1\" href=\"https:\/\/enfoquenoticioso.com\/?p=126399\/#Linux_y_el_software_libre_son_el_futuro_de_Francia\" >Linux y el software libre son el futuro de Francia<\/a><\/li><\/ul><\/nav><\/div>\n<h2 class=\"wp-block-heading\" id=\"h-linux-y-el-software-libre-son-el-futuro-de-francia\"><span class=\"ez-toc-section\" id=\"Linux_y_el_software_libre_son_el_futuro_de_Francia\"><\/span>Linux y el software libre son el futuro de Francia<span class=\"ez-toc-section-end\"><\/span><\/h2>\n<p>Francia no revel\u00f3 qu\u00e9 <strong>distribuciones de Linux<\/strong> considera para las oficinas de gobierno o el tiempo que llevar\u00e1 el proceso de migraci\u00f3n. El comunicado menciona que ser\u00e1 responsabilidad del Departamento Estatal de Contrataci\u00f3n y la Direcci\u00f3n General de Empresas llevar a cabo un mapeo y diagn\u00f3stico de las dependencias. Con esta informaci\u00f3n se podr\u00e1 definir un calendario para que el pa\u00eds adopte el software libre.<\/p>\n<p>\u00abLa transici\u00f3n est\u00e1 en marcha\u00bb, mencion\u00f3 Amiel. \u00abNuestros ministerios, operadores y socios industriales est\u00e1n ahora embarc\u00e1ndose en un enfoque sin precedentes para mapear nuestras dependencias y fortalecer nuestra soberan\u00eda digital\u00bb.<\/p>\n<p>Junto con Linux, la DINUM mencion\u00f3 que el Fondo Nacional de Seguro de Salud migr\u00f3 a sus empleados a Visio, <a href=\"https:\/\/hipertextual.com\/software\/francia-reemplaza-microsoft-google-app-visio\/\" target=\"_blank\" rel=\"noopener\">la app libre de videollamadas<\/a>. Los funcionarios utilizar\u00e1n este software como herramienta de comunicaci\u00f3n, as\u00ed como FranceTransfert para enviar archivos y Tchap para mensajer\u00eda instant\u00e1nea.<\/p>\n<p>Estos tres forman parte de una suite que tiene el objetivo de reemplazar el software de Microsoft, Google y otras empresas estadounidenses. Hace unos meses, el ministro Amiel revel\u00f3 que <a href=\"https:\/\/hipertextual.com\/software\/francia-reemplaza-microsoft-google-app-visio\/\" target=\"_blank\" rel=\"noopener\">Visio ya contaba con 40.000 usuarios y ten\u00eda el objetivo de ampliarse a 200.000 en dos a\u00f1os<\/a>. Uno de los primeros en adoptarla es el Centro Nacional para la Investigaci\u00f3n Cient\u00edfica, donde los investigadores tendr\u00e1n que olvidarse de Zoom para sus videollamadas.<\/p>\n<p>Seguir leyendo: <a href=\"https:\/\/hipertextual.com\/software\/francia-inicia-su-transicion-historica-de-windows-a-linux-y-el-software-libre\/\" target=\"_blank\" rel=\"noopener\">Francia inicia su transici\u00f3n hist\u00f3rica de Windows a Linux y el software libre<\/a><\/p>\n<p><a href=\"https:\/\/hipertextual.com\/software\/francia-inicia-su-transicion-historica-de-windows-a-linux-y-el-software-libre\/\" class=\" target=\" title=\"Francia inicia su transici\u00f3n hist\u00f3rica de Windows a Linux y el software libre\" target=\"_blank\" rel=\"noopener\">Ver fuente<\/a><\/p>\n","protected":false},"excerpt":{"rendered":"<p>Francia est\u00e1 lista para cambiarse a Linux. A casi un a\u00f1o de que anunciara sus planes para adoptar el software libre como base en todas las oficinas gubernamentales, el pa\u00eds galo confirm\u00f3 que comenzar\u00e1 a migrar algunos ordenadores que actualmente ejecutan Windows a Linux. La idea es recuperar la soberan\u00eda digital, algo que muchos pa\u00edses [&hellip;]<\/p>\n","protected":false},"author":2,"featured_media":126400,"comment_status":"open","ping_status":"closed","sticky":false,"template":"","format":"standard","meta":{"footnotes":""},"categories":[9],"tags":[],"class_list":["post-126399","post","type-post","status-publish","format-standard","has-post-thumbnail","hentry","category-tecnologia"],"_links":{"self":[{"href":"https:\/\/enfoquenoticioso.com\/index.php?rest_route=\/wp\/v2\/posts\/126399","targetHints":{"allow":["GET"]}}],"collection":[{"href":"https:\/\/enfoquenoticioso.com\/index.php?rest_route=\/wp\/v2\/posts"}],"about":[{"href":"https:\/\/enfoquenoticioso.com\/index.php?rest_route=\/wp\/v2\/types\/post"}],"author":[{"embeddable":true,"href":"https:\/\/enfoquenoticioso.com\/index.php?rest_route=\/wp\/v2\/users\/2"}],"replies":[{"embeddable":true,"href":"https:\/\/enfoquenoticioso.com\/index.php?rest_route=%2Fwp%2Fv2%2Fcomments&post=126399"}],"version-history":[{"count":0,"href":"https:\/\/enfoquenoticioso.com\/index.php?rest_route=\/wp\/v2\/posts\/126399\/revisions"}],"wp:featuredmedia":[{"embeddable":true,"href":"https:\/\/enfoquenoticioso.com\/index.php?rest_route=\/wp\/v2\/media\/126400"}],"wp:attachment":[{"href":"https:\/\/enfoquenoticioso.com\/index.php?rest_route=%2Fwp%2Fv2%2Fmedia&parent=126399"}],"wp:term":[{"taxonomy":"category","embeddable":true,"href":"https:\/\/enfoquenoticioso.com\/index.php?rest_route=%2Fwp%2Fv2%2Fcategories&post=126399"},{"taxonomy":"post_tag","embeddable":true,"href":"https:\/\/enfoquenoticioso.com\/index.php?rest_route=%2Fwp%2Fv2%2Ftags&post=126399"}],"curies":[{"name":"wp","href":"https:\/\/api.w.org\/{rel}","templated":true}]}}