{"id":126591,"date":"2026-04-12T11:23:03","date_gmt":"2026-04-12T11:23:03","guid":{"rendered":"https:\/\/enfoquenoticioso.com\/?p=126591"},"modified":"2026-04-12T11:23:03","modified_gmt":"2026-04-12T11:23:03","slug":"el-panel-de-control-de-windows-11-va-a-desaparecer-muy-pronto","status":"publish","type":"post","link":"https:\/\/enfoquenoticioso.com\/?p=126591","title":{"rendered":"El Panel de Control de Windows 11 va a desaparecer muy pronto"},"content":{"rendered":"<figure><img loading=\"lazy\" decoding=\"async\" width=\"1024\" height=\"576\" src=\"https:\/\/i0.wp.com\/imgs.hipertextual.com\/wp-content\/uploads\/2026\/04\/panel-control-windows-11.jpg?fit=1024%2C576&amp;quality=70&amp;strip=all&amp;ssl=1\" class=\"attachment-rss-image-size size-rss-image-size wp-post-image\" alt=\"\" \/><\/figure>\n<p>Durante a\u00f1os, <strong>Windows 11 ha convivido con una incoherencia visual<\/strong> que no pasa desapercibida. Seguramente te ha pasado que al abrir ciertos ajustes, el sistema operativo <strong>redirige al viejo Panel de control<\/strong>, una herramienta con m\u00e1s de cuatro d\u00e9cadas de antig\u00fcedad cuya interfaz choca de frente con el dise\u00f1o moderno que Microsoft prometi\u00f3 en 2021. La buena noticia es que la compa\u00f1\u00eda ha confirmado que ese problema est\u00e1 en su lista de prioridades y que los cambios llegar\u00e1n con la actualizaci\u00f3n de abril.<\/p>\n<p>March Rogers, director de dise\u00f1o de Microsoft, <a href=\"https:\/\/x.com\/marchr\/status\/2040510903951516126\">anunci\u00f3 en su cuenta de X<\/a> que su equipo <strong>trabaja activamente en mejorar el dise\u00f1o<\/strong> de distintos elementos de Windows 11, comenzando por la aplicaci\u00f3n de Configuraci\u00f3n.<\/p>\n<p><strong>Microsoft redise\u00f1ar\u00e1 varias p\u00e1ginas de Configuraci\u00f3n<\/strong> para reducir la saturaci\u00f3n de informaci\u00f3n, corregir\u00e1 los cuadros de di\u00e1logo de cuentas para que respeten el modo oscuro del sistema, mejorar\u00e1 la p\u00e1gina de ajustes del l\u00e1piz \u00f3ptico y ampliar\u00e1 la integraci\u00f3n del Narrador con Copilot a m\u00e1s dispositivos. Adem\u00e1s, los usuarios que ya instalaron la actualizaci\u00f3n opcional de marzo pueden renombrar archivos en el Explorador de archivos usando su voz.<\/p>\n<figure class=\"wp-block-embed is-type-rich is-provider-twitter wp-block-embed-twitter\">\n<div class=\"wp-block-embed__wrapper\">\n<div class=\"embed-twitter\">\n<blockquote class=\"twitter-tweet\" data-width=\"550\" data-dnt=\"true\">\n<p lang=\"en\" dir=\"ltr\">1\/2 We&#039;re really focusing on design craft in Windows at the moment. There is still lots to do but this is the kind of work I love seeing ship: Settings pages redesigned for clarity, account dialogs updated for dark mode, Narrator working with Copilot on all devices&#8230;<\/p>\n<p>&mdash; March Rogers (@marchr) <a href=\"https:\/\/twitter.com\/marchr\/status\/2040510903951516126?ref_src=twsrc%5Etfw\" target=\"_blank\" rel=\"noopener\">April 4, 2026<\/a><\/p><\/blockquote>\n<\/div>\n<\/div>\n<\/figure>\n<div id=\"ez-toc-container\" class=\"ez-toc-v2_0_81 counter-hierarchy ez-toc-counter ez-toc-grey ez-toc-container-direction\">\n<div class=\"ez-toc-title-container\">\n<p class=\"ez-toc-title\" style=\"cursor:inherit\">Tabla de Contenido<\/p>\n<span class=\"ez-toc-title-toggle\"><a href=\"#\" class=\"ez-toc-pull-right ez-toc-btn ez-toc-btn-xs ez-toc-btn-default ez-toc-toggle\" aria-label=\"Alternar tabla de contenidos\"><span class=\"ez-toc-js-icon-con\"><span class=\"\"><span class=\"eztoc-hide\" style=\"display:none;\">Toggle<\/span><span class=\"ez-toc-icon-toggle-span\"><svg style=\"fill: #999;color:#999\" xmlns=\"http:\/\/www.w3.org\/2000\/svg\" class=\"list-377408\" width=\"20px\" height=\"20px\" viewBox=\"0 0 24 24\" fill=\"none\"><path d=\"M6 6H4v2h2V6zm14 0H8v2h12V6zM4 11h2v2H4v-2zm16 0H8v2h12v-2zM4 16h2v2H4v-2zm16 0H8v2h12v-2z\" fill=\"currentColor\"><\/path><\/svg><svg style=\"fill: #999;color:#999\" class=\"arrow-unsorted-368013\" xmlns=\"http:\/\/www.w3.org\/2000\/svg\" width=\"10px\" height=\"10px\" viewBox=\"0 0 24 24\" version=\"1.2\" baseProfile=\"tiny\"><path d=\"M18.2 9.3l-6.2-6.3-6.2 6.3c-.2.2-.3.4-.3.7s.1.5.3.7c.2.2.4.3.7.3h11c.3 0 .5-.1.7-.3.2-.2.3-.5.3-.7s-.1-.5-.3-.7zM5.8 14.7l6.2 6.3 6.2-6.3c.2-.2.3-.5.3-.7s-.1-.5-.3-.7c-.2-.2-.4-.3-.7-.3h-11c-.3 0-.5.1-.7.3-.2.2-.3.5-.3.7s.1.5.3.7z\"\/><\/svg><\/span><\/span><\/span><\/a><\/span><\/div>\n<nav><ul class='ez-toc-list ez-toc-list-level-1 ' ><li class='ez-toc-page-1 ez-toc-heading-level-2'><a class=\"ez-toc-link ez-toc-heading-1\" href=\"https:\/\/enfoquenoticioso.com\/?p=126591\/#El_Panel_de_control_lleva_40_anos_en_Windows_y_aun_no_tiene_sustituto_completo\" >El Panel de control lleva 40 a\u00f1os en Windows y a\u00fan no tiene sustituto completo<\/a><\/li><li class='ez-toc-page-1 ez-toc-heading-level-2'><a class=\"ez-toc-link ez-toc-heading-2\" href=\"https:\/\/enfoquenoticioso.com\/?p=126591\/#Que_cambios_llegaran_en_abril_a_Windows_11\" >Qu\u00e9 cambios llegar\u00e1n en abril a Windows 11<\/a><\/li><\/ul><\/nav><\/div>\n<h2 class=\"wp-block-heading\" id=\"h-el-panel-de-control-lleva-40-anos-en-windows-y-aun-no-tiene-sustituto-completo\"><span class=\"ez-toc-section\" id=\"El_Panel_de_control_lleva_40_anos_en_Windows_y_aun_no_tiene_sustituto_completo\"><\/span>El Panel de control lleva 40 a\u00f1os en Windows y a\u00fan no tiene sustituto completo<span class=\"ez-toc-section-end\"><\/span><\/h2>\n<p>La migraci\u00f3n completa del Panel de control a la aplicaci\u00f3n de Configuraci\u00f3n es un objetivo que Microsoft persigue desde hace tiempo, pero que sigue sin materializarse del todo. Rogers <a href=\"https:\/\/x.com\/marchr\/status\/2041138177818128454\">confirm\u00f3 en su cuenta de X<\/a> que su equipo <strong>est\u00e1 trasladando todos los controles del Panel de control a la aplicaci\u00f3n moderna<\/strong>, aunque advirti\u00f3 que el proceso avanza despacio por una raz\u00f3n de peso: la compatibilidad con controladores y dispositivos.<\/p>\n<figure class=\"wp-block-image size-full\"><img loading=\"lazy\" decoding=\"async\" data-recalc-dims=\"1\" width=\"780\" height=\"439\" src=\"https:\/\/i0.wp.com\/imgs.hipertextual.com\/wp-content\/uploads\/2026\/04\/panel-control-windows-11-1.jpg?resize=780%2C439&#038;quality=70&#038;strip=all&#038;ssl=1\" alt=\"\" class=\"wp-image-1881544\" \/><\/figure>\n<figure class=\"wp-block-gallery has-nested-images columns-default is-cropped wp-block-gallery-1 is-layout-flex wp-block-gallery-is-layout-flex\">\n<figure class=\"wp-block-image size-large\"><img loading=\"lazy\" decoding=\"async\" data-recalc-dims=\"1\" width=\"780\" height=\"546\" data-id=\"1808250\" src=\"https:\/\/i0.wp.com\/imgs.hipertextual.com\/wp-content\/uploads\/2024\/08\/panel-de-control.jpg?resize=780%2C546&#038;quality=70&#038;strip=all&#038;ssl=1\" alt=\"\" class=\"wp-image-1808250\" \/><figcaption class=\"wp-element-caption\">Panel de Control en Windows 10<\/figcaption><\/figure>\n<figure class=\"wp-block-image size-large\"><img decoding=\"async\" data-recalc-dims=\"1\" loading=\"lazy\" width=\"780\" height=\"585\" data-id=\"1808249\" src=\"https:\/\/i0.wp.com\/imgs.hipertextual.com\/wp-content\/uploads\/2024\/08\/panel-de-control-vista.jpg?resize=780%2C585&#038;quality=70&#038;strip=all&#038;ssl=1\" alt=\"\" class=\"wp-image-1808249\" \/><figcaption class=\"wp-element-caption\">Panel de Control en Windows 7<\/figcaption><\/figure>\n<\/figure>\n<p><strong><a href=\"https:\/\/hipertextual.com\/software\/windows-11-fin-drivers-v3-v4-impresoras\/\" target=\"_blank\" rel=\"noopener\">Windows 11 soporta hardware de d\u00e9cadas de antig\u00fcedad<\/a><\/strong>, algo que no ocurre en macOS, donde Apple ha eliminado progresivamente el soporte para tecnolog\u00edas antiguas. Esa compatibilidad es una de las grandes ventajas del sistema de Microsoft, pero tambi\u00e9n <strong>el principal obst\u00e1culo para retirar el Panel de control<\/strong> sin romper nada en el camino. El Administrador de dispositivos, por ejemplo, sigue siendo parte del Panel de control y resulta imprescindible para gestionar controladores de forma manual.<\/p>\n<p>Algunos flujos de trabajo habituales, como <strong>a\u00f1adir una impresora manualmente<\/strong> o configurar ciertos par\u00e1metros de red, <strong>todav\u00eda redirigen al Panel de control<\/strong> incluso cuando el usuario parte desde la aplicaci\u00f3n de Configuraci\u00f3n.<\/p>\n<p>Microsoft no ha ofrecido una fecha concreta para completar la transici\u00f3n, pero el hecho de que Rogers lo haya reconocido p\u00fablicamente supone un paso relevante.<\/p>\n<figure class=\"wp-block-image size-full\"><img decoding=\"async\" data-recalc-dims=\"1\" loading=\"lazy\" width=\"780\" height=\"520\" src=\"https:\/\/i0.wp.com\/imgs.hipertextual.com\/wp-content\/uploads\/2026\/04\/motion-resourceful.gif?resize=780%2C520&#038;quality=70&#038;strip=all&#038;ssl=1\" alt=\"\" class=\"wp-image-1881543\" \/><figcaption class=\"wp-element-caption\">Lenguaje de dise\u00f1o de Windows 11<\/figcaption><\/figure>\n<h2 class=\"wp-block-heading\" id=\"h-que-cambios-llegaran-en-abril-a-windows-11\"><span class=\"ez-toc-section\" id=\"Que_cambios_llegaran_en_abril_a_Windows_11\"><\/span>Qu\u00e9 cambios llegar\u00e1n en abril a Windows 11<span class=\"ez-toc-section-end\"><\/span><\/h2>\n<p>El paquete de <strong>mejoras de dise\u00f1o que llegar\u00e1 para Windows 11 en abril de 2026 <\/strong>se resume en cuatro puntos principales:<\/p>\n<ul class=\"wp-block-list\">\n<li>Las p\u00e1ginas de Configuraci\u00f3n recibir\u00e1n un redise\u00f1o orientado a la claridad, eliminando informaci\u00f3n redundante que actualmente satura algunas secciones.<\/li>\n<li>Los cuadros de di\u00e1logo de cuentas se adaptar\u00e1n al modo oscuro, corrigiendo una incoherencia que resultaba especialmente visible al intentar a\u00f1adir un nuevo usuario con el tema oscuro activado.<\/li>\n<li>La p\u00e1gina de ajustes del l\u00e1piz \u00f3ptico, sin actualizaciones significativas desde hace a\u00f1os, recibir\u00e1 mejoras acordes al crecimiento del segmento de port\u00e1tiles 2 en 1.<\/li>\n<li>Por \u00faltimo, el Narrador ampliar\u00e1 su integraci\u00f3n con Copilot a un mayor n\u00famero de dispositivos.<\/li>\n<\/ul>\n<p>La combinaci\u00f3n de estas actualizaciones con la promesa de completar la migraci\u00f3n del Panel de control apunta a que 2026 ser\u00e1 un a\u00f1o de cambios estructurales. <strong>El dise\u00f1o de Windows 11 va a cambiar<\/strong>, y el punto de partida ser\u00e1 la aplicaci\u00f3n que m\u00e1s tiempo llevan los usuarios frente a ella.<\/p>\n<p>Seguir leyendo: <a href=\"https:\/\/hipertextual.com\/software\/windows-11-reemplazo-panel-control-actualizacion\/\" target=\"_blank\" rel=\"noopener\">El Panel de Control de Windows 11 va a desaparecer muy pronto<\/a><\/p>\n<p><script async src=\"https:\/\/platform.twitter.com\/widgets.js\" charset=\"utf-8\"><\/script><br \/>\n<br \/><a href=\"https:\/\/hipertextual.com\/software\/windows-11-reemplazo-panel-control-actualizacion\/\" class=\" target=\" title=\"El Panel de Control de Windows 11 va a desaparecer muy pronto\" target=\"_blank\" rel=\"noopener\">Ver fuente<\/a><\/p>\n","protected":false},"excerpt":{"rendered":"<p>Durante a\u00f1os, Windows 11 ha convivido con una incoherencia visual que no pasa desapercibida. Seguramente te ha pasado que al abrir ciertos ajustes, el sistema operativo redirige al viejo Panel de control, una herramienta con m\u00e1s de cuatro d\u00e9cadas de antig\u00fcedad cuya interfaz choca de frente con el dise\u00f1o moderno que Microsoft prometi\u00f3 en 2021. [&hellip;]<\/p>\n","protected":false},"author":2,"featured_media":126592,"comment_status":"open","ping_status":"closed","sticky":false,"template":"","format":"standard","meta":{"footnotes":""},"categories":[9],"tags":[],"class_list":["post-126591","post","type-post","status-publish","format-standard","has-post-thumbnail","hentry","category-tecnologia"],"_links":{"self":[{"href":"https:\/\/enfoquenoticioso.com\/index.php?rest_route=\/wp\/v2\/posts\/126591","targetHints":{"allow":["GET"]}}],"collection":[{"href":"https:\/\/enfoquenoticioso.com\/index.php?rest_route=\/wp\/v2\/posts"}],"about":[{"href":"https:\/\/enfoquenoticioso.com\/index.php?rest_route=\/wp\/v2\/types\/post"}],"author":[{"embeddable":true,"href":"https:\/\/enfoquenoticioso.com\/index.php?rest_route=\/wp\/v2\/users\/2"}],"replies":[{"embeddable":true,"href":"https:\/\/enfoquenoticioso.com\/index.php?rest_route=%2Fwp%2Fv2%2Fcomments&post=126591"}],"version-history":[{"count":0,"href":"https:\/\/enfoquenoticioso.com\/index.php?rest_route=\/wp\/v2\/posts\/126591\/revisions"}],"wp:featuredmedia":[{"embeddable":true,"href":"https:\/\/enfoquenoticioso.com\/index.php?rest_route=\/wp\/v2\/media\/126592"}],"wp:attachment":[{"href":"https:\/\/enfoquenoticioso.com\/index.php?rest_route=%2Fwp%2Fv2%2Fmedia&parent=126591"}],"wp:term":[{"taxonomy":"category","embeddable":true,"href":"https:\/\/enfoquenoticioso.com\/index.php?rest_route=%2Fwp%2Fv2%2Fcategories&post=126591"},{"taxonomy":"post_tag","embeddable":true,"href":"https:\/\/enfoquenoticioso.com\/index.php?rest_route=%2Fwp%2Fv2%2Ftags&post=126591"}],"curies":[{"name":"wp","href":"https:\/\/api.w.org\/{rel}","templated":true}]}}