{"id":126609,"date":"2026-04-12T13:28:01","date_gmt":"2026-04-12T13:28:01","guid":{"rendered":"https:\/\/enfoquenoticioso.com\/?p=126609"},"modified":"2026-04-12T13:28:01","modified_gmt":"2026-04-12T13:28:01","slug":"todo-lo-que-debes-recordar-de-the-boys-antes-de-ver-la-ultima-temporada","status":"publish","type":"post","link":"https:\/\/enfoquenoticioso.com\/?p=126609","title":{"rendered":"Todo lo que debes recordar de \u2018The Boys\u2019 antes de ver la \u00faltima temporada"},"content":{"rendered":"<figure><img loading=\"lazy\" decoding=\"async\" width=\"1024\" height=\"683\" src=\"https:\/\/i0.wp.com\/imgs.hipertextual.com\/wp-content\/uploads\/2026\/04\/The-Boys-Prime-Video.jpg?fit=1024%2C683&amp;quality=70&amp;strip=all&amp;ssl=1\" class=\"attachment-rss-image-size size-rss-image-size wp-post-image\" alt=\"\" \/><\/figure>\n<p><em><a href=\"https:\/\/hipertextual.com\/cine-television\/mira-el-salvaje-trailer-de-the-boys-la-temporada-final-sera-mas-sangrienta-que-nunca\/\" target=\"_blank\" rel=\"noopener\">The Boys<\/a><\/em> <a href=\"https:\/\/hipertextual.com\/cine-television\/a-que-hora-se-estrena-la-temporada-5-de-the-boys-en-amazon-prime-video\/\" target=\"_blank\" rel=\"noopener\">llega a su final<\/a> y tiene un compromiso por delante. El de cerrar todos los cabos sueltos <a href=\"https:\/\/hipertextual.com\/cine-television\/the-boys-temporada-5-sangrienta-nueva-imagen\/\" target=\"_blank\" rel=\"noopener\">que la adaptaci\u00f3n de Prime Video<\/a> al c\u00f3mic de&nbsp;Garth Ennis ha dejado a su paso. Tambi\u00e9n, plantear el escenario para los futuros <em><a href=\"https:\/\/hipertextual.com\/cine-television\/vought-rising-precuela-the-boys-nuevos-fichajes\/\" target=\"_blank\" rel=\"noopener\">spin-off<\/a><\/em> que ya se anuncian del universo. Adem\u00e1s de profundizar en todo lo necesario acerca del destino de cada uno de sus personajes. Mucho m\u00e1s, en explorar en un universo que se ha vuelto progresivamente m\u00e1s complejo, m\u00e1s duro, pol\u00edtico y siniestro. <strong>Incluso para los est\u00e1ndares de la ya hist\u00f3rica serie de <a href=\"https:\/\/hipertextual.com\/cine-television\/asi-cambio-final-gen-v-temporada-2-muerte-chance-perdomo\/\" target=\"_blank\" rel=\"noopener\">Eric Kripke<\/a>.<\/strong><\/p>\n<p>Claro est\u00e1, no ser\u00e1 una labor sencilla. <a href=\"https:\/\/hipertextual.com\/cine-television\/the-boys-lo-bueno-lo-malo-y-lo-feo-de-la-cuarta-temporada\/\" target=\"_blank\" rel=\"noopener\">La cuarta temporada<\/a> dej\u00f3 a los protagonistas en su punto m\u00e1s bajo. Tras el brutal asesinato de Victoria Neuman (Claudia Doumit). Eso, a manos de un Billy Butcher (<a href=\"https:\/\/hipertextual.com\/cine-television\/mortal-kombat-2-primer-trailer-johnny-cage-karl-urban\/\" target=\"_blank\" rel=\"noopener\">Karl Urban<\/a>) consumido por sus nuevos poderes de tent\u00e1culos (producto del compuesto V temporal y un tumor consciente), el caos pol\u00edtico estall\u00f3. Esto permiti\u00f3 que Homelander (<a href=\"https:\/\/hipertextual.com\/cine-television\/antony-starr-homelander-the-boys-rechaza-unirse-al-universo-marvel\/\" target=\"_blank\" rel=\"noopener\">Antony Starr<\/a>) consolidara un poder absoluto. Lo que incluy\u00f3 manipular al nuevo presidente, Steven Calhoun (David Andrews), <strong>para instaurar una ley marcial que b\u00e1sicamente le entrega las llaves de Estados Unidos.&nbsp;<\/strong><\/p>\n<p>Una situaci\u00f3n que, adem\u00e1s, pasa por un terreno resbaladizo. La resistencia ha sido fracturada. La mayor\u00eda de nuestros protagonistas, incluyendo a Hughie (<a href=\"https:\/\/hipertextual.com\/cine-television\/las-mejores-peliculas-estrenadas-en-2025-que-debes-ver-y-no-conoces\/\" target=\"_blank\" rel=\"noopener\">Jack Quaid<\/a>), Frenchie (Tomer Capone) y Leche Materna (Laz Alonso), han sido capturados por fuerzas especiales de Supes. Tambi\u00e9n, enviados a campos de libertad o centros de detenci\u00f3n. Claro est\u00e1, el estado mental y f\u00edsico de Billy Butcher es un factor determinante para esta \u00faltima entrega. Butcher ya no es solo un hombre con una venganza. A la vez, est\u00e1 muriendo y su conciencia parece estar bajo la influencia de una alucinaci\u00f3n (o entidad) de su antiguo compa\u00f1ero Joe Kessler (<a href=\"https:\/\/hipertextual.com\/cine-television\/cuando-y-donde-ver-the-walking-dead-dead-city-temporada-2\/\" target=\"_blank\" rel=\"noopener\">Jeffrey Dean Morgan<\/a>). Este \u00faltimo, <strong>la aparente raz\u00f3n que lo empuja a cometer actos de genocidio contra todos los Supes.&nbsp;<\/strong><\/p>\n<div id=\"ez-toc-container\" class=\"ez-toc-v2_0_81 counter-hierarchy ez-toc-counter ez-toc-grey ez-toc-container-direction\">\n<div class=\"ez-toc-title-container\">\n<p class=\"ez-toc-title\" style=\"cursor:inherit\">Tabla de Contenido<\/p>\n<span class=\"ez-toc-title-toggle\"><a href=\"#\" class=\"ez-toc-pull-right ez-toc-btn ez-toc-btn-xs ez-toc-btn-default ez-toc-toggle\" aria-label=\"Alternar tabla de contenidos\"><span class=\"ez-toc-js-icon-con\"><span class=\"\"><span class=\"eztoc-hide\" style=\"display:none;\">Toggle<\/span><span class=\"ez-toc-icon-toggle-span\"><svg style=\"fill: #999;color:#999\" xmlns=\"http:\/\/www.w3.org\/2000\/svg\" class=\"list-377408\" width=\"20px\" height=\"20px\" viewBox=\"0 0 24 24\" fill=\"none\"><path d=\"M6 6H4v2h2V6zm14 0H8v2h12V6zM4 11h2v2H4v-2zm16 0H8v2h12v-2zM4 16h2v2H4v-2zm16 0H8v2h12v-2z\" fill=\"currentColor\"><\/path><\/svg><svg style=\"fill: #999;color:#999\" class=\"arrow-unsorted-368013\" xmlns=\"http:\/\/www.w3.org\/2000\/svg\" width=\"10px\" height=\"10px\" viewBox=\"0 0 24 24\" version=\"1.2\" baseProfile=\"tiny\"><path d=\"M18.2 9.3l-6.2-6.3-6.2 6.3c-.2.2-.3.4-.3.7s.1.5.3.7c.2.2.4.3.7.3h11c.3 0 .5-.1.7-.3.2-.2.3-.5.3-.7s-.1-.5-.3-.7zM5.8 14.7l6.2 6.3 6.2-6.3c.2-.2.3-.5.3-.7s-.1-.5-.3-.7c-.2-.2-.4-.3-.7-.3h-11c-.3 0-.5.1-.7.3-.2.2-.3.5-.3.7s.1.5.3.7z\"\/><\/svg><\/span><\/span><\/span><\/a><\/span><\/div>\n<nav><ul class='ez-toc-list ez-toc-list-level-1 ' ><li class='ez-toc-page-1 ez-toc-heading-level-2'><a class=\"ez-toc-link ez-toc-heading-1\" href=\"https:\/\/enfoquenoticioso.com\/?p=126609\/#Esto_es_lo_que_tienes_que_saber_para_ver_la_ultima_temporada_de_%E2%80%98The_Boys\" >Esto es lo que tienes que saber para ver la \u00faltima temporada de \u2018The Boys\u2019<\/a><\/li><li class='ez-toc-page-1 ez-toc-heading-level-2'><a class=\"ez-toc-link ez-toc-heading-2\" href=\"https:\/\/enfoquenoticioso.com\/?p=126609\/#La_conexion_con_%E2%80%98Gen_V_en_la_quinta_temporada_de_%E2%80%98The_Boys\" >La conexi\u00f3n con \u2018Gen V\u2019 en la quinta temporada de \u2018The Boys\u2019<\/a><\/li><li class='ez-toc-page-1 ez-toc-heading-level-2'><a class=\"ez-toc-link ez-toc-heading-3\" href=\"https:\/\/enfoquenoticioso.com\/?p=126609\/#La_solucion_final_de_Butcher_en_%E2%80%98The_Boys\" >La soluci\u00f3n final de Butcher en &#8216;The Boys&#8217;<\/a><\/li><li class='ez-toc-page-1 ez-toc-heading-level-2'><a class=\"ez-toc-link ez-toc-heading-4\" href=\"https:\/\/enfoquenoticioso.com\/?p=126609\/#El_destino_de_Soldier_Boy_El_arma_secreta_de_Homelander\" >El destino de Soldier Boy: El arma secreta de Homelander<\/a><\/li><\/ul><\/nav><\/div>\n<h2 class=\"wp-block-heading\" id=\"h-esto-es-lo-que-tienes-que-saber-para-ver-la-ultima-temporada-de-the-nbsp-boys-nbsp\"><span class=\"ez-toc-section\" id=\"Esto_es_lo_que_tienes_que_saber_para_ver_la_ultima_temporada_de_%E2%80%98The_Boys\"><\/span>Esto es lo que tienes que saber para ver la \u00faltima temporada de \u2018The Boys\u2019 <span class=\"ez-toc-section-end\"><\/span><\/h2>\n<figure class=\"wp-block-image alignwide size-large\"><img loading=\"lazy\" decoding=\"async\" data-recalc-dims=\"1\" width=\"780\" height=\"439\" src=\"https:\/\/i0.wp.com\/imgs.hipertextual.com\/wp-content\/uploads\/2026\/04\/The-Boys-Season-5-1-1500x844.jpg?resize=780%2C439&#038;quality=70&#038;strip=all&#038;ssl=1\" alt=\"\" class=\"wp-image-1881153\" \/><\/figure>\n<p>Al final de la temporada pasada de <em>The Boys<\/em>, Butcher rob\u00f3 el virus capaz de matar a los portadores de Compuesto V. Algo que lo convierte en un comod\u00edn peligroso tanto para <a href=\"https:\/\/hipertextual.com\/cine-television\/gen-v-personaje-derrotar-a-homelander-patriota-the-boys\/\" target=\"_blank\" rel=\"noopener\">Homelander<\/a> como para sus antiguos aliados. Mientras tanto, Annie\/Starlight (Erin Moriarty) es de las pocas que logr\u00f3 escapar volando en el \u00faltimo segundo. Por lo que recuper\u00f3 sus poderes a plenitud justo cuando su equipo era arrestado, <strong>lo que la vuelve, casi por accidente, la l\u00edder natural de la insurgencia externa.<\/strong><\/p>\n<p>Otro punto vital es la situaci\u00f3n de Ryan (Cameron Crovetti), el hijo de Homelander y Becca (Shantel VanSanten). El joven se encuentra en una encrucijada moral devastadora tras haber causado accidentalmente la muerte de Grace Mallory (Laila Robins) al rechazar ser usado como un arma contra su padre. Ryan ha huido, y su paradero ser\u00e1 crucial, debido a que representa la \u00fanica esperanza de Butcher para una redenci\u00f3n o el arma definitiva para Homelander. A esto se suma el regreso de Sister Sage (Susan Heyward), quien revel\u00f3 que todo el caos pol\u00edtico era parte de su plan maestro. Eso, para entregarle el control total a Homelander, demostrando que su supuesto <strong>despido fue solo una distracci\u00f3n para operar desde las sombras con mayor efectividad.<\/strong><\/p>\n<figure class=\"wp-block-image alignwide size-large\"><img loading=\"lazy\" decoding=\"async\" data-recalc-dims=\"1\" width=\"780\" height=\"520\" src=\"https:\/\/i0.wp.com\/imgs.hipertextual.com\/wp-content\/uploads\/2026\/04\/The-Boys-Season-5-Episode-1-Soldier-Boy-Homelander-1500x1000.jpg?resize=780%2C520&#038;quality=70&#038;strip=all&#038;ssl=1\" alt=\"\" class=\"wp-image-1881155\" \/><\/figure>\n<p>En el bando de Los Siete, el grupo est\u00e1 m\u00e1s desequilibrado que nunca. Con The Deep (Chace Crawford), Firecracker (Valorie Curry) y el nuevo Black Noir (Nathan Mitchell) siguen \u00f3rdenes directas de ejecutar a empleados de Vought. Por lo que el cuartel general se ha convertido en una zona de guerra interna. Adem\u00e1s, la escena postcr\u00e9ditos de la cuarta temporada revel\u00f3 que Soldier Boy (<a href=\"https:\/\/hipertextual.com\/cine-television\/james-gunn-descarta-a-chris-pratt-como-batman-en-el-universo-dc-pero-no-todo-son-malas-noticias\/\" target=\"_blank\" rel=\"noopener\">Jensen Ackles<\/a>) no est\u00e1 muerto, sino en una c\u00e1psula de sue\u00f1o criog\u00e9nico bajo la custodia de Homelander. Algo que, claro est\u00e1, sugiere que el abuelo de Ryan podr\u00eda despertar para a\u00f1adir m\u00e1s le\u00f1a al fuego en este conflicto generacional. Tambi\u00e9n debemos vigilar a Ashley Barrett (Colby Minifie). Como se recordar\u00e1, esta \u00faltima, en un acto de desesperaci\u00f3n, se inyect\u00f3 Compuesto V <strong>y comenz\u00f3 una mutaci\u00f3n f\u00edsica aterradora.<\/strong><\/p>\n<h2 class=\"wp-block-heading\" id=\"h-la-conexion-con-gen-v-en-la-quinta-temporada-de-the-nbsp-boys-nbsp\"><span class=\"ez-toc-section\" id=\"La_conexion_con_%E2%80%98Gen_V_en_la_quinta_temporada_de_%E2%80%98The_Boys\"><\/span>La conexi\u00f3n con \u2018Gen V\u2019 en la quinta temporada de \u2018The Boys\u2019 <span class=\"ez-toc-section-end\"><\/span><\/h2>\n<figure class=\"wp-block-image size-large\"><img decoding=\"async\" data-recalc-dims=\"1\" loading=\"lazy\" width=\"780\" height=\"439\" src=\"https:\/\/i0.wp.com\/imgs.hipertextual.com\/wp-content\/uploads\/2026\/04\/Gen-V-second-season-1500x845.jpg?resize=780%2C439&#038;quality=70&#038;strip=all&#038;ssl=1\" alt=\"\" class=\"wp-image-1881156\" \/><\/figure>\n<p>La conexi\u00f3n de <em>The Boys<\/em> con el <em>spin-off<\/em> <em><a href=\"https:\/\/hipertextual.com\/cine-television\/habra-temporada-3-de-gen-v-en-amazon-prime-video\/\" target=\"_blank\" rel=\"noopener\">Gen V<\/a><\/em> <a href=\"https:\/\/hipertextual.com\/cine-television\/el-final-de-gen-v-temporada-2-explicado-asi-conecta-con-the-boys\/\" target=\"_blank\" rel=\"noopener\">se vuelve fundamental en esta quinta temporada<\/a>. El virus que Butcher posee fue desarrollado originalmente en The Woods (la instalaci\u00f3n secreta de la Universidad Godolkin), <strong>y personajes de esa serie han cruzado caminos con la trama principal.&nbsp;<\/strong><\/p>\n<p>Se espera que las consecuencias de la segunda temporada de Gen V alimenten directamente la guerra biol\u00f3gica que Butcher planea desatar. Esta temporada final, que consta de 8 episodios, promete cerrar todas estas l\u00edneas temporales, llevando a los personajes <strong>al l\u00edmite de su moralidad en un mundo donde Homelander ya no tiene frenos medi\u00e1ticos ni legales.<\/strong><\/p>\n<p>El tono de la quinta temporada de <em>The Boys<\/em> se perfila como el m\u00e1s oscuro hasta la fecha. Seg\u00fan las descripciones oficiales, el mundo ahora pertenece a los caprichos err\u00e1ticos de un Homelander divinizado, mientras que la resistencia opera desde la clandestinidad total. La gran pregunta no es solo si podr\u00e1n matar a Homelander, sino si el virus de Butcher destruir\u00e1 a todos los supes, <strong>incluidos aliados como Annie o Kimiko (Karen Fukuhara) en el proceso.\u00a0<\/strong><\/p>\n<h2 class=\"wp-block-heading\" id=\"h-la-solucion-final-de-nbsp-butcher-en-the-boys\"><span class=\"ez-toc-section\" id=\"La_solucion_final_de_Butcher_en_%E2%80%98The_Boys\"><\/span>La soluci\u00f3n final de Butcher en &#8216;The Boys&#8217;<span class=\"ez-toc-section-end\"><\/span><\/h2>\n<figure class=\"wp-block-image alignwide size-large\"><img decoding=\"async\" data-recalc-dims=\"1\" loading=\"lazy\" width=\"780\" height=\"439\" src=\"https:\/\/i0.wp.com\/imgs.hipertextual.com\/wp-content\/uploads\/2026\/04\/butcher-in-the-boys-season-4-1500x844.jpg?resize=780%2C439&#038;quality=70&#038;strip=all&#038;ssl=1\" alt=\"\" class=\"wp-image-1881157\" \/><\/figure>\n<p>El virus es un arma biol\u00f3gica creada originalmente en los laboratorios de <em>The Woods<\/em> (visto en <em>Gen V<\/em>). Su funci\u00f3n es infectar el Compuesto V en la sangre, provocando la p\u00e9rdida de poderes, enfermedades atroces y, eventualmente, la muerte. <strong>Tras asesinar a Victoria Neuman, Butcher rob\u00f3 la \u00fanica dosis viable que quedaba.&nbsp;<\/strong><\/p>\n<p>El conflicto \u00e9tico es enorme: aunque el virus podr\u00eda matar a Homelander, Butcher y su alucinaci\u00f3n de Kessler planean potenciarlo para que sea contagioso y aerotransportado, lo que causar\u00eda un genocidio global de todos los Supes, <strong>incluyendo a sus amigos como Annie (Starlight) y Kimiko.<\/strong><\/p>\n<h2 class=\"wp-block-heading\" id=\"h-el-destino-de-soldier-boy-el-arma-secreta-de-homelander\"><span class=\"ez-toc-section\" id=\"El_destino_de_Soldier_Boy_El_arma_secreta_de_Homelander\"><\/span>El destino de Soldier Boy: El arma secreta de Homelander<span class=\"ez-toc-section-end\"><\/span><\/h2>\n<figure class=\"wp-block-image alignwide size-full\"><img decoding=\"async\" data-recalc-dims=\"1\" loading=\"lazy\" width=\"780\" height=\"439\" src=\"https:\/\/i0.wp.com\/imgs.hipertextual.com\/wp-content\/uploads\/2024\/07\/The-Boys-Soldier-Boy.jpg?resize=780%2C439&#038;quality=70&#038;strip=all&#038;ssl=1\" alt=\"The Boys\" class=\"wp-image-1803481\" \/><\/figure>\n<p>Tras la batalla en la Torre Vought al final de la temporada 3, Soldier Boy no muri\u00f3; fue sedado con gas de novichok y puesto en contenci\u00f3n criog\u00e9nica. En la escena postcr\u00e9ditos de la cuarta temporada, vemos a Homelander frente a la c\u00e1psula de su padre biol\u00f3gico, quien ha sido entregado a su custodia por el nuevo gobierno. Aunque se odian a muerte, Homelander ahora tiene el poder de despertarlo y manipularlo (o torturarlo) para <strong>usar su rayo despotenciador como una herramienta de control absoluta contra cualquier rebelde.<\/strong><\/p>\n<p>Seguir leyendo: <a href=\"https:\/\/hipertextual.com\/cine-television\/todo-lo-que-debes-recordar-de-the-boys-antes-de-ver-la-ultima-temporada\/\" target=\"_blank\" rel=\"noopener\">Todo lo que debes recordar de \u2018The Boys\u2019 antes de ver la \u00faltima temporada<\/a><\/p>\n<p><a href=\"https:\/\/hipertextual.com\/cine-television\/todo-lo-que-debes-recordar-de-the-boys-antes-de-ver-la-ultima-temporada\/\" class=\" target=\" title=\"Todo lo que debes recordar de \u2018The Boys\u2019 antes de ver la \u00faltima temporada\" target=\"_blank\" rel=\"noopener\">Ver fuente<\/a><\/p>\n","protected":false},"excerpt":{"rendered":"<p>The Boys llega a su final y tiene un compromiso por delante. El de cerrar todos los cabos sueltos que la adaptaci\u00f3n de Prime Video al c\u00f3mic de&nbsp;Garth Ennis ha dejado a su paso. Tambi\u00e9n, plantear el escenario para los futuros spin-off que ya se anuncian del universo. Adem\u00e1s de profundizar en todo lo necesario [&hellip;]<\/p>\n","protected":false},"author":2,"featured_media":126610,"comment_status":"open","ping_status":"closed","sticky":false,"template":"","format":"standard","meta":{"footnotes":""},"categories":[9],"tags":[],"class_list":["post-126609","post","type-post","status-publish","format-standard","has-post-thumbnail","hentry","category-tecnologia"],"_links":{"self":[{"href":"https:\/\/enfoquenoticioso.com\/index.php?rest_route=\/wp\/v2\/posts\/126609","targetHints":{"allow":["GET"]}}],"collection":[{"href":"https:\/\/enfoquenoticioso.com\/index.php?rest_route=\/wp\/v2\/posts"}],"about":[{"href":"https:\/\/enfoquenoticioso.com\/index.php?rest_route=\/wp\/v2\/types\/post"}],"author":[{"embeddable":true,"href":"https:\/\/enfoquenoticioso.com\/index.php?rest_route=\/wp\/v2\/users\/2"}],"replies":[{"embeddable":true,"href":"https:\/\/enfoquenoticioso.com\/index.php?rest_route=%2Fwp%2Fv2%2Fcomments&post=126609"}],"version-history":[{"count":0,"href":"https:\/\/enfoquenoticioso.com\/index.php?rest_route=\/wp\/v2\/posts\/126609\/revisions"}],"wp:featuredmedia":[{"embeddable":true,"href":"https:\/\/enfoquenoticioso.com\/index.php?rest_route=\/wp\/v2\/media\/126610"}],"wp:attachment":[{"href":"https:\/\/enfoquenoticioso.com\/index.php?rest_route=%2Fwp%2Fv2%2Fmedia&parent=126609"}],"wp:term":[{"taxonomy":"category","embeddable":true,"href":"https:\/\/enfoquenoticioso.com\/index.php?rest_route=%2Fwp%2Fv2%2Fcategories&post=126609"},{"taxonomy":"post_tag","embeddable":true,"href":"https:\/\/enfoquenoticioso.com\/index.php?rest_route=%2Fwp%2Fv2%2Ftags&post=126609"}],"curies":[{"name":"wp","href":"https:\/\/api.w.org\/{rel}","templated":true}]}}