{"id":126615,"date":"2026-04-12T14:30:03","date_gmt":"2026-04-12T14:30:03","guid":{"rendered":"https:\/\/enfoquenoticioso.com\/?p=126615"},"modified":"2026-04-12T14:30:03","modified_gmt":"2026-04-12T14:30:03","slug":"vale-la-pena-darle-la-oportunidad-a-malcolm-de-mal-en-peor-reboot-de-la-clasica-serie","status":"publish","type":"post","link":"https:\/\/enfoquenoticioso.com\/?p=126615","title":{"rendered":"\u00bfVale la pena darle la oportunidad a \u2018Malcolm: De mal en peor\u2019, reboot de la cl\u00e1sica\u00a0serie?\u00a0"},"content":{"rendered":"<figure><img loading=\"lazy\" decoding=\"async\" width=\"1024\" height=\"576\" src=\"https:\/\/i0.wp.com\/imgs.hipertextual.com\/wp-content\/uploads\/2026\/04\/Malcolm-de-mal-en-peor.jpg?fit=1024%2C576&amp;quality=70&amp;strip=all&amp;ssl=1\" class=\"attachment-rss-image-size size-rss-image-size wp-post-image\" alt=\"\" \/><\/figure>\n<p>Hace veintis\u00e9is a\u00f1os, <em><a href=\"https:\/\/hipertextual.com\/cine-television\/nuevos-episodios-malcolm-in-the-middle-trailer-fecha-de-estreno\/\" target=\"_blank\" rel=\"noopener\">Malcolm<\/a><\/em> <a href=\"https:\/\/hipertextual.com\/cine-television\/5-series-clasicas-que-puedes-ver-ahora-mismo-en-disney\/\" target=\"_blank\" rel=\"noopener\">se convirti\u00f3 en la serie favorita<\/a> de toda una generaci\u00f3n. En especial, porque la producci\u00f3n, que volv\u00eda al tropo de la familia disfuncional y complicada con un matiz curioso, sorprendi\u00f3. Eso, al romper los moldes tradicionales de la televisi\u00f3n a principios de los a\u00f1os 2000. Para eso, la trama se centra en Malcolm (Frankie Muniz), un ni\u00f1o con un coeficiente intelectual de nivel genio, que intenta navegar por la ca\u00f3tica vida de una familia de clase trabajadora. <strong>Una, adem\u00e1s, para nada impresionada con sus talentos o sus capacidades intelectuales.\u00a0<\/strong><\/p>\n<p>Por lo que, a diferencia de otras series de la \u00e9poca, <em>Malcolm<\/em> estaba m\u00e1s interesada en explorar la vida com\u00fan de un chico extraordinario que no quer\u00eda serlo. Eso, adem\u00e1s, usando adem\u00e1s recursos como romper constantemente la cuarta pared y burlarse de los clich\u00e9s sobre el genio incomprendido y en crecimiento. Por lo que el personaje, que desde los primeros cap\u00edtulos cautiv\u00f3 al p\u00fablico por su carisma, compart\u00eda sus frustraciones. Entre ellas, la que le provocaba ser el hijo mediano y el absurdo de su entorno cotidiano. Su inteligencia superior, lejos de facilitarle la vida, parece complicar su deseo <strong>de ser simplemente un chico normal. Mucho m\u00e1s, en un mundo que no deja de ponerle trabas.<\/strong><\/p>\n<p>Pero <em>Malcolm: De mal en peor<\/em>, el reboot de 4 episodios que acaba de llegar a Disney+ pierde ese encanto en favor de ser m\u00e1s t\u00edpica y corriente. Por lo que vuelve al conocido escenario de la familia Wilkerson, pero sin el encanto de la novedad o la frescura del humor. En lugar de eso, muestra a Malcolm (de nuevo interpretado por Muniz) y a sus hermanos, prepar\u00e1ndose para el gran evento familiar de la d\u00e9cada. A saber: El 40 aniversario de bodas de Hal (Bryan Cranston) y Lois (Jane Kaczmarek). Pero aunque todos los actores tienen la misma vivacidad y encanto, <strong>el hecho es que la premisa de la serie parece desfasada y hasta anacr\u00f3nica.<\/strong><\/p>\n<div id=\"ez-toc-container\" class=\"ez-toc-v2_0_81 counter-hierarchy ez-toc-counter ez-toc-grey ez-toc-container-direction\">\n<div class=\"ez-toc-title-container\">\n<p class=\"ez-toc-title\" style=\"cursor:inherit\">Tabla de Contenido<\/p>\n<span class=\"ez-toc-title-toggle\"><a href=\"#\" class=\"ez-toc-pull-right ez-toc-btn ez-toc-btn-xs ez-toc-btn-default ez-toc-toggle\" aria-label=\"Alternar tabla de contenidos\"><span class=\"ez-toc-js-icon-con\"><span class=\"\"><span class=\"eztoc-hide\" style=\"display:none;\">Toggle<\/span><span class=\"ez-toc-icon-toggle-span\"><svg style=\"fill: #999;color:#999\" xmlns=\"http:\/\/www.w3.org\/2000\/svg\" class=\"list-377408\" width=\"20px\" height=\"20px\" viewBox=\"0 0 24 24\" fill=\"none\"><path d=\"M6 6H4v2h2V6zm14 0H8v2h12V6zM4 11h2v2H4v-2zm16 0H8v2h12v-2zM4 16h2v2H4v-2zm16 0H8v2h12v-2z\" fill=\"currentColor\"><\/path><\/svg><svg style=\"fill: #999;color:#999\" class=\"arrow-unsorted-368013\" xmlns=\"http:\/\/www.w3.org\/2000\/svg\" width=\"10px\" height=\"10px\" viewBox=\"0 0 24 24\" version=\"1.2\" baseProfile=\"tiny\"><path d=\"M18.2 9.3l-6.2-6.3-6.2 6.3c-.2.2-.3.4-.3.7s.1.5.3.7c.2.2.4.3.7.3h11c.3 0 .5-.1.7-.3.2-.2.3-.5.3-.7s-.1-.5-.3-.7zM5.8 14.7l6.2 6.3 6.2-6.3c.2-.2.3-.5.3-.7s-.1-.5-.3-.7c-.2-.2-.4-.3-.7-.3h-11c-.3 0-.5.1-.7.3-.2.2-.3.5-.3.7s.1.5.3.7z\"\/><\/svg><\/span><\/span><\/span><\/a><\/span><\/div>\n<nav><ul class='ez-toc-list ez-toc-list-level-1 ' ><li class='ez-toc-page-1 ez-toc-heading-level-2'><a class=\"ez-toc-link ez-toc-heading-1\" href=\"https:\/\/enfoquenoticioso.com\/?p=126615\/#Poca_frescura_para_un_reboot_innecesario_en_%E2%80%98Malcolm_De_mal_en_peor\" >Poca frescura para un reboot innecesario en \u2018Malcolm&#8217;: De mal en\u00a0peor<\/a><\/li><li class='ez-toc-page-1 ez-toc-heading-level-2'><a class=\"ez-toc-link ez-toc-heading-2\" href=\"https:\/\/enfoquenoticioso.com\/?p=126615\/#Divertida_a_medias_y_sin_nada_que_contar\" >Divertida a medias y sin nada que\u00a0contar<\/a><\/li><\/ul><\/nav><\/div>\n<h2 class=\"wp-block-heading\" id=\"h-poca-frescura-para-un-reboot-innecesario-en-malcolm-de-mal-en-peor\"><span class=\"ez-toc-section\" id=\"Poca_frescura_para_un_reboot_innecesario_en_%E2%80%98Malcolm_De_mal_en_peor\"><\/span>Poca frescura para un reboot innecesario en \u2018Malcolm&#8217;: De mal en\u00a0peor<span class=\"ez-toc-section-end\"><\/span><\/h2>\n<figure class=\"wp-block-image alignwide size-large\"><img loading=\"lazy\" decoding=\"async\" data-recalc-dims=\"1\" width=\"780\" height=\"527\" src=\"https:\/\/i0.wp.com\/imgs.hipertextual.com\/wp-content\/uploads\/2026\/04\/Malcolm-de-mal-en-peor-23-1500x1013.jpg?resize=780%2C527&#038;quality=70&#038;strip=all&#038;ssl=1\" alt=\"\" class=\"wp-image-1881540\" \/><\/figure>\n<p>Con todo el elenco original de vuelta (a excepci\u00f3n de Erik Per Sullivan, encargado de encarnar a Dewey), la serie es m\u00e1s un ejercicio de nostalgia que una producci\u00f3n nueva. De hecho, durante los minutos iniciales, el principal inter\u00e9s es recordar el motivo por el cual Malcolm fue exitosa en primer lugar. Por lo que hace un resumen amplio y divertido sobre todos los grandes momentos que los Wilkerson atravesaron a trav\u00e9s del tiempo. Pero tambi\u00e9n deja claro que el regreso tiene poco que decir sobre sus personajes, <strong>m\u00e1s all\u00e1 de que el tiempo ha transcurrido y que ahora enfrentan otra etapa de su vida.\u00a0<\/strong><\/p>\n<p>Por supuesto, hay novedades: Malcolm es un exitoso empresario con una hija, Leah (Keeley Karste), y una feliz relaci\u00f3n con Tristian (Kiana Madeira). Pero rompiendo la cuarta pared y sin innovar en lo m\u00e1s m\u00ednimo en el tono y ritmo del personaje, Malcolm se apresura a dejar claro que no tiene contacto alguno con su familia. Ni le interesa retomarlo. Por lo que su principal objetivo es no acudir a la se\u00f1alada fecha. A la vez, hacer las paces con la idea de que quiz\u00e1s jam\u00e1s se llevar\u00e1 bien con sus padres y hermanos. No obstante, semejante declaraci\u00f3n <strong>parece tener poco sentido, siendo que su familia sigue siendo en esencia la misma.&nbsp;<\/strong><\/p>\n<p>Parte del problema en <em>Malcolm: De mal en peor<\/em>, es que parece tener poco que decir como parte del universo del programa original. O en cualquier caso, que lo que cuenta es irrelevante y sin mayor sustancia. Aunque los actores retoman los personajes con vigor y la historia hace re\u00edr de vez en cuando, la pregunta obvia es qu\u00e9 tan necesaria era una an\u00e9cdota en la vida familiar de Malcolm. Mucho m\u00e1s cuando pr\u00e1cticamente nada ha cambiado. Porque pronto est\u00e1 claro que Malcolm no quiere ir al aniversario de sus padres por paz mental, sino para ocultar que ha estado mintiendo. Algo <strong>que desencadena la exacta din\u00e1mica que la serie repiti\u00f3 cientos de veces a lo largo de sus temporadas.\u00a0<\/strong><\/p>\n<h2 class=\"wp-block-heading\" id=\"h-divertida-a-medias-y-sin-nada-que-contar\"><span class=\"ez-toc-section\" id=\"Divertida_a_medias_y_sin_nada_que_contar\"><\/span>Divertida a medias y sin nada que\u00a0contar<span class=\"ez-toc-section-end\"><\/span><\/h2>\n<figure class=\"wp-block-image alignwide size-large\"><img loading=\"lazy\" decoding=\"async\" data-recalc-dims=\"1\" width=\"780\" height=\"527\" src=\"https:\/\/i0.wp.com\/imgs.hipertextual.com\/wp-content\/uploads\/2026\/04\/Malcolm-de-mal-en-peor-5-1500x1013.jpg?resize=780%2C527&#038;quality=70&#038;strip=all&#038;ssl=1\" alt=\"\" class=\"wp-image-1881541\" \/><\/figure>\n<p><em>Malcolm: De mal en peor<\/em> pasa buena parte de sus cuatro cap\u00edtulos, mostrando qu\u00e9 ha sido de sus queridos personajes. Pero tampoco ah\u00ed hay mucho que contar. El hijo mayor, Francis (Christopher Masterson), y su esposa Piama (Emy Coligado) son felices, pero ahora son inquilinos de los padres de \u00e9l. Por otro lado, Reese (Justin Berfield) es una especie de fracasado ben\u00e9volo, ayudante de su padre en reparaciones del hogar. En cuanto a <a href=\"https:\/\/hipertextual.com\/cine-television\/el-actor-original-de-dewey-no-regresara-a-malcolm-in-the-middle\/\" target=\"_blank\" rel=\"noopener\">Dewey (ahora interpretado por Caleb Ellsworth-Clark<\/a>), es una presencia que va y viene. <strong>Y de hecho, la producci\u00f3n no intenta disimular que no le parece importante profundizar en \u00e9l.<\/strong>\u00a0<\/p>\n<p>Finalmente, Jamie (Anthony Timpano) es parte de la Guardia Costera. Y la desconocida Kelly (Vaughan Murrae), el beb\u00e9 que Lois esperaba en el final de <em>Malcolm<\/em>, es curiosamente el personaje m\u00e1s sensato. Pero tampoco hay tiempo para profundizar en su desarrollo, analizar su vida o enmarcarla en la de su familia. Claro est\u00e1, se debe a lo corto del espacial y a los muchos temas que parece tocar, pero en medio de todo, <em>Malcolm: De mal en peor<\/em> no justifica su existencia. M\u00e1s que eso, es una especie <strong>de \u00e1lbum de los recuerdos de la querida serie original que no tiene mayor sustancia ni inter\u00e9s.\u00a0<\/strong><\/p>\n<p>Con todo, <em>Malcolm: De mal en peor<\/em> rescata parte de la esencia que hizo famosa al original. Y lo hace con una perspectiva emotiva de sus personajes e importancia en la cultura pop. Para su final (que emocionar\u00e1 a los fan\u00e1ticos), la miniserie deja algo claro. No tiene mayor trascendencia ni impacto en el mundo original, pero es lo suficientemente divertida <strong>como para no decepcionar del todo. Si eso es suficiente para ti, esta es tu serie.\u00a0<\/strong><\/p>\n<p>Seguir leyendo: <a href=\"https:\/\/hipertextual.com\/cine-television\/vale-la-pena-darle-la-oportunidad-a-malcolm-de-mal-en-peor-reboot-de-la-clasica-serie\/\" target=\"_blank\" rel=\"noopener\">\u00bfVale la pena darle la oportunidad a \u2018Malcolm: De mal en peor\u2019, reboot de la cl\u00e1sica\u00a0serie?\u00a0<\/a><\/p>\n<p><a href=\"https:\/\/hipertextual.com\/cine-television\/vale-la-pena-darle-la-oportunidad-a-malcolm-de-mal-en-peor-reboot-de-la-clasica-serie\/\" class=\" target=\" title=\"\u00bfVale la pena darle la oportunidad a \u2018Malcolm: De mal en peor\u2019, reboot de la cl\u00e1sica\u00a0serie?\u00a0\" target=\"_blank\" rel=\"noopener\">Ver fuente<\/a><\/p>\n","protected":false},"excerpt":{"rendered":"<p>Hace veintis\u00e9is a\u00f1os, Malcolm se convirti\u00f3 en la serie favorita de toda una generaci\u00f3n. En especial, porque la producci\u00f3n, que volv\u00eda al tropo de la familia disfuncional y complicada con un matiz curioso, sorprendi\u00f3. Eso, al romper los moldes tradicionales de la televisi\u00f3n a principios de los a\u00f1os 2000. Para eso, la trama se centra [&hellip;]<\/p>\n","protected":false},"author":2,"featured_media":126616,"comment_status":"open","ping_status":"closed","sticky":false,"template":"","format":"standard","meta":{"footnotes":""},"categories":[9],"tags":[],"class_list":["post-126615","post","type-post","status-publish","format-standard","has-post-thumbnail","hentry","category-tecnologia"],"_links":{"self":[{"href":"https:\/\/enfoquenoticioso.com\/index.php?rest_route=\/wp\/v2\/posts\/126615","targetHints":{"allow":["GET"]}}],"collection":[{"href":"https:\/\/enfoquenoticioso.com\/index.php?rest_route=\/wp\/v2\/posts"}],"about":[{"href":"https:\/\/enfoquenoticioso.com\/index.php?rest_route=\/wp\/v2\/types\/post"}],"author":[{"embeddable":true,"href":"https:\/\/enfoquenoticioso.com\/index.php?rest_route=\/wp\/v2\/users\/2"}],"replies":[{"embeddable":true,"href":"https:\/\/enfoquenoticioso.com\/index.php?rest_route=%2Fwp%2Fv2%2Fcomments&post=126615"}],"version-history":[{"count":0,"href":"https:\/\/enfoquenoticioso.com\/index.php?rest_route=\/wp\/v2\/posts\/126615\/revisions"}],"wp:featuredmedia":[{"embeddable":true,"href":"https:\/\/enfoquenoticioso.com\/index.php?rest_route=\/wp\/v2\/media\/126616"}],"wp:attachment":[{"href":"https:\/\/enfoquenoticioso.com\/index.php?rest_route=%2Fwp%2Fv2%2Fmedia&parent=126615"}],"wp:term":[{"taxonomy":"category","embeddable":true,"href":"https:\/\/enfoquenoticioso.com\/index.php?rest_route=%2Fwp%2Fv2%2Fcategories&post=126615"},{"taxonomy":"post_tag","embeddable":true,"href":"https:\/\/enfoquenoticioso.com\/index.php?rest_route=%2Fwp%2Fv2%2Ftags&post=126615"}],"curies":[{"name":"wp","href":"https:\/\/api.w.org\/{rel}","templated":true}]}}