{"id":126683,"date":"2026-04-13T09:07:14","date_gmt":"2026-04-13T09:07:14","guid":{"rendered":"https:\/\/enfoquenoticioso.com\/?p=126683"},"modified":"2026-04-13T09:07:14","modified_gmt":"2026-04-13T09:07:14","slug":"dario-amodei-ceo-de-anthropic-entiendo-las-ventajas-de-la-ia-pero-no-se-estan-comprendiendo-los-riesgos","status":"publish","type":"post","link":"https:\/\/enfoquenoticioso.com\/?p=126683","title":{"rendered":"Dario Amodei, CEO de Anthropic: \u201cEntiendo las ventajas de la IA, pero no se est\u00e1n comprendiendo los riesgos\u201d"},"content":{"rendered":"<figure><img loading=\"lazy\" decoding=\"async\" width=\"1024\" height=\"683\" src=\"https:\/\/i0.wp.com\/imgs.hipertextual.com\/wp-content\/uploads\/2026\/04\/ceo-anthropic.jpg?fit=1024%2C683&amp;quality=70&amp;strip=all&amp;ssl=1\" class=\"attachment-rss-image-size size-rss-image-size wp-post-image\" alt=\"CEO Anthropic\" \/><\/figure>\n<p><strong>Dario Amodei<\/strong> es una de las figuras clave en el sector de la inteligencia artificial. Es el CEO de Anthropic, y antes de eso, trabaj\u00f3 en OpenAI. El doctor en biof\u00edsica, de hecho, abandon\u00f3 la compa\u00f1\u00eda de Sam Altman por no estar de acuerdo con el rumbo que estaba trazando la famosa firma de IA, y decidi\u00f3 fundar la suya propia, cuyo principal producto es <a href=\"https:\/\/hipertextual.com\/inteligencia-artificial\/chatgpt-se-rinde-ante-claude-la-suscripcion-a-chatgpt-pro-ahora-cuesta-la-mitad-pero-tiene-truco\/\" target=\"_blank\" rel=\"noopener\">Claude<\/a>. Amodei siempre ha sido fiel a sus principios, y siempre se ha sincerado sobre los <strong>beneficios y riesgos de la IA<\/strong>. Ahora, ha vuelto a compartir sus opiniones en una entrevista en el canal de Youtube <a href=\"https:\/\/www.youtube.com\/watch?v=68ylaeBbdsg\" target=\"_blank\" rel=\"noopener\"><em>People<\/em> <em>by WTF<\/em><\/a>. <\/p>\n<p>El CEO y cofundador de Anthropic asegura que la inteligencia artificial est\u00e1 <strong>a punto de provocar un cambio hist\u00f3rico comparable al de una revoluci\u00f3n industrial<\/strong> y que, efectivamente, va a ser capaz de transformar el trabajo, la econom\u00eda y la sociedad. Es algo que desde un principio, sab\u00eda que OpenAI no iba a hacerlo bien. <\/p>\n<p>\u201cMi convicci\u00f3n es que si estos modelos van a ser agentes cognitivos generales, herramientas cognitivas generales que igualan la capacidad del cerebro humano, m\u00e1s nos vale hacerlo bien. Porque las implicaciones econ\u00f3micas van a ser enormes, las implicaciones geopol\u00edticas van a ser enormes, las implicaciones en materia de seguridad van a ser enormes. Va a transformar el funcionamiento del mundo. Por eso tenemos que hacerlo bien\u201d, subraya Amodei. Dice, adem\u00e1s, que \u201c<strong>no ten\u00eda la percepci\u00f3n de que en OpenAI existiera una convicci\u00f3n real y seria al respecto<\/strong>\u201d. <\/p>\n<div id=\"ez-toc-container\" class=\"ez-toc-v2_0_81 counter-hierarchy ez-toc-counter ez-toc-grey ez-toc-container-direction\">\n<div class=\"ez-toc-title-container\">\n<p class=\"ez-toc-title\" style=\"cursor:inherit\">Tabla de Contenido<\/p>\n<span class=\"ez-toc-title-toggle\"><a href=\"#\" class=\"ez-toc-pull-right ez-toc-btn ez-toc-btn-xs ez-toc-btn-default ez-toc-toggle\" aria-label=\"Alternar tabla de contenidos\"><span class=\"ez-toc-js-icon-con\"><span class=\"\"><span class=\"eztoc-hide\" style=\"display:none;\">Toggle<\/span><span class=\"ez-toc-icon-toggle-span\"><svg style=\"fill: #999;color:#999\" xmlns=\"http:\/\/www.w3.org\/2000\/svg\" class=\"list-377408\" width=\"20px\" height=\"20px\" viewBox=\"0 0 24 24\" fill=\"none\"><path d=\"M6 6H4v2h2V6zm14 0H8v2h12V6zM4 11h2v2H4v-2zm16 0H8v2h12v-2zM4 16h2v2H4v-2zm16 0H8v2h12v-2z\" fill=\"currentColor\"><\/path><\/svg><svg style=\"fill: #999;color:#999\" class=\"arrow-unsorted-368013\" xmlns=\"http:\/\/www.w3.org\/2000\/svg\" width=\"10px\" height=\"10px\" viewBox=\"0 0 24 24\" version=\"1.2\" baseProfile=\"tiny\"><path d=\"M18.2 9.3l-6.2-6.3-6.2 6.3c-.2.2-.3.4-.3.7s.1.5.3.7c.2.2.4.3.7.3h11c.3 0 .5-.1.7-.3.2-.2.3-.5.3-.7s-.1-.5-.3-.7zM5.8 14.7l6.2 6.3 6.2-6.3c.2-.2.3-.5.3-.7s-.1-.5-.3-.7c-.2-.2-.4-.3-.7-.3h-11c-.3 0-.5.1-.7.3-.2.2-.3.5-.3.7s.1.5.3.7z\"\/><\/svg><\/span><\/span><\/span><\/a><\/span><\/div>\n<nav><ul class='ez-toc-list ez-toc-list-level-1 ' ><li class='ez-toc-page-1 ez-toc-heading-level-2'><a class=\"ez-toc-link ez-toc-heading-1\" href=\"https:\/\/enfoquenoticioso.com\/?p=126683\/#La_IA_tiene_beneficios_pero_tambien_riesgos\" >La IA tiene beneficios, pero tambi\u00e9n riesgos<\/a><\/li><\/ul><\/nav><\/div>\n<h2 class=\"wp-block-heading has-text-align-center\" id=\"h-la-ia-tiene-beneficios-pero-tambien-riesgos\"><span class=\"ez-toc-section\" id=\"La_IA_tiene_beneficios_pero_tambien_riesgos\"><\/span>La IA tiene beneficios, pero tambi\u00e9n riesgos<span class=\"ez-toc-section-end\"><\/span><\/h2>\n<figure class=\"wp-block-image alignwide size-large\"><img decoding=\"async\" data-recalc-dims=\"1\" loading=\"lazy\" width=\"780\" height=\"439\" src=\"https:\/\/i0.wp.com\/imgs.hipertextual.com\/wp-content\/uploads\/2026\/04\/claude-laptop-1500x844.jpg?resize=780%2C439&#038;quality=70&#038;strip=all&#038;ssl=1\" alt=\"\" class=\"wp-image-1881346\" \/><\/figure>\n<p>En paralelo, el CEO de Anthropic tambi\u00e9n explica que desde siempre ha tenido claro \u201ctanto el lado positivo como el negativo\u201d de la inteligencia artificial. Que tiene muchos beneficios, pero tambi\u00e9n inconvenientes, y que siempre ha sido muy claro respecto a esto. \u201cQuer\u00eda inspirar a la gente con una visi\u00f3n positiva, pero tambi\u00e9n quer\u00eda <strong>advertirles de lo que puede salir mal<\/strong>\u201d. <\/p>\n<p>Menciona que le ha sorprendido lo que hemos podido descubrir gracias a la IA y dice estar \u201canimado\u201d por lo que est\u00e1n logrando algunos trabajadores en el \u00e1mbito de la inteligencia artificial, sobre todo a la hora de \u201cgarantizan que los modelos se comporten de la manera que queremos y esperamos\u201d, afirma el CEO de Anthropic.<\/p>\n<p>No obstante, Amodei dice estar tambi\u00e9n sorprendido por el hecho de que la IA est\u00e9 avanzando tanto que incluso sea capaz de llegar al nivel de la inteligencia humana, y \u201cno parezca haber un reconocimiento m\u00e1s amplio en la sociedad de lo que est\u00e1 a punto de suceder\u201d. \u201cLa gente lo que ve no es un tsunami, sino solo es un efecto \u00f3ptico. Adem\u00e1s, <strong>no ha habido una concienciaci\u00f3n p\u00fablica sobre los riesgos<\/strong> y, por tanto, los gobiernos no han tomado medidas para abordarlos. Entiendo las <a href=\"https:\/\/hipertextual.com\/ciencia\/uso-chatgpt-para-intentar-salvar-a-su-perra-con-cancer-y-consiguio-algo-que-los-veterinarios-no-pudieron\/\" target=\"_blank\" rel=\"noopener\">ventajas de la tecnolog\u00eda<\/a>, pero creo que no se han comprendido adecuadamente los riesgos y, desde luego, no se han tomado medidas\u201d, destaca. <\/p>\n<p>Pese a la menci\u00f3n de los riesgos, Amodei no deja clara su postura u opini\u00f3n sobre c\u00f3mo controlarlos. Menciona, sin embargo, que \u201cel trabajo t\u00e9cnico para controlar ha ido mejor de lo que esperaba\u201d, pero a\u00fan falta mucha conciencia social.<\/p>\n<p>Seguir leyendo: <a href=\"https:\/\/hipertextual.com\/tecnologia\/dario-amodei-ceo-de-anthropic-entiendo-las-ventajas-de-la-ia-pero-no-se-estan-comprendiendo-los-riesgos\/\" target=\"_blank\" rel=\"noopener\">Dario Amodei, CEO de Anthropic: \u201cEntiendo las ventajas de la IA, pero no se est\u00e1n comprendiendo los riesgos\u201d<\/a><\/p>\n<p><a href=\"https:\/\/hipertextual.com\/tecnologia\/dario-amodei-ceo-de-anthropic-entiendo-las-ventajas-de-la-ia-pero-no-se-estan-comprendiendo-los-riesgos\/\" class=\" target=\" title=\"Dario Amodei, CEO de Anthropic: \u201cEntiendo las ventajas de la IA, pero no se est\u00e1n comprendiendo los riesgos\u201d\" target=\"_blank\" rel=\"noopener\">Ver fuente<\/a><\/p>\n","protected":false},"excerpt":{"rendered":"<p>Dario Amodei es una de las figuras clave en el sector de la inteligencia artificial. Es el CEO de Anthropic, y antes de eso, trabaj\u00f3 en OpenAI. El doctor en biof\u00edsica, de hecho, abandon\u00f3 la compa\u00f1\u00eda de Sam Altman por no estar de acuerdo con el rumbo que estaba trazando la famosa firma de IA, [&hellip;]<\/p>\n","protected":false},"author":2,"featured_media":126684,"comment_status":"open","ping_status":"closed","sticky":false,"template":"","format":"standard","meta":{"footnotes":""},"categories":[9],"tags":[],"class_list":["post-126683","post","type-post","status-publish","format-standard","has-post-thumbnail","hentry","category-tecnologia"],"_links":{"self":[{"href":"https:\/\/enfoquenoticioso.com\/index.php?rest_route=\/wp\/v2\/posts\/126683","targetHints":{"allow":["GET"]}}],"collection":[{"href":"https:\/\/enfoquenoticioso.com\/index.php?rest_route=\/wp\/v2\/posts"}],"about":[{"href":"https:\/\/enfoquenoticioso.com\/index.php?rest_route=\/wp\/v2\/types\/post"}],"author":[{"embeddable":true,"href":"https:\/\/enfoquenoticioso.com\/index.php?rest_route=\/wp\/v2\/users\/2"}],"replies":[{"embeddable":true,"href":"https:\/\/enfoquenoticioso.com\/index.php?rest_route=%2Fwp%2Fv2%2Fcomments&post=126683"}],"version-history":[{"count":0,"href":"https:\/\/enfoquenoticioso.com\/index.php?rest_route=\/wp\/v2\/posts\/126683\/revisions"}],"wp:featuredmedia":[{"embeddable":true,"href":"https:\/\/enfoquenoticioso.com\/index.php?rest_route=\/wp\/v2\/media\/126684"}],"wp:attachment":[{"href":"https:\/\/enfoquenoticioso.com\/index.php?rest_route=%2Fwp%2Fv2%2Fmedia&parent=126683"}],"wp:term":[{"taxonomy":"category","embeddable":true,"href":"https:\/\/enfoquenoticioso.com\/index.php?rest_route=%2Fwp%2Fv2%2Fcategories&post=126683"},{"taxonomy":"post_tag","embeddable":true,"href":"https:\/\/enfoquenoticioso.com\/index.php?rest_route=%2Fwp%2Fv2%2Ftags&post=126683"}],"curies":[{"name":"wp","href":"https:\/\/api.w.org\/{rel}","templated":true}]}}