{"id":126697,"date":"2026-04-13T10:39:57","date_gmt":"2026-04-13T10:39:57","guid":{"rendered":"https:\/\/enfoquenoticioso.com\/?p=126697"},"modified":"2026-04-13T10:39:57","modified_gmt":"2026-04-13T10:39:57","slug":"los-primeros-en-ver-avengers-doomsday-lo-tienen-muy-claro-es-la-mejor-pelicula-de-marvel-hasta-la-fecha","status":"publish","type":"post","link":"https:\/\/enfoquenoticioso.com\/?p=126697","title":{"rendered":"Los primeros en ver \u2018Avengers: Doomsday\u2019 lo tienen muy claro: es \u00abla mejor pel\u00edcula de Marvel\u00bb hasta la fecha"},"content":{"rendered":"<figure><img loading=\"lazy\" decoding=\"async\" width=\"1024\" height=\"640\" src=\"https:\/\/i0.wp.com\/imgs.hipertextual.com\/wp-content\/uploads\/2025\/10\/Robert-Downey-Jr-Doctor-Doom-Avengers-Doomsday.jpg?fit=1024%2C640&amp;quality=70&amp;strip=all&amp;ssl=1\" class=\"attachment-rss-image-size size-rss-image-size wp-post-image\" alt=\"Robert Downey Jr Doctor Doom Avengers Doomsday\" \/><\/figure>\n<p>Es cierto que Marvel ha tenido muchos problemas con <strong><em><a href=\"https:\/\/hipertextual.com\/cine-television\/kevin-feige-confirma-nuevos-detalles-de-avengers-doomsday\/\" target=\"_blank\" rel=\"noopener\">Avengers: Doomsday<\/a><\/em><\/strong> a lo largo de los a\u00f1os. La pel\u00edcula se anunci\u00f3 originalmente bajo otro t\u00edtulo, <a href=\"https:\/\/hipertextual.com\/cine-television\/planes-originales-de-marvel-para-avengers-the-kang-dynasty\/\" target=\"_blank\" rel=\"noopener\"><em>Avengers: The Kang Dynasty<\/em>, con <strong>Jonathan Majors<\/strong><\/a> como el gran villano y <strong>Destin Daniel Cretton<\/strong> como director. Sin embargo, despu\u00e9s pas\u00f3 a ser el proyecto que conocemos hoy en d\u00eda, con <a href=\"https:\/\/hipertextual.com\/cine-television\/avengers-doomsday-marvel-anuncia-reparto-completo\/\" target=\"_blank\" rel=\"noopener\">el regreso de <strong>Robert Donwey Jr.<\/strong> al <em>UCM<\/em><\/a> como el <strong>Doctor Doom<\/strong> y con <a href=\"https:\/\/hipertextual.com\/cine-television\/hermanos-russo-utilizaran-ia-en-avengers-doomsday\/\" target=\"_blank\" rel=\"noopener\">los hermanos <strong>Russo<\/strong><\/a> de nuevo detr\u00e1s de las c\u00e1maras.<\/p>\n<p>Ahora, tras tanto cambio, la pel\u00edcula est\u00e1 casi lista para <a href=\"https:\/\/hipertextual.com\/cine-television\/marvel-retrasa-avengers-doomsday-y-avengers-secret-wars\/\" target=\"_blank\" rel=\"noopener\">llegar a los cines a finales de este a\u00f1o<\/a>. Y algunos afortunados ya han podido ver <em>Avengers: Doomsday<\/em>, o al menos un primer montaje <a href=\"https:\/\/hipertextual.com\/cine-television\/entrevista-james-marsden-dudas-sobre-volver-ciclope-avengers-doomsday\/\" target=\"_blank\" rel=\"noopener\">antes de los habituales reshoots<\/a>. Las reacciones no se han hecho esperar y son, por fortuna, buen\u00edsimas noticias para cualquier fan de Marvel. Porque no dejan lugar a dudas sobre lo que podemos esperar del proyecto.<\/p>\n<p>Al parecer, seg\u00fan varios insiders, Marvel ha llevado a cabo una proyecci\u00f3n privada para <strong>Kevin Feige<\/strong> y vario ejecutivos de la compa\u00f1\u00eda. Y todos han salido muy satisfechos de <em>Avengers: Doomsday<\/em>. Tanto que, de acuerdo a <a href=\"https:\/\/x.com\/MyTimeToShineH\/status\/2043356760333771070\" target=\"_blank\" rel=\"noreferrer noopener\">@MyTimeToShineH<\/a>, han llegado a definirla como \u00abla mejor pel\u00edcula de Marvel hasta la fecha\u00bb. Otros aseguran que es \u00abla mejor pel\u00edcula de los hermanos <strong>Russo<\/strong> en Marvel\u00bb y <a href=\"https:\/\/x.com\/AvengersUpdated\/status\/2043395045781352598\" target=\"_blank\" rel=\"noreferrer noopener\">algunas fuentes<\/a> mencionan que las primeras reacciones son equiparables a las que tuvo <em>Avengers: Infinity War<\/em> all\u00e1 por 2018.<\/p>\n<figure class=\"wp-block-image alignwide size-large\"><img decoding=\"async\" data-recalc-dims=\"1\" loading=\"lazy\" width=\"780\" height=\"520\" src=\"https:\/\/i0.wp.com\/imgs.hipertextual.com\/wp-content\/uploads\/2025\/03\/JG2_0843_gWQIPV86-1500x1000.jpg?resize=780%2C520&#038;quality=70&#038;strip=all&#038;ssl=1\" alt=\"Avengers: Doomsday\" class=\"wp-image-1835458\" \/><figcaption><span class=\"image-credit\"><span class=\"credit-label-wrapper\">Credit:<\/span> Jesse Grant\/Getty Images for Disney<\/span><\/figcaption><\/figure>\n<p>Por supuesto, esto son noticias fant\u00e1sticas para <em>Avengers: Doomsday<\/em>. Que los ejecutivos de la compa\u00f1\u00eda la vean como una pel\u00edcula con tanto potencial es una primera pista de que se ha hecho un buen trabajo, ya que suelen ser exigentes y no siempre se muestran tan optimistas, obligando a realizar cambios muy importantes. Eso s\u00ed, a pesar de todo hay que tomarlo con pinzas. Porque en su momento tambi\u00e9n salieron muy contentos de las primeras proyecciones de <em>Ant-Man y la Avispa: Quantuman\u00eda<\/em> e incluso apuntaron a que <em>Eternals<\/em> pod\u00eda llegar a estar nominada a los Premios Oscar.<\/p>\n<div class=\"wp-block-group is-style-default has-primary-color has-text-color has-background\" style=\"background-color:#007e941c\">\n<div class=\"wp-block-group__inner-container is-layout-flow wp-block-group-is-layout-flow\">\n<div class=\"wp-block-columns is-layout-flex wp-container-core-columns-is-layout-9d6595d7 wp-block-columns-is-layout-flex\">\n<div class=\"wp-block-column is-vertically-aligned-center is-layout-flow wp-block-column-is-layout-flow\" style=\"flex-basis:30%\">\n<div class=\"wp-block-image\">\n<figure class=\"aligncenter size-full\"><img decoding=\"async\" data-recalc-dims=\"1\" loading=\"lazy\" width=\"377\" height=\"354\" src=\"https:\/\/i0.wp.com\/imgs.hipertextual.com\/wp-content\/uploads\/2024\/03\/new-disney-icon-splash-screen-v0-v5hjilcy4qpc1.jpeg?resize=377%2C354&#038;quality=70&#038;strip=all&#038;ssl=1\" alt=\"\" class=\"wp-image-1785767\" \/><\/figure>\n<\/div>\n<\/div>\n<div class=\"wp-block-column is-layout-flow wp-block-column-is-layout-flow\" style=\"flex-basis:70%\">\n<p class=\"has-text-align-center\" style=\"font-size:17px\">Date de <strong>alta en <a href=\"https:\/\/disneyplus.bn5x.net\/DV0Mzo\" target=\"_blank\" rel=\"noreferrer noopener sponsored nofollow\">Disney+<\/a><\/strong> ahora y <strong>ahorra gracias a la suscripci\u00f3n anual<\/strong>, con la que podr\u00e1s disfrutar de todo su cat\u00e1logo de series y pel\u00edculas. <strong>Acceso a los \u00faltimos estrenos<\/strong>, al cat\u00e1logo de <strong>Star<\/strong> y ESPN* y a los mejores documentales de National Geographic.<\/p>\n<div class=\"wp-block-buttons is-content-justification-center is-layout-flex wp-container-core-buttons-is-layout-16018d1d wp-block-buttons-is-layout-flex\">\n<div class=\"wp-block-button has-custom-width wp-block-button__width-100 is-style-fill\"><a class=\"wp-block-button__link has-white-color has-text-color has-background has-custom-font-size wp-element-button\" href=\"https:\/\/geni.us\/dpromo\" style=\"border-radius:6px;background:linear-gradient(135deg,rgb(0,124,147) 0%,rgb(4,57,78) 51%);font-size:18px\" target=\"_blank\" rel=\"noreferrer noopener sponsored nofollow\">Suscr\u00edbete con descuento<\/a><\/div>\n<\/div>\n<\/div>\n<\/div>\n<p style=\"font-size:11px\"><em>*ESPN solo est\u00e1 disponible en Latinoam\u00e9rica. Ahorro respecto a 12 meses de suscripci\u00f3n mensual.<\/em><\/p>\n<\/div>\n<\/div>\n<div id=\"ez-toc-container\" class=\"ez-toc-v2_0_81 counter-hierarchy ez-toc-counter ez-toc-grey ez-toc-container-direction\">\n<div class=\"ez-toc-title-container\">\n<p class=\"ez-toc-title\" style=\"cursor:inherit\">Tabla de Contenido<\/p>\n<span class=\"ez-toc-title-toggle\"><a href=\"#\" class=\"ez-toc-pull-right ez-toc-btn ez-toc-btn-xs ez-toc-btn-default ez-toc-toggle\" aria-label=\"Alternar tabla de contenidos\"><span class=\"ez-toc-js-icon-con\"><span class=\"\"><span class=\"eztoc-hide\" style=\"display:none;\">Toggle<\/span><span class=\"ez-toc-icon-toggle-span\"><svg style=\"fill: #999;color:#999\" xmlns=\"http:\/\/www.w3.org\/2000\/svg\" class=\"list-377408\" width=\"20px\" height=\"20px\" viewBox=\"0 0 24 24\" fill=\"none\"><path d=\"M6 6H4v2h2V6zm14 0H8v2h12V6zM4 11h2v2H4v-2zm16 0H8v2h12v-2zM4 16h2v2H4v-2zm16 0H8v2h12v-2z\" fill=\"currentColor\"><\/path><\/svg><svg style=\"fill: #999;color:#999\" class=\"arrow-unsorted-368013\" xmlns=\"http:\/\/www.w3.org\/2000\/svg\" width=\"10px\" height=\"10px\" viewBox=\"0 0 24 24\" version=\"1.2\" baseProfile=\"tiny\"><path d=\"M18.2 9.3l-6.2-6.3-6.2 6.3c-.2.2-.3.4-.3.7s.1.5.3.7c.2.2.4.3.7.3h11c.3 0 .5-.1.7-.3.2-.2.3-.5.3-.7s-.1-.5-.3-.7zM5.8 14.7l6.2 6.3 6.2-6.3c.2-.2.3-.5.3-.7s-.1-.5-.3-.7c-.2-.2-.4-.3-.7-.3h-11c-.3 0-.5.1-.7.3-.2.2-.3.5-.3.7s.1.5.3.7z\"\/><\/svg><\/span><\/span><\/span><\/a><\/span><\/div>\n<nav><ul class='ez-toc-list ez-toc-list-level-1 ' ><li class='ez-toc-page-1 ez-toc-heading-level-2'><a class=\"ez-toc-link ez-toc-heading-1\" href=\"https:\/\/enfoquenoticioso.com\/?p=126697\/#Cuando_se_estrena_el_nuevo_trailer_de_Avengers_Doomsday\" >Cu\u00e1ndo se estrena el nuevo tr\u00e1iler de Avengers: Doomsday<\/a><\/li><\/ul><\/nav><\/div>\n<h2 class=\"wp-block-heading\" id=\"h-cuando-se-estrena-el-nuevo-trailer-de-avengers-doomsday\"><span class=\"ez-toc-section\" id=\"Cuando_se_estrena_el_nuevo_trailer_de_Avengers_Doomsday\"><\/span>Cu\u00e1ndo se estrena el nuevo tr\u00e1iler de <em>Avengers: Doomsday<\/em><span class=\"ez-toc-section-end\"><\/span><\/h2>\n<p>El pasado mes de diciembre, Marvel estren\u00f3 de golpe <a href=\"https:\/\/hipertextual.com\/tecnologia\/los-4-trailers-de-avengers-doomsday-ordenados-de-mejor-a-peor\/\" target=\"_blank\" rel=\"noopener\">cuatro tr\u00e1ileres consecutivos<\/a> de <em>Avengers: Doomsday<\/em>. <a href=\"https:\/\/hipertextual.com\/cine-television\/avengers-doomsday-teaser-trailer-oficial-capitan-america\/\" target=\"_blank\" rel=\"noopener\">En el primero<\/a> se confirm\u00f3 el regreso de <strong>Chris Evans<\/strong> como el <strong>Capit\u00e1n Am\u00e9rica<\/strong>. <a href=\"https:\/\/hipertextual.com\/cine-television\/segundo-trailer-avengers-doomsday-thor\/\" target=\"_blank\" rel=\"noopener\">En el segundo<\/a>, se mostr\u00f3 a <strong>Thor<\/strong> listo para librar una nueva batalla. <a href=\"https:\/\/hipertextual.com\/cine-television\/filtrado-nuevo-trailer-de-avengers-doomsday-regreso-x-men\/\" target=\"_blank\" rel=\"noopener\">Con el tercero<\/a>, la Casa de las Ideas recuperaba a los <strong>X-Men<\/strong> de la saga de los a\u00f1os 2000. Y <a href=\"https:\/\/hipertextual.com\/cine-television\/ultimo-trailer-de-avengers-doomsday-con-uno-de-los-encuentros-mas-esperados-de-marvel\/\" target=\"_blank\" rel=\"noopener\">en el cuarto<\/a>, los <strong>4 Fant\u00e1sticos<\/strong> se un\u00edan a <strong>Black Panther<\/strong> y los <strong>Guerreros de Wakanda<\/strong>.<\/p>\n<p>Sin embargo, no hay ni rastro del <strong>Doctor Doom<\/strong> ni del resto de personajes confirmados para la pel\u00edcula. Por eso, los fans no pueden esperar a ver alg\u00fan avance m\u00e1s del proyecto. Algo que podr\u00eda llegar esta misma semana. Y es que entre el 13 y el 16 de abril se celebra en Las Vegas la CinemaCon 2026. Una convenci\u00f3n por la que pasan todos los grandes estudios y en la que Marvel podr\u00eda estrenar el nuevo tr\u00e1iler de <em>Avengers: Doomsday<\/em>. En los pr\u00f3ximos d\u00edas saldremos de dudas.<\/p>\n<p><em>Avengers: Doomsday<\/em> se estrena en cines el 18 de diciembre.<\/p>\n<p>Seguir leyendo: <a href=\"https:\/\/hipertextual.com\/cine-television\/primeras-reacciones-avengers-doomsday-la-mejor-pelicula-de-marvel\/\" target=\"_blank\" rel=\"noopener\">Los primeros en ver &#8216;Avengers: Doomsday&#8217; lo tienen muy claro: es \u00abla mejor pel\u00edcula de Marvel\u00bb hasta la fecha<\/a><\/p>\n<p><a href=\"https:\/\/hipertextual.com\/cine-television\/primeras-reacciones-avengers-doomsday-la-mejor-pelicula-de-marvel\/\" class=\" target=\" title=\"Los primeros en ver \u2018Avengers: Doomsday\u2019 lo tienen muy claro: es \u00abla mejor pel\u00edcula de Marvel\u00bb hasta la fecha\" target=\"_blank\" rel=\"noopener\">Ver fuente<\/a><\/p>\n","protected":false},"excerpt":{"rendered":"<p>Es cierto que Marvel ha tenido muchos problemas con Avengers: Doomsday a lo largo de los a\u00f1os. La pel\u00edcula se anunci\u00f3 originalmente bajo otro t\u00edtulo, Avengers: The Kang Dynasty, con Jonathan Majors como el gran villano y Destin Daniel Cretton como director. Sin embargo, despu\u00e9s pas\u00f3 a ser el proyecto que conocemos hoy en d\u00eda, [&hellip;]<\/p>\n","protected":false},"author":2,"featured_media":126698,"comment_status":"open","ping_status":"closed","sticky":false,"template":"","format":"standard","meta":{"footnotes":""},"categories":[9],"tags":[],"class_list":["post-126697","post","type-post","status-publish","format-standard","has-post-thumbnail","hentry","category-tecnologia"],"_links":{"self":[{"href":"https:\/\/enfoquenoticioso.com\/index.php?rest_route=\/wp\/v2\/posts\/126697","targetHints":{"allow":["GET"]}}],"collection":[{"href":"https:\/\/enfoquenoticioso.com\/index.php?rest_route=\/wp\/v2\/posts"}],"about":[{"href":"https:\/\/enfoquenoticioso.com\/index.php?rest_route=\/wp\/v2\/types\/post"}],"author":[{"embeddable":true,"href":"https:\/\/enfoquenoticioso.com\/index.php?rest_route=\/wp\/v2\/users\/2"}],"replies":[{"embeddable":true,"href":"https:\/\/enfoquenoticioso.com\/index.php?rest_route=%2Fwp%2Fv2%2Fcomments&post=126697"}],"version-history":[{"count":0,"href":"https:\/\/enfoquenoticioso.com\/index.php?rest_route=\/wp\/v2\/posts\/126697\/revisions"}],"wp:featuredmedia":[{"embeddable":true,"href":"https:\/\/enfoquenoticioso.com\/index.php?rest_route=\/wp\/v2\/media\/126698"}],"wp:attachment":[{"href":"https:\/\/enfoquenoticioso.com\/index.php?rest_route=%2Fwp%2Fv2%2Fmedia&parent=126697"}],"wp:term":[{"taxonomy":"category","embeddable":true,"href":"https:\/\/enfoquenoticioso.com\/index.php?rest_route=%2Fwp%2Fv2%2Fcategories&post=126697"},{"taxonomy":"post_tag","embeddable":true,"href":"https:\/\/enfoquenoticioso.com\/index.php?rest_route=%2Fwp%2Fv2%2Ftags&post=126697"}],"curies":[{"name":"wp","href":"https:\/\/api.w.org\/{rel}","templated":true}]}}