{"id":126703,"date":"2026-04-13T11:42:41","date_gmt":"2026-04-13T11:42:41","guid":{"rendered":"https:\/\/enfoquenoticioso.com\/?p=126703"},"modified":"2026-04-13T11:42:41","modified_gmt":"2026-04-13T11:42:41","slug":"la-ultima-locura-de-meta-con-la-ia-clonar-a-mark-zuckerberg-para-que-sus-empleados-lo-usen","status":"publish","type":"post","link":"https:\/\/enfoquenoticioso.com\/?p=126703","title":{"rendered":"La \u00faltima locura de Meta con la IA: clonar a Mark Zuckerberg para que sus empleados lo usen"},"content":{"rendered":"<figure><img loading=\"lazy\" decoding=\"async\" width=\"1024\" height=\"576\" src=\"https:\/\/i0.wp.com\/imgs.hipertextual.com\/wp-content\/uploads\/2025\/12\/mark-zuckerberg-metaverso-meta-scaled.jpg?fit=1024%2C576&amp;quality=70&amp;strip=all&amp;ssl=1\" class=\"attachment-rss-image-size size-rss-image-size wp-post-image\" alt=\"\" \/><\/figure>\n<p>Meta no es la \u00fanica compa\u00f1\u00eda que est\u00e1 constantemente buscando la forma de integrar la <a href=\"https:\/\/hipertextual.com\/tecnologia\/dario-amodei-ceo-de-anthropic-entiendo-las-ventajas-de-la-ia-pero-no-se-estan-comprendiendo-los-riesgos\/\" target=\"_blank\" rel=\"noopener\">inteligencia artificial<\/a> en su entorno laboral, pero muy probablemente es la que, hasta el momento, ha tenido la idea m\u00e1s loca. Seg\u00fan varios reportes, la compa\u00f1\u00eda est\u00e1 desarrollando una <strong>versi\u00f3n de inteligencia artificial de Mark Zuckerberg<\/strong> que es capaz de interactuar con los empleados. <\/p>\n<p>Tal y como revela <em><a href=\"https:\/\/www.ft.com\/content\/02107c23-6c7a-4c19-b8e2-b45f4bb9ce5f?accessToken=zwAAAZ2FeGM2kc8CEHwjbHpMGdO44rRfS7nOXw.MEUCIGO97KxyXuA40LQKD5GorpsBe1nlkGty3WJGGJBIXh7lAiEAoO9A3YqT_DCd8PaYdE7b8z-vF-iFN1NHHS-jTqclFbs&amp;sharetype=gift&amp;token=a2cdbe3b-1bbb-4480-9eff-00bfa8825596&amp;syn-25a6b1a6=1\" target=\"_blank\" rel=\"noopener\">Financial Times<\/a><\/em>, Meta lleva un tiempo trabajando en avatares 3D potenciados por inteligencia artificial y que son capaces de interactuar con las personas, y desde hace poco, el equipo dentro de la compa\u00f1\u00eda encargada de ello, <strong>est\u00e1 priorizando un avatar 3D de Mark Zuckerberg<\/strong> para que los empleados puedan interactuar con el CEO en tiempo real.<\/p>\n<p>Por supuesto, Mark Zuckerberg est\u00e1 involucrado en la creaci\u00f3n y las pruebas de este avatar en 3D. De hecho, el personaje de IA se est\u00e1 entrenando con los gestos, el tono y las declaraciones que el ejecutivo ha hecho p\u00fablicamente en los \u00faltimos meses. El avatar de Mark Zuckerberg potenciado por IA, incluso, <strong>puede responder a dudas o a visiones sobre el futuro de la compa\u00f1\u00eda.<\/strong> El objetivo final es que los empleados puedan sentirse m\u00e1s conectados con el CEO y fundador de Meta. <\/p>\n<div id=\"ez-toc-container\" class=\"ez-toc-v2_0_81 counter-hierarchy ez-toc-counter ez-toc-grey ez-toc-container-direction\">\n<div class=\"ez-toc-title-container\">\n<p class=\"ez-toc-title\" style=\"cursor:inherit\">Tabla de Contenido<\/p>\n<span class=\"ez-toc-title-toggle\"><a href=\"#\" class=\"ez-toc-pull-right ez-toc-btn ez-toc-btn-xs ez-toc-btn-default ez-toc-toggle\" aria-label=\"Alternar tabla de contenidos\"><span class=\"ez-toc-js-icon-con\"><span class=\"\"><span class=\"eztoc-hide\" style=\"display:none;\">Toggle<\/span><span class=\"ez-toc-icon-toggle-span\"><svg style=\"fill: #999;color:#999\" xmlns=\"http:\/\/www.w3.org\/2000\/svg\" class=\"list-377408\" width=\"20px\" height=\"20px\" viewBox=\"0 0 24 24\" fill=\"none\"><path d=\"M6 6H4v2h2V6zm14 0H8v2h12V6zM4 11h2v2H4v-2zm16 0H8v2h12v-2zM4 16h2v2H4v-2zm16 0H8v2h12v-2z\" fill=\"currentColor\"><\/path><\/svg><svg style=\"fill: #999;color:#999\" class=\"arrow-unsorted-368013\" xmlns=\"http:\/\/www.w3.org\/2000\/svg\" width=\"10px\" height=\"10px\" viewBox=\"0 0 24 24\" version=\"1.2\" baseProfile=\"tiny\"><path d=\"M18.2 9.3l-6.2-6.3-6.2 6.3c-.2.2-.3.4-.3.7s.1.5.3.7c.2.2.4.3.7.3h11c.3 0 .5-.1.7-.3.2-.2.3-.5.3-.7s-.1-.5-.3-.7zM5.8 14.7l6.2 6.3 6.2-6.3c.2-.2.3-.5.3-.7s-.1-.5-.3-.7c-.2-.2-.4-.3-.7-.3h-11c-.3 0-.5.1-.7.3-.2.2-.3.5-.3.7s.1.5.3.7z\"\/><\/svg><\/span><\/span><\/span><\/a><\/span><\/div>\n<nav><ul class='ez-toc-list ez-toc-list-level-1 ' ><li class='ez-toc-page-1 ez-toc-heading-level-2'><a class=\"ez-toc-link ez-toc-heading-1\" href=\"https:\/\/enfoquenoticioso.com\/?p=126703\/#El_avatar_de_IA_de_Mark_Zuckerberg_es_el_primer_paso_para_Meta\" >El avatar de IA de Mark Zuckerberg es el primer paso para Meta<\/a><\/li><\/ul><\/nav><\/div>\n<h2 class=\"wp-block-heading\" id=\"h-el-avatar-de-ia-de-mark-zuckerberg-es-el-primer-paso-para-meta\"><span class=\"ez-toc-section\" id=\"El_avatar_de_IA_de_Mark_Zuckerberg_es_el_primer_paso_para_Meta\"><\/span>El avatar de IA de Mark Zuckerberg es el primer paso para Meta<span class=\"ez-toc-section-end\"><\/span><\/h2>\n<figure class=\"wp-block-image alignwide size-large\"><img decoding=\"async\" data-recalc-dims=\"1\" loading=\"lazy\" width=\"780\" height=\"439\" src=\"https:\/\/i0.wp.com\/imgs.hipertextual.com\/wp-content\/uploads\/2026\/04\/meta-ai-1500x844.jpg?resize=780%2C439&#038;quality=70&#038;strip=all&#038;ssl=1\" alt=\"\" class=\"wp-image-1881295\" \/><\/figure>\n<p>El personaje de Mark Zuckerberg, por supuesto, <strong>tendr\u00e1 la misma voz que el ejecutivo<\/strong>, y actualmente se est\u00e1n utilizando im\u00e1genes de \u00e9l mismo para tener una est\u00e9tica similar. Fuentes familiarizadas en el asunto han destacado a <em>Financial Times<\/em> que si este avatar 3D funciona, Meta en un futuro podr\u00eda lanzarlo a creadores de contenido para que estos puedan interactuar con sus seguidores.<\/p>\n<p>Este, adem\u00e1s, es uno de los m\u00faltiples proyectos que Meta tiene con relaci\u00f3n a la IA. La compa\u00f1\u00eda tambi\u00e9n est\u00e1 trabajando en <strong>una especie de ayudante o \u201cagente CEO\u201d<\/strong> que le permita a Zuckerberg recopilar informaci\u00f3n relacionada con sus tareas r\u00e1pidamente. Mientras tanto, el m\u00e1ximo responsable sigue enfocado en la IA y en competir contra gigantes como Google y Gemini. Hay reportes que incluso dicen que Zuckerberg ha estado \u00edntegramente involucrado en el desarrollo y ha formado parte de revisiones t\u00e9cnicas relacionadas con la creaci\u00f3n de nuevos modelos. <\/p>\n<p>Meta, recordemos, tiene como objetivo crear una <strong>inteligencia artificial general <\/strong>que sea mucho m\u00e1s potente de lo que es capaz de hacer Claude o ChatGPT. Mientras tanto, la compa\u00f1\u00eda se centra ahora en lanzar peque\u00f1os modelos disponibles en algunos de sus productos y servicios.<\/p>\n<p>Seguir leyendo: <a href=\"https:\/\/hipertextual.com\/tecnologia\/la-ultima-locura-de-meta-con-la-ia-clonar-a-mark-zuckerberg-para-que-sus-empleados-lo-usen\/\" target=\"_blank\" rel=\"noopener\">La \u00faltima locura de Meta con la IA: clonar a Mark Zuckerberg para que sus empleados lo usen<\/a><\/p>\n<p><a href=\"https:\/\/hipertextual.com\/tecnologia\/la-ultima-locura-de-meta-con-la-ia-clonar-a-mark-zuckerberg-para-que-sus-empleados-lo-usen\/\" class=\" target=\" title=\"La \u00faltima locura de Meta con la IA: clonar a Mark Zuckerberg para que sus empleados lo usen\" target=\"_blank\" rel=\"noopener\">Ver fuente<\/a><\/p>\n","protected":false},"excerpt":{"rendered":"<p>Meta no es la \u00fanica compa\u00f1\u00eda que est\u00e1 constantemente buscando la forma de integrar la inteligencia artificial en su entorno laboral, pero muy probablemente es la que, hasta el momento, ha tenido la idea m\u00e1s loca. Seg\u00fan varios reportes, la compa\u00f1\u00eda est\u00e1 desarrollando una versi\u00f3n de inteligencia artificial de Mark Zuckerberg que es capaz de [&hellip;]<\/p>\n","protected":false},"author":2,"featured_media":126704,"comment_status":"open","ping_status":"closed","sticky":false,"template":"","format":"standard","meta":{"footnotes":""},"categories":[9],"tags":[],"class_list":["post-126703","post","type-post","status-publish","format-standard","has-post-thumbnail","hentry","category-tecnologia"],"_links":{"self":[{"href":"https:\/\/enfoquenoticioso.com\/index.php?rest_route=\/wp\/v2\/posts\/126703","targetHints":{"allow":["GET"]}}],"collection":[{"href":"https:\/\/enfoquenoticioso.com\/index.php?rest_route=\/wp\/v2\/posts"}],"about":[{"href":"https:\/\/enfoquenoticioso.com\/index.php?rest_route=\/wp\/v2\/types\/post"}],"author":[{"embeddable":true,"href":"https:\/\/enfoquenoticioso.com\/index.php?rest_route=\/wp\/v2\/users\/2"}],"replies":[{"embeddable":true,"href":"https:\/\/enfoquenoticioso.com\/index.php?rest_route=%2Fwp%2Fv2%2Fcomments&post=126703"}],"version-history":[{"count":0,"href":"https:\/\/enfoquenoticioso.com\/index.php?rest_route=\/wp\/v2\/posts\/126703\/revisions"}],"wp:featuredmedia":[{"embeddable":true,"href":"https:\/\/enfoquenoticioso.com\/index.php?rest_route=\/wp\/v2\/media\/126704"}],"wp:attachment":[{"href":"https:\/\/enfoquenoticioso.com\/index.php?rest_route=%2Fwp%2Fv2%2Fmedia&parent=126703"}],"wp:term":[{"taxonomy":"category","embeddable":true,"href":"https:\/\/enfoquenoticioso.com\/index.php?rest_route=%2Fwp%2Fv2%2Fcategories&post=126703"},{"taxonomy":"post_tag","embeddable":true,"href":"https:\/\/enfoquenoticioso.com\/index.php?rest_route=%2Fwp%2Fv2%2Ftags&post=126703"}],"curies":[{"name":"wp","href":"https:\/\/api.w.org\/{rel}","templated":true}]}}