{"id":126717,"date":"2026-04-13T12:44:48","date_gmt":"2026-04-13T12:44:48","guid":{"rendered":"https:\/\/enfoquenoticioso.com\/?p=126717"},"modified":"2026-04-13T12:44:48","modified_gmt":"2026-04-13T12:44:48","slug":"los-7-nuevos-superheroes-de-the-boys-ordenados-por-escala-de-poder","status":"publish","type":"post","link":"https:\/\/enfoquenoticioso.com\/?p=126717","title":{"rendered":"Los 7 nuevos superh\u00e9roes de \u2018The Boys\u2019, ordenados por escala de poder"},"content":{"rendered":"<figure><img loading=\"lazy\" decoding=\"async\" width=\"1024\" height=\"614\" src=\"https:\/\/i0.wp.com\/imgs.hipertextual.com\/wp-content\/uploads\/2026\/04\/The-Boys-nuevos-superheroes.jpg?fit=1024%2C614&amp;quality=70&amp;strip=all&amp;ssl=1\" class=\"attachment-rss-image-size size-rss-image-size wp-post-image\" alt=\"The Boys nuevos superh\u00e9roes\" \/><\/figure>\n<p>La <a href=\"https:\/\/hipertextual.com\/cine-television\/the-boys-t5-critica-una-despedida-brutal-y-a-lo-grande\/\" target=\"_blank\" rel=\"noopener\">temporada 5 de <em><strong>The Boys<\/strong><\/em><\/a> acaba de llegar a Amazon Prime Video y, con ella, la serie ha presentado a\u00fan a m\u00e1s superh\u00e9roes. El proyecto que arranc\u00f3 en 2019 se ha convertido en <a href=\"https:\/\/hipertextual.com\/cine-television\/el-calendario-completo-de-the-boys-temporada-5-explicado-numero-de-episodios-y-fechas-de-estreno\/\" target=\"_blank\" rel=\"noopener\">uno de los grandes t\u00edtulos televisivos de la actualidad<\/a>. Mezcla de parodia del g\u00e9nero de superh\u00e9roes e historia ultraviolenta, ha enamorado a millones de fans. Lo ha hecho, adem\u00e1s, presentando a un sinf\u00edn de nuevos personajes.<\/p>\n<p>Algunos secundarios y otros fichajes claves para la trama, todos ellos han puesto a prueba la imaginaci\u00f3n de los guionistas. Y es que han tenido que desarrollar nuevos poderes y habilidades para ellos, buscando siempre el giro m\u00e1s grotesco posible. Por supuesto, la temporada 5 de <em><a href=\"https:\/\/www.primevideo.com\/-\/es\/detail\/The-Boys\/0N9BB22P2FZ8UD2BBLNX07RP22\" target=\"_blank\" rel=\"noreferrer noopener\">The Boys<\/a><\/em> no iba a ser menos y tambi\u00e9n cuenta con varios superh\u00e9roes nuevos que, <a href=\"https:\/\/hipertextual.com\/cine-television\/temporada-5-the-boys-primera-victima-quien-muere-episodios-1-y-2\/\" target=\"_blank\" rel=\"noopener\">en sus dos primeros episodios<\/a>, ya se han dejado ver.<\/p>\n<p>La serie est\u00e1 acerc\u00e1ndose a su final, con <a href=\"https:\/\/hipertextual.com\/cine-television\/the-boys-cuarta-temporada-final-explicado-como-prepara-la-quinta-temporada\/\" target=\"_blank\" rel=\"noopener\">un mundo dominado por\u00a0<strong>Patriota<\/strong><\/a>, con control absoluto del gobierno. Por su parte,\u00a0<strong>Hughie<\/strong>,\u00a0<strong>Leche Materna<\/strong>,\u00a0<strong>Frenchie<\/strong>, <strong>Annie<\/strong> y <strong>Kimiko<\/strong>\u00a0luchan por organizar una resistencia contra la abrumadora fuerza de los Supers. Pero cuando\u00a0<strong>Carnicero<\/strong>\u00a0reaparece,\u00a0<a href=\"https:\/\/hipertextual.com\/cine-television\/mira-el-salvaje-trailer-de-the-boys-la-temporada-final-sera-mas-sangrienta-que-nunca\/\" target=\"_blank\" rel=\"noopener\">dispuesto a utilizar un virus que acabar\u00e1 con todos los Supers<\/a>, pone en marcha una serie de acontecimientos que cambiar\u00e1n para siempre el mundo y a todos sus habitantes. Y estos son los 7 superh\u00e9roes nuevos que ha presentado <em>The Boys<\/em> en su temporada 5, ordenados por su escala de poder.<\/p>\n<div id=\"ez-toc-container\" class=\"ez-toc-v2_0_81 counter-hierarchy ez-toc-counter ez-toc-grey ez-toc-container-direction\">\n<div class=\"ez-toc-title-container\">\n<p class=\"ez-toc-title\" style=\"cursor:inherit\">Tabla de Contenido<\/p>\n<span class=\"ez-toc-title-toggle\"><a href=\"#\" class=\"ez-toc-pull-right ez-toc-btn ez-toc-btn-xs ez-toc-btn-default ez-toc-toggle\" aria-label=\"Alternar tabla de contenidos\"><span class=\"ez-toc-js-icon-con\"><span class=\"\"><span class=\"eztoc-hide\" style=\"display:none;\">Toggle<\/span><span class=\"ez-toc-icon-toggle-span\"><svg style=\"fill: #999;color:#999\" xmlns=\"http:\/\/www.w3.org\/2000\/svg\" class=\"list-377408\" width=\"20px\" height=\"20px\" viewBox=\"0 0 24 24\" fill=\"none\"><path d=\"M6 6H4v2h2V6zm14 0H8v2h12V6zM4 11h2v2H4v-2zm16 0H8v2h12v-2zM4 16h2v2H4v-2zm16 0H8v2h12v-2z\" fill=\"currentColor\"><\/path><\/svg><svg style=\"fill: #999;color:#999\" class=\"arrow-unsorted-368013\" xmlns=\"http:\/\/www.w3.org\/2000\/svg\" width=\"10px\" height=\"10px\" viewBox=\"0 0 24 24\" version=\"1.2\" baseProfile=\"tiny\"><path d=\"M18.2 9.3l-6.2-6.3-6.2 6.3c-.2.2-.3.4-.3.7s.1.5.3.7c.2.2.4.3.7.3h11c.3 0 .5-.1.7-.3.2-.2.3-.5.3-.7s-.1-.5-.3-.7zM5.8 14.7l6.2 6.3 6.2-6.3c.2-.2.3-.5.3-.7s-.1-.5-.3-.7c-.2-.2-.4-.3-.7-.3h-11c-.3 0-.5.1-.7.3-.2.2-.3.5-.3.7s.1.5.3.7z\"\/><\/svg><\/span><\/span><\/span><\/a><\/span><\/div>\n<nav><ul class='ez-toc-list ez-toc-list-level-1 ' ><li class='ez-toc-page-1 ez-toc-heading-level-2'><a class=\"ez-toc-link ez-toc-heading-1\" href=\"https:\/\/enfoquenoticioso.com\/?p=126717\/#7-_El_Gusano\" >7- El Gusano<\/a><\/li><li class='ez-toc-page-1 ez-toc-heading-level-2'><a class=\"ez-toc-link ez-toc-heading-2\" href=\"https:\/\/enfoquenoticioso.com\/?p=126717\/#6-_Condesa_Cuervo\" >6- Condesa Cuervo<\/a><\/li><li class='ez-toc-page-1 ez-toc-heading-level-2'><a class=\"ez-toc-link ez-toc-heading-3\" href=\"https:\/\/enfoquenoticioso.com\/?p=126717\/#5-_Sheline\" >5- Sheline<\/a><\/li><li class='ez-toc-page-1 ez-toc-heading-level-2'><a class=\"ez-toc-link ez-toc-heading-4\" href=\"https:\/\/enfoquenoticioso.com\/?p=126717\/#4-_Jetstreak\" >4- Jetstreak<\/a><\/li><li class='ez-toc-page-1 ez-toc-heading-level-2'><a class=\"ez-toc-link ez-toc-heading-5\" href=\"https:\/\/enfoquenoticioso.com\/?p=126717\/#3-_Ashley_Barrett\" >3- Ashley Barrett<\/a><\/li><li class='ez-toc-page-1 ez-toc-heading-level-2'><a class=\"ez-toc-link ez-toc-heading-6\" href=\"https:\/\/enfoquenoticioso.com\/?p=126717\/#2-_Oh-Padre\" >2- Oh-Padre<\/a><\/li><li class='ez-toc-page-1 ez-toc-heading-level-2'><a class=\"ez-toc-link ez-toc-heading-7\" href=\"https:\/\/enfoquenoticioso.com\/?p=126717\/#1-_La_Roca\" >1- La Roca<\/a><\/li><\/ul><\/nav><\/div>\n<h2 class=\"wp-block-heading\" id=\"h-7-el-gusano\"><span class=\"ez-toc-section\" id=\"7-_El_Gusano\"><\/span>7- El Gusano<span class=\"ez-toc-section-end\"><\/span><\/h2>\n<figure class=\"wp-block-image alignwide size-large\"><img decoding=\"async\" data-recalc-dims=\"1\" loading=\"lazy\" width=\"780\" height=\"439\" src=\"https:\/\/i0.wp.com\/imgs.hipertextual.com\/wp-content\/uploads\/2026\/04\/El-Gusano-The-Boys-1500x844.jpg?resize=780%2C439&#038;quality=70&#038;strip=all&#038;ssl=1\" alt=\"El Gusano The Boys\" class=\"wp-image-1881763\" \/><\/figure>\n<p>En el primer episodio de <em>The Boys<\/em>, <strong>Carnicero<\/strong> les presenta a <strong>Annie<\/strong> y <strong>Kimiko<\/strong> a un nuevo superh\u00e9roe, <strong>El Gusano<\/strong>. Se trata de un hombre m\u00e1s bien pat\u00e9tico que se alimenta de tierra y es capaz de cavar agujeros y t\u00faneles en el suelo a gran velocidad. Por supuesto, todo lo que entra tiene que salir, as\u00ed que era previsible ver por d\u00f3nde iban a hacerlo. A medida que traga roca, tambi\u00e9n la expulsa defec\u00e1ndola. Aunque es \u00fatil para entrar en el \u00abcampo de libertad\u00bb en el que est\u00e1n presos <strong>Hughie<\/strong> y compa\u00f1\u00eda, obviamente es el superh\u00e9roe m\u00e1s inofensivo de todos los nuevos.<\/p>\n<h2 class=\"wp-block-heading\" id=\"h-6-condesa-cuervo\"><span class=\"ez-toc-section\" id=\"6-_Condesa_Cuervo\"><\/span>6- Condesa Cuervo<span class=\"ez-toc-section-end\"><\/span><\/h2>\n<figure class=\"wp-block-image alignwide size-full\"><img decoding=\"async\" data-recalc-dims=\"1\" loading=\"lazy\" width=\"780\" height=\"438\" src=\"https:\/\/i0.wp.com\/imgs.hipertextual.com\/wp-content\/uploads\/2026\/04\/Condesa-Cuervo-The-Boys.jpg?resize=780%2C438&#038;quality=70&#038;strip=all&#038;ssl=1\" alt=\"Condesa Cuervo The Boys\" class=\"wp-image-1881762\" \/><\/figure>\n<p>La <strong>Condesa Cuervo<\/strong> es miembro de los Teenage Kix, un grupito de superh\u00e9roes adolescentes que ejercen a la vez de influencers y vigilantes de su ciudad. Los poderes de esta superhero\u00edna le permiten controlar a los cuervos. Algo que puede ser interesante para ciertas misiones, pero que no la convierten ni mucho menos en una amenaza seria. De hecho, es la m\u00e1s d\u00e9bil de su grupo.<\/p>\n<h2 class=\"wp-block-heading\" id=\"h-5-sheline\"><span class=\"ez-toc-section\" id=\"5-_Sheline\"><\/span>5- Sheline<span class=\"ez-toc-section-end\"><\/span><\/h2>\n<figure class=\"wp-block-image alignwide size-large\"><img decoding=\"async\" data-recalc-dims=\"1\" loading=\"lazy\" width=\"780\" height=\"439\" src=\"https:\/\/i0.wp.com\/imgs.hipertextual.com\/wp-content\/uploads\/2026\/04\/Sheline-The-Boys-1500x844.jpg?resize=780%2C439&#038;quality=70&#038;strip=all&#038;ssl=1\" alt=\"Sheline The Boys\" class=\"wp-image-1881767\" \/><\/figure>\n<p>Tambi\u00e9n de los Teenage Kix, <strong>Sheline<\/strong> es una clara parodia de <strong>Catwoman<\/strong> o de <strong>Gata Negra<\/strong>, de DC y Marvel respectivamente. Tiene habilidades felinas como enormes reflejos, garras afiladas y, tambi\u00e9n, escupir bolas de pelo. Es algo m\u00e1s fuerte que <strong>Condesa Cuervo<\/strong> ya que puede cargarse a sus cuervos sin demasiados problemas. Es poderosa, pero tampoco va m\u00e1s all\u00e1. De hecho, aunque le aguanta la pelea a <strong>Kimiko<\/strong>, esta al final consigue deshacerse de ella.<\/p>\n<h2 class=\"wp-block-heading\" id=\"h-4-jetstreak\"><span class=\"ez-toc-section\" id=\"4-_Jetstreak\"><\/span>4- Jetstreak<span class=\"ez-toc-section-end\"><\/span><\/h2>\n<figure class=\"wp-block-image alignwide size-full\"><img decoding=\"async\" data-recalc-dims=\"1\" loading=\"lazy\" width=\"780\" height=\"439\" src=\"https:\/\/i0.wp.com\/imgs.hipertextual.com\/wp-content\/uploads\/2026\/04\/maxresdefault.jpg?resize=780%2C439&#038;quality=70&#038;strip=all&#038;ssl=1\" alt=\"Jetstreak The Boys\" class=\"wp-image-1881765\" \/><\/figure>\n<p>El l\u00edder de los Teenage Kix es <strong>Jetstreak<\/strong>, un muchacho capaz de volar a gran velocidad, como si estuviera propulsado por un jet. Tambi\u00e9n parece aguantar bien en las peleas cuerpo a cuerpo. Algo que no es que le convierta en un personaje particularmente especial, porque ni siquiera sus poderes son algo \u00fanico o diferente a lo ya visto dentro del universo de <em>The Boys<\/em>. Pero s\u00ed que hacen de \u00e9l, al menos, un villano secundario decente para la serie y el segundo miembro m\u00e1s fuerte de su equipo.<\/p>\n<h2 class=\"wp-block-heading\" id=\"h-3-ashley-barrett\"><span class=\"ez-toc-section\" id=\"3-_Ashley_Barrett\"><\/span>3- Ashley Barrett<span class=\"ez-toc-section-end\"><\/span><\/h2>\n<figure class=\"wp-block-image alignwide size-large\"><img decoding=\"async\" data-recalc-dims=\"1\" loading=\"lazy\" width=\"780\" height=\"521\" src=\"https:\/\/i0.wp.com\/imgs.hipertextual.com\/wp-content\/uploads\/2026\/04\/Ashley-The-Boys-1500x1001.jpg?resize=780%2C521&#038;quality=70&#038;strip=all&#038;ssl=1\" alt=\"Ashley The Boys\" class=\"wp-image-1881761\" \/><\/figure>\n<p>En tercer lugar entre los 7 superh\u00e9roes nuevos de <em>The Boys<\/em> se encuentra, en realidad, una vieja conocida de los fans. <strong>Ashley Barrett<\/strong> lleva unida a Vought y a <strong>Patriota<\/strong> desde el principio de la serie. Pero ahora acabamos de descubrir sus nuevos poderes tras inyectarse el suero en la temporada anterior. Lo que ha desarrollado es una segunda cara en su nuca y, a la vez, la habilidad de leer mentes. Un poder de lo m\u00e1s interesante y que seguro que se muestra m\u00e1s en detalle en los pr\u00f3ximos episodios.<\/p>\n<div class=\"wp-block-group is-style-default has-primary-color has-text-color has-background\" style=\"background-color:#f1fbff\">\n<div class=\"wp-block-group__inner-container is-layout-flow wp-block-group-is-layout-flow\">\n<div class=\"wp-block-columns is-layout-flex wp-container-core-columns-is-layout-9d6595d7 wp-block-columns-is-layout-flex\">\n<div class=\"wp-block-column is-vertically-aligned-center is-layout-flow wp-block-column-is-layout-flow\" style=\"flex-basis:30%\">\n<figure class=\"wp-block-image size-large\"><img decoding=\"async\" data-recalc-dims=\"1\" loading=\"lazy\" width=\"740\" height=\"740\" src=\"https:\/\/i0.wp.com\/hipertextual.com\/wp-content\/uploads\/2021\/03\/primevideo-seo-logo-square-740x740.png?resize=740%2C740&#038;quality=70&#038;strip=all&#038;ssl=1\" alt=\"\" class=\"wp-image-1263089\" \/><\/figure>\n<\/div>\n<div class=\"wp-block-column is-layout-flow wp-block-column-is-layout-flow\" style=\"flex-basis:70%\">\n<p class=\"has-text-align-center\" style=\"font-size:17px\"><a href=\"https:\/\/primevideo.com\/?tag=hipertextual-21\" target=\"_blank\" rel=\"noreferrer noopener sponsored nofollow\"><strong>Prueba Amazon Prime Video<\/strong><\/a> totalmente <strong>gratis durante 30 d\u00edas<\/strong> y disfruta del cat\u00e1logo completo de la plataforma sin l\u00edmites. <a href=\"https:\/\/primevideo.com\/?tag=hipertextual-21\" rel=\"noreferrer noopener sponsored nofollow\" target=\"_blank\"><strong>Solo con darte de alta<\/strong><\/a> tendr\u00e1s acceso instant\u00e1neo a las mejores pel\u00edculas y series, adem\u00e1s de <strong>env\u00edos gratis en Amazon<\/strong> y otras ventajas.<\/p>\n<div class=\"wp-block-buttons is-content-justification-center is-layout-flex wp-container-core-buttons-is-layout-16018d1d wp-block-buttons-is-layout-flex\">\n<div class=\"wp-block-button has-custom-width wp-block-button__width-75 has-custom-font-size is-style-fill\" style=\"font-size:18px\"><a class=\"wp-block-button__link has-white-color has-text-color has-background wp-element-button\" href=\"https:\/\/geni.us\/amzprimev\" style=\"border-radius:6px;background:linear-gradient(135deg,rgb(6,147,227) 0%,rgb(1,23,68) 57%)\" target=\"_blank\" rel=\"noreferrer noopener sponsored nofollow\">Prueba gratis Prime Video<\/a><\/div>\n<\/div>\n<\/div>\n<\/div>\n<\/div>\n<\/div>\n<h2 class=\"wp-block-heading\" id=\"h-2-oh-padre\"><span class=\"ez-toc-section\" id=\"2-_Oh-Padre\"><\/span>2- Oh-Padre<span class=\"ez-toc-section-end\"><\/span><\/h2>\n<figure class=\"wp-block-image alignwide size-large\"><img decoding=\"async\" data-recalc-dims=\"1\" loading=\"lazy\" width=\"780\" height=\"326\" src=\"https:\/\/i0.wp.com\/imgs.hipertextual.com\/wp-content\/uploads\/2026\/04\/Oh-Padre-The-Boys-1500x627.jpg?resize=780%2C326&#038;quality=70&#038;strip=all&#038;ssl=1\" alt=\"Oh Padre The Boys\" class=\"wp-image-1881766\" \/><\/figure>\n<p><strong>Oh-Padre<\/strong>, el marido de <strong>Ashley Barrett<\/strong>, se situar\u00eda en el segundo lugar de la lista. Este reverendo ha demostrado ya una enorme capacidad para alentar a las masas y convencerlas de que lleven a cabo sus designios, basados en \u00ablo divino\u00bb. Pero, adem\u00e1s, puede emitir potentes ondas de sonido por la boca. Algo que a buen seguro ser\u00e1 un arma bastante destructiva de cara al futuro de la temporada. A\u00fan no le hemos visto plenamente en acci\u00f3n, pero apunta a ser un adversario muy duro.<\/p>\n<h2 class=\"wp-block-heading\" id=\"h-1-la-roca\"><span class=\"ez-toc-section\" id=\"1-_La_Roca\"><\/span>1- La Roca<span class=\"ez-toc-section-end\"><\/span><\/h2>\n<figure class=\"wp-block-image alignwide size-full\"><img decoding=\"async\" data-recalc-dims=\"1\" loading=\"lazy\" width=\"780\" height=\"531\" src=\"https:\/\/i0.wp.com\/imgs.hipertextual.com\/wp-content\/uploads\/2026\/04\/La-Roca-The-Boys.jpg?resize=780%2C531&#038;quality=70&#038;strip=all&#038;ssl=1\" alt=\"La Roca The Boys\" class=\"wp-image-1881764\" \/><\/figure>\n<p>Aunque si hablamos de duro, el superh\u00e9roe m\u00e1s poderoso de los nuevos fichajes de la temporada 5 de <em>The Boys<\/em> es, sin duda, <strong>La Roca<\/strong>. Tambi\u00e9n miembro de los Teenage Kix, se trata de una enorme mole de piedra que parodia a <strong>La Cosa<\/strong> (La Mole) de Marvel. <strong>Carnicero<\/strong> le describe como un Super pr\u00e1cticamente indestructible y con una fuerza similar a la de <strong>Patriota<\/strong>. De lejos, el m\u00e1s fuerte de todos los que hemos visto en esta nueva entrega. Eso s\u00ed, tremendamente desaprovechado por su propia forma de ser. Y es que lo conocemos como un ser que no se puede mover porque, con los fluidos corporales de lava que expulsa al masturbarse, ha creado sobre s\u00ed mismo una cantidad indecente de piedra que le hace incre\u00edblemente pesado.<\/p>\n<p>Seguir leyendo: <a href=\"https:\/\/hipertextual.com\/cine-television\/los-7-nuevos-superheroes-de-the-boys-ordenados-por-escala-de-poder\/\" target=\"_blank\" rel=\"noopener\">Los 7 nuevos superh\u00e9roes de &#8216;The Boys&#8217;, ordenados por escala de poder<\/a><\/p>\n<p><a href=\"https:\/\/hipertextual.com\/cine-television\/los-7-nuevos-superheroes-de-the-boys-ordenados-por-escala-de-poder\/\" class=\" target=\" title=\"Los 7 nuevos superh\u00e9roes de \u2018The Boys\u2019, ordenados por escala de poder\" target=\"_blank\" rel=\"noopener\">Ver fuente<\/a><\/p>\n","protected":false},"excerpt":{"rendered":"<p>La temporada 5 de The Boys acaba de llegar a Amazon Prime Video y, con ella, la serie ha presentado a\u00fan a m\u00e1s superh\u00e9roes. El proyecto que arranc\u00f3 en 2019 se ha convertido en uno de los grandes t\u00edtulos televisivos de la actualidad. Mezcla de parodia del g\u00e9nero de superh\u00e9roes e historia ultraviolenta, ha enamorado [&hellip;]<\/p>\n","protected":false},"author":2,"featured_media":126718,"comment_status":"open","ping_status":"closed","sticky":false,"template":"","format":"standard","meta":{"footnotes":""},"categories":[9],"tags":[],"class_list":["post-126717","post","type-post","status-publish","format-standard","has-post-thumbnail","hentry","category-tecnologia"],"_links":{"self":[{"href":"https:\/\/enfoquenoticioso.com\/index.php?rest_route=\/wp\/v2\/posts\/126717","targetHints":{"allow":["GET"]}}],"collection":[{"href":"https:\/\/enfoquenoticioso.com\/index.php?rest_route=\/wp\/v2\/posts"}],"about":[{"href":"https:\/\/enfoquenoticioso.com\/index.php?rest_route=\/wp\/v2\/types\/post"}],"author":[{"embeddable":true,"href":"https:\/\/enfoquenoticioso.com\/index.php?rest_route=\/wp\/v2\/users\/2"}],"replies":[{"embeddable":true,"href":"https:\/\/enfoquenoticioso.com\/index.php?rest_route=%2Fwp%2Fv2%2Fcomments&post=126717"}],"version-history":[{"count":0,"href":"https:\/\/enfoquenoticioso.com\/index.php?rest_route=\/wp\/v2\/posts\/126717\/revisions"}],"wp:featuredmedia":[{"embeddable":true,"href":"https:\/\/enfoquenoticioso.com\/index.php?rest_route=\/wp\/v2\/media\/126718"}],"wp:attachment":[{"href":"https:\/\/enfoquenoticioso.com\/index.php?rest_route=%2Fwp%2Fv2%2Fmedia&parent=126717"}],"wp:term":[{"taxonomy":"category","embeddable":true,"href":"https:\/\/enfoquenoticioso.com\/index.php?rest_route=%2Fwp%2Fv2%2Fcategories&post=126717"},{"taxonomy":"post_tag","embeddable":true,"href":"https:\/\/enfoquenoticioso.com\/index.php?rest_route=%2Fwp%2Fv2%2Ftags&post=126717"}],"curies":[{"name":"wp","href":"https:\/\/api.w.org\/{rel}","templated":true}]}}