{"id":126729,"date":"2026-04-13T13:33:14","date_gmt":"2026-04-13T13:33:14","guid":{"rendered":"https:\/\/enfoquenoticioso.com\/?p=126729"},"modified":"2026-04-13T13:33:14","modified_gmt":"2026-04-13T13:33:14","slug":"cumana-genesis-de-campeones-legendarios","status":"publish","type":"post","link":"https:\/\/enfoquenoticioso.com\/?p=126729","title":{"rendered":"Cuman\u00e1: g\u00e9nesis de campeones legendarios"},"content":{"rendered":"<div>\n<p>Pretender una analog\u00eda sobre la estirpe del oriental nacido en Cuman\u00e1, capital del estado Sucre, nos traslada a la ciudad que ha aportado luces a la identidad, libertad, y cultura con una conexi\u00f3n con el deporte y el boxeo en Venezuela.<\/p>\n<p>Cabe mencionar al Mariscal de Ayacucho, Antonio Jos\u00e9 de Sucre, h\u00e9roe en cinco naciones o los poetas Andr\u00e9s Eloy Blanco y Jos\u00e9 Antonio Ramos Sucre, letrados increibles, quienes nos honraron al pie del R\u00edo Manzanares con sus legados.<\/p>\n<p><strong>Lee tambi\u00e9n: <a href=\"https:\/\/www.liderendeportes.com\/noticias\/mas-deportes\/boxeo\/turki-al-alshikh-revela-planes-para-pelea-de-canelo\/\" target=\"_blank\" rel=\"noopener\">Turki Al-Alshikh revela planes para pelea de \u00abCanelo\u00bb<\/a><\/strong><\/p>\n<p>Pero, algunos a\u00f1os desp\u00faes, otros cumaneses hicieron brillar a nuestro pa\u00eds en el contexto deportivo. De hecho, Francisco \u201cMorochito\u201d Rodr\u00edguez ganar\u00eda la medalla ol\u00edmpica en los 48 kilogramos en M\u00e9xico 68, hecho que hemos plasmado en estas p\u00e1ginas.<\/p>\n<div id=\"ez-toc-container\" class=\"ez-toc-v2_0_81 counter-hierarchy ez-toc-counter ez-toc-grey ez-toc-container-direction\">\n<div class=\"ez-toc-title-container\">\n<p class=\"ez-toc-title\" style=\"cursor:inherit\">Tabla de Contenido<\/p>\n<span class=\"ez-toc-title-toggle\"><a href=\"#\" class=\"ez-toc-pull-right ez-toc-btn ez-toc-btn-xs ez-toc-btn-default ez-toc-toggle\" aria-label=\"Alternar tabla de contenidos\"><span class=\"ez-toc-js-icon-con\"><span class=\"\"><span class=\"eztoc-hide\" style=\"display:none;\">Toggle<\/span><span class=\"ez-toc-icon-toggle-span\"><svg style=\"fill: #999;color:#999\" xmlns=\"http:\/\/www.w3.org\/2000\/svg\" class=\"list-377408\" width=\"20px\" height=\"20px\" viewBox=\"0 0 24 24\" fill=\"none\"><path d=\"M6 6H4v2h2V6zm14 0H8v2h12V6zM4 11h2v2H4v-2zm16 0H8v2h12v-2zM4 16h2v2H4v-2zm16 0H8v2h12v-2z\" fill=\"currentColor\"><\/path><\/svg><svg style=\"fill: #999;color:#999\" class=\"arrow-unsorted-368013\" xmlns=\"http:\/\/www.w3.org\/2000\/svg\" width=\"10px\" height=\"10px\" viewBox=\"0 0 24 24\" version=\"1.2\" baseProfile=\"tiny\"><path d=\"M18.2 9.3l-6.2-6.3-6.2 6.3c-.2.2-.3.4-.3.7s.1.5.3.7c.2.2.4.3.7.3h11c.3 0 .5-.1.7-.3.2-.2.3-.5.3-.7s-.1-.5-.3-.7zM5.8 14.7l6.2 6.3 6.2-6.3c.2-.2.3-.5.3-.7s-.1-.5-.3-.7c-.2-.2-.4-.3-.7-.3h-11c-.3 0-.5.1-.7.3-.2.2-.3.5-.3.7s.1.5.3.7z\"\/><\/svg><\/span><\/span><\/span><\/a><\/span><\/div>\n<nav><ul class='ez-toc-list ez-toc-list-level-1 ' ><li class='ez-toc-page-1 ez-toc-heading-level-2'><a class=\"ez-toc-link ez-toc-heading-1\" href=\"https:\/\/enfoquenoticioso.com\/?p=126729\/#Pedro_Gomez_pionero\" >Pedro G\u00f3mez, pionero<\/a><\/li><li class='ez-toc-page-1 ez-toc-heading-level-2'><a class=\"ez-toc-link ez-toc-heading-2\" href=\"https:\/\/enfoquenoticioso.com\/?p=126729\/#Ely_Montes_forjador\" >Ely Montes, forjador<\/a><\/li><li class='ez-toc-page-1 ez-toc-heading-level-2'><a class=\"ez-toc-link ez-toc-heading-3\" href=\"https:\/\/enfoquenoticioso.com\/?p=126729\/#Esparragoza_idolo_y_rebelde\" >Esparragoza, \u00eddolo y rebelde<\/a><\/li><li class='ez-toc-page-1 ez-toc-heading-level-2'><a class=\"ez-toc-link ez-toc-heading-4\" href=\"https:\/\/enfoquenoticioso.com\/?p=126729\/#Monarcas_de_origen_comun\" >Monarcas de origen com\u00fan<\/a><\/li><\/ul><\/nav><\/div>\n<h2 id=\"pedro-g\u00f3mez-pionero\" class=\"wp-block-heading\"><span class=\"ez-toc-section\" id=\"Pedro_Gomez_pionero\"><\/span>Pedro G\u00f3mez, pionero<span class=\"ez-toc-section-end\"><\/span><\/h2>\n<p>Conocido popularmente como \u201cEl Torito de Cuman\u00e1\u201d, Pedro G\u00f3mez fue un pionero dentro de la identidad boxistica venezolana a nivel profesional entre los a\u00f1os 60 y 70. Hermano mayor de Antonio G\u00f3mez, quien se titular\u00eda monarca en 1971, es recordado como uno de los mejores p\u00fagiles del pa\u00eds que, a pesar de su inmenso talento, nunca logr\u00f3 conquistar un t\u00edtulo mundial oficial durante su carrera activa, lo que le vali\u00f3 el reconocimiento p\u00f3stumo de la AMB como un \u201ccampe\u00f3n sin corona\u201d.<\/p>\n<p>Pedro, recientemente fallecido el 2 de abril de 2026, dej\u00f3 r\u00e9cord de 170 victorias y solo 5 derrotas en 175 combates aficionado y 30 victorias con 3 ca\u00eddas en el profesional. Una de ellas ante Shozo Saijo en 1968 por decisi\u00f3n localista en Tokio, Jap\u00f3n.<\/p>\n<p>Otro cuman\u00e9s que si bien no salt\u00f3 al profesional, dej\u00f3 huella por su resiliencia en el combate fue Nelson Calzadilla. Represent\u00f3 a Venezuela en los juegos ol\u00edmpicos Montreal 76 donde venci\u00f3 en su primera pelea al nicarag\u00fcense Ernesto Gonzalez, cayendo en su siguiente combate ante el rumano Simion Cutov en le peso ligero, 60 kilogramos.<\/p>\n<p>Combati\u00f3 en los panamericanos de Caracas 83 frente al campe\u00f3n ol\u00edmpico cubano Jos\u00e9 Aguilar, cediendo por decisi\u00f3n.<\/p>\n<h2 id=\"ely-montes-forjador\" class=\"wp-block-heading\"><span class=\"ez-toc-section\" id=\"Ely_Montes_forjador\"><\/span>Ely Montes, forjador<span class=\"ez-toc-section-end\"><\/span><\/h2>\n<p>Se puede contar con talento pero a veces no se alcanzan los objetivos sino se cuenta con un guia, tutor o maestro, es decir, un excelente entrenador.<\/p>\n<p>Por ello, traeremos a colaci\u00f3n la figura del entrenador Ely Montes, quien en los a\u00f1os 60 inici\u00f3 un camino de grandes boxeadores nativos en donde se vivi\u00f3 la \u00e9poca dorada en tierras cumanesas.<\/p>\n<p>Nos recuerda la p\u00e1gina de facebook, \u201cMemorias de Cuman\u00e1\u201d que \u201cMontes entrenaba un grupo de j\u00f3venes boxeadores en el llamado gimnasio de Cabrujas, que quedaba en la calle Larga al frente de la hoy Iglesia Virgen del Valle. Entre estos podemos nombrar a Pedro G\u00f3mez, Luis Vallejo, Antonio G\u00f3mez, Alfredo Marcano, Freddy Mor\u00e1n entre muchos otros y se realizaban programas box\u00edstico. Tal vez el m\u00e1s destacado fue Pedro G\u00f3mez a quien se reconoce como la persona que inici\u00f3 el camino a los boxeadores cumaneses a la gloria y quien junto a Freddy \u201cCochocho\u201d Rengifo lleg\u00f3 a ser el \u00eddolo del boxeo venezolano en esa d\u00e9cada\u2026\u201d<\/p>\n<h2 id=\"esparragoza-\u00eddolo-y-rebelde\" class=\"wp-block-heading\"><span class=\"ez-toc-section\" id=\"Esparragoza_idolo_y_rebelde\"><\/span>Esparragoza, \u00eddolo y rebelde<span class=\"ez-toc-section-end\"><\/span><\/h2>\n<p>Para Mosc\u00fa 80, un cuman\u00e9s rompi\u00f3 c\u00e1nones al ser abanderado por el Comit\u00e9 Ol\u00edmpico Venezolano, algo in\u00e9dito. Su nombre; Antonio Esparragoza.<\/p>\n<p>En el rentado, 6 de marzo de 1987, viaj\u00f3 a Texas, Estados Unidos, para enfrentar al chicano Steve Cruz. En una exhibici\u00f3n de potencia y precisi\u00f3n, noque\u00f3 a Cruz en el duod\u00e9cimo asalto, arrebat\u00e1ndole el t\u00edtulo en el peso pluma AMB.<\/p>\n<p>Hizo 7 defensas y por diferencias con la entidad y Bob Arum, coloc\u00f3 a su esposa como promotora, lo que le quit\u00f3 el cetro.<\/p>\n<h2 id=\"monarcas-de-origen-com\u00fan\" class=\"wp-block-heading\"><span class=\"ez-toc-section\" id=\"Monarcas_de_origen_comun\"><\/span>Monarcas de origen com\u00fan<span class=\"ez-toc-section-end\"><\/span><\/h2>\n<p>Dentro del boxeo profesional, Alfredo Marcano y Antonio G\u00f3mez inscribieron sus nombres en la historia del deporte venezolano, no solo por su origen com\u00fan, sino por el hito hist\u00f3rico que protagonizaron en un mismo a\u00f1o. Ambos nacieron en la primog\u00e9nima del continente americano y se coronaron campeones universales en 1971, con escasos meses de diferencia. La pegada de Alfredo, conceptuada entre una de la m\u00e1s potente libra por libra dentro del boxeo venezolano, se hizo sentir el 29 de julio, al noquear al japon\u00e9s Hiroshi Kobayashi en Aomori y capturar la corona ligero junior AMB en 10 rounds y erigirse tercer campe\u00f3n mundial criollo. Dos meses despu\u00e9s, el 2 de septiembre, Antonio G\u00f3mez exhibi\u00f3 la mejor presentaci\u00f3n de un venezolano en pos de t\u00edtulo al fulminar al tambi\u00e9n nip\u00f3n Shozo Saijo, en Tokio, en apenas 5 asaltos por el peso pluma AMB. Antonio derrib\u00f3 varias veces al hasta entonces s\u00f3lido monarca. As\u00ed, la deuda que ten\u00eda Saijo al vencer a su hermano Pedro, qued\u00f3 saldada.<\/p>\n<\/div>\n<p><a href=\"https:\/\/www.liderendeportes.com\/noticias\/mas-deportes\/boxeo\/cumana-genesis-de-campeones-legendarios\/\" class=\" target=\" title=\"Cuman\u00e1: g\u00e9nesis de campeones legendarios\" target=\"_blank\" rel=\"noopener\">Ver fuente<\/a><\/p>\n","protected":false},"excerpt":{"rendered":"<p>Pretender una analog\u00eda sobre la estirpe del oriental nacido en Cuman\u00e1, capital del estado Sucre, nos traslada a la ciudad que ha aportado luces a la identidad, libertad, y cultura con una conexi\u00f3n con el deporte y el boxeo en Venezuela. Cabe mencionar al Mariscal de Ayacucho, Antonio Jos\u00e9 de Sucre, h\u00e9roe en cinco naciones [&hellip;]<\/p>\n","protected":false},"author":2,"featured_media":126730,"comment_status":"open","ping_status":"closed","sticky":false,"template":"","format":"standard","meta":{"footnotes":""},"categories":[7],"tags":[],"class_list":["post-126729","post","type-post","status-publish","format-standard","has-post-thumbnail","hentry","category-deporte"],"_links":{"self":[{"href":"https:\/\/enfoquenoticioso.com\/index.php?rest_route=\/wp\/v2\/posts\/126729","targetHints":{"allow":["GET"]}}],"collection":[{"href":"https:\/\/enfoquenoticioso.com\/index.php?rest_route=\/wp\/v2\/posts"}],"about":[{"href":"https:\/\/enfoquenoticioso.com\/index.php?rest_route=\/wp\/v2\/types\/post"}],"author":[{"embeddable":true,"href":"https:\/\/enfoquenoticioso.com\/index.php?rest_route=\/wp\/v2\/users\/2"}],"replies":[{"embeddable":true,"href":"https:\/\/enfoquenoticioso.com\/index.php?rest_route=%2Fwp%2Fv2%2Fcomments&post=126729"}],"version-history":[{"count":0,"href":"https:\/\/enfoquenoticioso.com\/index.php?rest_route=\/wp\/v2\/posts\/126729\/revisions"}],"wp:featuredmedia":[{"embeddable":true,"href":"https:\/\/enfoquenoticioso.com\/index.php?rest_route=\/wp\/v2\/media\/126730"}],"wp:attachment":[{"href":"https:\/\/enfoquenoticioso.com\/index.php?rest_route=%2Fwp%2Fv2%2Fmedia&parent=126729"}],"wp:term":[{"taxonomy":"category","embeddable":true,"href":"https:\/\/enfoquenoticioso.com\/index.php?rest_route=%2Fwp%2Fv2%2Fcategories&post=126729"},{"taxonomy":"post_tag","embeddable":true,"href":"https:\/\/enfoquenoticioso.com\/index.php?rest_route=%2Fwp%2Fv2%2Ftags&post=126729"}],"curies":[{"name":"wp","href":"https:\/\/api.w.org\/{rel}","templated":true}]}}