{"id":126751,"date":"2026-04-13T15:20:23","date_gmt":"2026-04-13T15:20:23","guid":{"rendered":"https:\/\/enfoquenoticioso.com\/?p=126751"},"modified":"2026-04-13T15:20:23","modified_gmt":"2026-04-13T15:20:23","slug":"lidl-lanza-su-propia-operadora-barata-y-lanza-cara-a-yoigo-o2-y-pepephone-con-tarifas-de-infarto","status":"publish","type":"post","link":"https:\/\/enfoquenoticioso.com\/?p=126751","title":{"rendered":"Lidl lanza su propia operadora barata y lanza cara a Yoigo, O2 y Pepephone con tarifas de infarto"},"content":{"rendered":"<figure><img loading=\"lazy\" decoding=\"async\" width=\"1024\" height=\"576\" src=\"https:\/\/i0.wp.com\/imgs.hipertextual.com\/wp-content\/uploads\/2023\/06\/Lidl.jpg?fit=1024%2C576&amp;quality=70&amp;strip=all&amp;ssl=1\" class=\"attachment-rss-image-size size-rss-image-size wp-post-image\" alt=\"Lidl\" \/><\/figure>\n<p>De vender alimentos y productos para el hogar, a ofrecer tarifas m\u00f3viles con un coste similar (o incluso inferior) a Yoigo, <a href=\"https:\/\/hipertextual.com\/mobile\/o2-nueva-tarifa-movistar-plus-gratis\/\" target=\"_blank\" rel=\"noopener\">O2<\/a> y Pepephone. Lidl, conocida por la cadena de supermercados de origen sueco, pasar\u00e1 a tener una <strong>operadora low-cost en m\u00e1s de 30 pa\u00edses<\/strong>, entre los que se incluyen varios de Europa, como Espa\u00f1a. El grupo Schwarz ampliar\u00e1 as\u00ed su actual presencia en el mercado de las telecomunicaciones en pa\u00edses como Alemania, Austria y Suiza. <\/p>\n<p>Tal y como ha adelantado <em><a href=\"https:\/\/www.zonamovilidad.es\/lidl-prepara-entrada-espana-tarifas-moviles-baratas-operador-virtual\" target=\"_blank\" rel=\"noopener\">Zonamovilidad<\/a><\/em>, Lidl lanzar\u00e1 un modelo de operador m\u00f3vil virtual (OMV) similar al de O2 o PepePhone, entre otras. Esto quiere decir que el grupo Schwarz no tendr\u00e1 una infraestructura propia, sino que ofrecer\u00e1 servicio utilizando la red  de proveedores de comunicaciones que ya tienen cobertura en el pa\u00eds. En el caso de Espa\u00f1a, el citado medio subraya que la compa\u00f1\u00eda <strong>ya ha firmado un acuerdo con 1GLOBAL<\/strong>, quien utiliza la red de cobertura de Orange en Espa\u00f1a. Schwarz, adem\u00e1s, ha adquirido el 9,9% de esta compa\u00f1\u00eda. <\/p>\n<p>Estas tarifas, que llegar\u00e1n bajo <strong>Lidl Connect<\/strong>, se podr\u00e1n <strong>contratar a trav\u00e9s de Lidl Plus<\/strong>, plataforma que Lidl ofrece tanto en iOS como en Android y que ya cuenta con m\u00e1s de 100 millones de usuarios en todo el mundo. Actualmente, Lidl Plus permite a los clientes acceder al cat\u00e1logo de productos, novedades y descuentos de la compa\u00f1\u00eda, pero tambi\u00e9n ofrece funciones adicionales, como una pasarela de pagos propia o una secci\u00f3n de compra online. <\/p>\n<div id=\"ez-toc-container\" class=\"ez-toc-v2_0_81 counter-hierarchy ez-toc-counter ez-toc-grey ez-toc-container-direction\">\n<div class=\"ez-toc-title-container\">\n<p class=\"ez-toc-title\" style=\"cursor:inherit\">Tabla de Contenido<\/p>\n<span class=\"ez-toc-title-toggle\"><a href=\"#\" class=\"ez-toc-pull-right ez-toc-btn ez-toc-btn-xs ez-toc-btn-default ez-toc-toggle\" aria-label=\"Alternar tabla de contenidos\"><span class=\"ez-toc-js-icon-con\"><span class=\"\"><span class=\"eztoc-hide\" style=\"display:none;\">Toggle<\/span><span class=\"ez-toc-icon-toggle-span\"><svg style=\"fill: #999;color:#999\" xmlns=\"http:\/\/www.w3.org\/2000\/svg\" class=\"list-377408\" width=\"20px\" height=\"20px\" viewBox=\"0 0 24 24\" fill=\"none\"><path d=\"M6 6H4v2h2V6zm14 0H8v2h12V6zM4 11h2v2H4v-2zm16 0H8v2h12v-2zM4 16h2v2H4v-2zm16 0H8v2h12v-2z\" fill=\"currentColor\"><\/path><\/svg><svg style=\"fill: #999;color:#999\" class=\"arrow-unsorted-368013\" xmlns=\"http:\/\/www.w3.org\/2000\/svg\" width=\"10px\" height=\"10px\" viewBox=\"0 0 24 24\" version=\"1.2\" baseProfile=\"tiny\"><path d=\"M18.2 9.3l-6.2-6.3-6.2 6.3c-.2.2-.3.4-.3.7s.1.5.3.7c.2.2.4.3.7.3h11c.3 0 .5-.1.7-.3.2-.2.3-.5.3-.7s-.1-.5-.3-.7zM5.8 14.7l6.2 6.3 6.2-6.3c.2-.2.3-.5.3-.7s-.1-.5-.3-.7c-.2-.2-.4-.3-.7-.3h-11c-.3 0-.5.1-.7.3-.2.2-.3.5-.3.7s.1.5.3.7z\"\/><\/svg><\/span><\/span><\/span><\/a><\/span><\/div>\n<nav><ul class='ez-toc-list ez-toc-list-level-1 ' ><li class='ez-toc-page-1 ez-toc-heading-level-2'><a class=\"ez-toc-link ez-toc-heading-1\" href=\"https:\/\/enfoquenoticioso.com\/?p=126751\/#Que_tarifas_tendra_Lidl_Connect_el_operador_de_Lidl\" >Qu\u00e9 tarifas tendr\u00e1 Lidl Connect, el operador de Lidl<\/a><\/li><\/ul><\/nav><\/div>\n<h2 class=\"wp-block-heading\" id=\"h-que-tarifas-tendra-lidl-connect-el-operador-de-lidl\"><span class=\"ez-toc-section\" id=\"Que_tarifas_tendra_Lidl_Connect_el_operador_de_Lidl\"><\/span>Qu\u00e9 tarifas tendr\u00e1 Lidl Connect, el operador de Lidl<span class=\"ez-toc-section-end\"><\/span><\/h2>\n<figure class=\"wp-block-image alignwide size-large\"><img decoding=\"async\" data-recalc-dims=\"1\" loading=\"lazy\" width=\"780\" height=\"519\" src=\"https:\/\/i0.wp.com\/imgs.hipertextual.com\/wp-content\/uploads\/2024\/11\/Tienda-Lidl-Badajoz-2048x1363-1-1500x998.jpg?resize=780%2C519&#038;quality=70&#038;strip=all&#038;ssl=1\" alt=\"Lidl\" class=\"wp-image-1818925\" \/><\/figure>\n<p>En cualquier caso, todav\u00eda quedan muchas dudas por resolver. Se espera que el operador de Lidl solo ofrezca tarifas m\u00f3viles (al menos, por el momento), pero no hay detalles sobre qu\u00e9 opciones tendr\u00e1n disponibles y si los precios ser\u00e1n a\u00fan m\u00e1s competitivos que los de O2, por ejemplo (en pa\u00eds como Alemania, <a href=\"https:\/\/www.tariffuxx.de\/handytarife\/lidl-connect\/lidl-connect-starterpaket\" target=\"_blank\" rel=\"noopener\">la tarifa m\u00e1s barata es de 1,99 euros<\/a>). Por otro lado,<strong> no hay detalles sobre cu\u00e1ndo llegar\u00e1n a Espa\u00f1a<\/strong>, aunque muy probablemente lo hagan durante los pr\u00f3ximos meses. <\/p>\n<p>Es, sin duda, una buena noticia para el mercado de las telecomunicaciones, y demuestra una tendencia que llevamos a\u00f1os viendo en el mercado espa\u00f1ol: la de ofrecer servicios de conexi\u00f3n sin complicaciones a un coste competitivo. Lidl no es la \u00fanica compa\u00f1\u00eda no especializada en telecomunicaciones que se ha adentrado al sector de los operadores. Compa\u00f1\u00edas como N26 o Revolut, de banca online, tambi\u00e9n se han subido al carro con tarifas online.<\/p>\n<p>Seguir leyendo: <a href=\"https:\/\/hipertextual.com\/mobile\/lidl-lanza-su-propia-operadora-barata-y-lanza-cara-a-yoigo-o2-y-pepephone-con-tarifas-de-infarto\/\" target=\"_blank\" rel=\"noopener\">Lidl lanza su propia operadora barata y lanza cara a Yoigo, O2 y Pepephone con tarifas de infarto<\/a><\/p>\n<p><a href=\"https:\/\/hipertextual.com\/mobile\/lidl-lanza-su-propia-operadora-barata-y-lanza-cara-a-yoigo-o2-y-pepephone-con-tarifas-de-infarto\/\" class=\" target=\" title=\"Lidl lanza su propia operadora barata y lanza cara a Yoigo, O2 y Pepephone con tarifas de infarto\" target=\"_blank\" rel=\"noopener\">Ver fuente<\/a><\/p>\n","protected":false},"excerpt":{"rendered":"<p>De vender alimentos y productos para el hogar, a ofrecer tarifas m\u00f3viles con un coste similar (o incluso inferior) a Yoigo, O2 y Pepephone. Lidl, conocida por la cadena de supermercados de origen sueco, pasar\u00e1 a tener una operadora low-cost en m\u00e1s de 30 pa\u00edses, entre los que se incluyen varios de Europa, como Espa\u00f1a. [&hellip;]<\/p>\n","protected":false},"author":2,"featured_media":126752,"comment_status":"open","ping_status":"closed","sticky":false,"template":"","format":"standard","meta":{"footnotes":""},"categories":[9],"tags":[],"class_list":["post-126751","post","type-post","status-publish","format-standard","has-post-thumbnail","hentry","category-tecnologia"],"_links":{"self":[{"href":"https:\/\/enfoquenoticioso.com\/index.php?rest_route=\/wp\/v2\/posts\/126751","targetHints":{"allow":["GET"]}}],"collection":[{"href":"https:\/\/enfoquenoticioso.com\/index.php?rest_route=\/wp\/v2\/posts"}],"about":[{"href":"https:\/\/enfoquenoticioso.com\/index.php?rest_route=\/wp\/v2\/types\/post"}],"author":[{"embeddable":true,"href":"https:\/\/enfoquenoticioso.com\/index.php?rest_route=\/wp\/v2\/users\/2"}],"replies":[{"embeddable":true,"href":"https:\/\/enfoquenoticioso.com\/index.php?rest_route=%2Fwp%2Fv2%2Fcomments&post=126751"}],"version-history":[{"count":0,"href":"https:\/\/enfoquenoticioso.com\/index.php?rest_route=\/wp\/v2\/posts\/126751\/revisions"}],"wp:featuredmedia":[{"embeddable":true,"href":"https:\/\/enfoquenoticioso.com\/index.php?rest_route=\/wp\/v2\/media\/126752"}],"wp:attachment":[{"href":"https:\/\/enfoquenoticioso.com\/index.php?rest_route=%2Fwp%2Fv2%2Fmedia&parent=126751"}],"wp:term":[{"taxonomy":"category","embeddable":true,"href":"https:\/\/enfoquenoticioso.com\/index.php?rest_route=%2Fwp%2Fv2%2Fcategories&post=126751"},{"taxonomy":"post_tag","embeddable":true,"href":"https:\/\/enfoquenoticioso.com\/index.php?rest_route=%2Fwp%2Fv2%2Ftags&post=126751"}],"curies":[{"name":"wp","href":"https:\/\/api.w.org\/{rel}","templated":true}]}}