{"id":126757,"date":"2026-04-13T15:51:58","date_gmt":"2026-04-13T15:51:58","guid":{"rendered":"https:\/\/enfoquenoticioso.com\/?p=126757"},"modified":"2026-04-13T15:51:58","modified_gmt":"2026-04-13T15:51:58","slug":"ahora-si-que-vas-a-querer-el-iphone-18-pro-llegara-en-un-nuevo-color-nunca-visto-en-la-serie-pro","status":"publish","type":"post","link":"https:\/\/enfoquenoticioso.com\/?p=126757","title":{"rendered":"Ahora s\u00ed que vas a querer el iPhone 18 Pro: llegar\u00e1 en un nuevo color nunca visto en la serie Pro"},"content":{"rendered":"<figure><img loading=\"lazy\" decoding=\"async\" width=\"1024\" height=\"684\" src=\"https:\/\/i0.wp.com\/imgs.hipertextual.com\/wp-content\/uploads\/2026\/03\/iphone-18-pro-rojo-2.jpg?fit=1024%2C684&amp;quality=70&amp;strip=all&amp;ssl=1\" class=\"attachment-rss-image-size size-rss-image-size wp-post-image\" alt=\"\" \/><\/figure>\n<p>Los rumores sobre el <a href=\"https:\/\/hipertextual.com\/apple\/7-cosas-del-iphone-18-pro-que-ya-sabemos-y-que-te-van-a-encantar\/\" target=\"_blank\" rel=\"noopener\">iPhone 18 Pro<\/a> est\u00e1n llegando con cuentagotas. No sabemos mucho sobre el dispositivo, su c\u00e1mara o si finalmente conseguir\u00e1 tener una isla din\u00e1mica m\u00e1s peque\u00f1a. De hecho, los principales filtradores est\u00e1n centrados en otro aspecto: <strong>el color<\/strong>. \u00bfPor qu\u00e9? Bueno, se espera que este a\u00f1o el dispositivo llegue con pocas novedades. Todo apunta a que 2026 ser\u00e1 un a\u00f1o bastante continuista en la serie iPhone, por lo que <a href=\"https:\/\/hipertextual.com\/apple\/\" target=\"_blank\" rel=\"noopener\">Apple<\/a> estar\u00eda buscando formas de, con pocos cambios, llamar la atenci\u00f3n. <\/p>\n<p>Y no hay mejor forma de hacerlo que lanzando <strong>nuevos colores<\/strong>. Es m\u00e1s, gran parte de los rumores actuales giran en torno a la paleta de tonos que Apple estar\u00eda eligiendo para el iPhone 18 Pro. Por ahora, una de las teor\u00edas con m\u00e1s sentido es que la compa\u00f1\u00eda <strong>volver\u00e1 a dejar de lado el color negro<\/strong> por segundo a\u00f1o consecutivo. <\/p>\n<p>En cambio, con el resto de tonos, los rumores y filtraciones se dividen. <a href=\"https:\/\/weibo.com\/6048569942\/QAjhYFjcC\" target=\"_blank\" rel=\"noopener\"><em>Digital Chat Station<\/em><\/a> afirma que podr\u00eda haber visto un <strong>iPhone 18 Pro en color carmes\u00ed<\/strong> en la cadena de suministro, mientras que otro filtrador lo contradice comentando que ese color pertenece a un gama alta Android que habr\u00eda copiado el pr\u00f3ximo tono sorpresa de Apple. Palabras diferentes, pero enfocadas en un mismo camino.<\/p>\n<p>Estas palabras concuerdan con otra filtraci\u00f3n anterior. En febrero, Mark Gurman afirm\u00f3 que <a href=\"https:\/\/hipertextual.com\/apple\/se-filtra-el-nuevo-color-del-iphone-18-pro-si-odias-el-naranja-preparate-para-lo-que-se-viene\/\" target=\"_blank\" rel=\"noopener\">Apple estaba probando nuevos tonos para el iPhone 18 Pro<\/a> despu\u00e9s del gran \u00e9xito del color naranja. Entre sus pruebas, estaba un tono rojo intenso, un color marr\u00f3n y un morado. <\/p>\n<figure class=\"wp-block-image alignwide size-large\"><img decoding=\"async\" data-recalc-dims=\"1\" loading=\"lazy\" width=\"780\" height=\"488\" src=\"https:\/\/i0.wp.com\/imgs.hipertextual.com\/wp-content\/uploads\/2026\/03\/iphone-18-pro-rojo-1500x938.jpg?resize=780%2C488&#038;quality=70&#038;strip=all&#038;ssl=1\" alt=\"iPhone 18 pro\" class=\"wp-image-1878027\" \/><\/figure>\n<div id=\"ez-toc-container\" class=\"ez-toc-v2_0_81 counter-hierarchy ez-toc-counter ez-toc-grey ez-toc-container-direction\">\n<div class=\"ez-toc-title-container\">\n<p class=\"ez-toc-title\" style=\"cursor:inherit\">Tabla de Contenido<\/p>\n<span class=\"ez-toc-title-toggle\"><a href=\"#\" class=\"ez-toc-pull-right ez-toc-btn ez-toc-btn-xs ez-toc-btn-default ez-toc-toggle\" aria-label=\"Alternar tabla de contenidos\"><span class=\"ez-toc-js-icon-con\"><span class=\"\"><span class=\"eztoc-hide\" style=\"display:none;\">Toggle<\/span><span class=\"ez-toc-icon-toggle-span\"><svg style=\"fill: #999;color:#999\" xmlns=\"http:\/\/www.w3.org\/2000\/svg\" class=\"list-377408\" width=\"20px\" height=\"20px\" viewBox=\"0 0 24 24\" fill=\"none\"><path d=\"M6 6H4v2h2V6zm14 0H8v2h12V6zM4 11h2v2H4v-2zm16 0H8v2h12v-2zM4 16h2v2H4v-2zm16 0H8v2h12v-2z\" fill=\"currentColor\"><\/path><\/svg><svg style=\"fill: #999;color:#999\" class=\"arrow-unsorted-368013\" xmlns=\"http:\/\/www.w3.org\/2000\/svg\" width=\"10px\" height=\"10px\" viewBox=\"0 0 24 24\" version=\"1.2\" baseProfile=\"tiny\"><path d=\"M18.2 9.3l-6.2-6.3-6.2 6.3c-.2.2-.3.4-.3.7s.1.5.3.7c.2.2.4.3.7.3h11c.3 0 .5-.1.7-.3.2-.2.3-.5.3-.7s-.1-.5-.3-.7zM5.8 14.7l6.2 6.3 6.2-6.3c.2-.2.3-.5.3-.7s-.1-.5-.3-.7c-.2-.2-.4-.3-.7-.3h-11c-.3 0-.5.1-.7.3-.2.2-.3.5-.3.7s.1.5.3.7z\"\/><\/svg><\/span><\/span><\/span><\/a><\/span><\/div>\n<nav><ul class='ez-toc-list ez-toc-list-level-1 ' ><li class='ez-toc-page-1 ez-toc-heading-level-2'><a class=\"ez-toc-link ez-toc-heading-1\" href=\"https:\/\/enfoquenoticioso.com\/?p=126757\/#Preparate_para_septiembre_un_iPhone_18_Pro_en_color_rojo_podria_ser_la_gran_sorpresa\" >Prep\u00e1rate para septiembre, un iPhone 18 Pro en color rojo podr\u00eda ser la gran sorpresa<\/a><\/li><\/ul><\/nav><\/div>\n<h2 class=\"wp-block-heading has-text-align-center\" id=\"h-preparate-para-septiembre-un-iphone-18-pro-en-color-rojo-podria-ser-la-gran-sorpresa\"><span class=\"ez-toc-section\" id=\"Preparate_para_septiembre_un_iPhone_18_Pro_en_color_rojo_podria_ser_la_gran_sorpresa\"><\/span>Prep\u00e1rate para septiembre, un iPhone 18 Pro en color rojo podr\u00eda ser la gran sorpresa<span class=\"ez-toc-section-end\"><\/span><\/h2>\n<p>\u00bfEs casualidad que varios filtradores relevantes hablen de un tono rojo intenso o carmes\u00ed para el pr\u00f3ximo iPhone 18 Pro? Es pronto para saberlo, pero hay algo claro con la nueva l\u00ednea de dise\u00f1o que Apple estren\u00f3 el a\u00f1o pasado: <strong>hay cabida para colores extravagantes<\/strong>, llamativos y fuera de lo que se considerar\u00eda la &#8216;zona de confort&#8217; de la californiana. <\/p>\n<p>Adem\u00e1s, Apple tendr\u00eda en su mano una baza muy suculenta. Vender un iPhone 18 Pro sin demasiadas novedades no es sencillo, pero la estrategia se simplificar\u00eda con el <strong>regreso de una de las versiones m\u00e1s ic\u00f3nicas de su cat\u00e1logo<\/strong>. Hablamos del rojo y las ya casi olvidadas ediciones Product Red. <\/p>\n<p>Apple nunca ha lanzado un Product Red de un modelo Pro y, adem\u00e1s, lleva a\u00f1os sin recurrir a estas ediciones. <strong>La \u00faltima fue el iPhone 14 en 2022<\/strong>. Estos datos, junto con el hecho de que la compa\u00f1\u00eda ha abierto la veda a los colores extravagantes como el naranja, nos permiten pensar que una de las principales sorpresas del iPhone 18 Pro ser\u00eda un tono rojo. <\/p>\n<p>\u00bfT\u00fa lo comprar\u00edas? \u00bfY si es edici\u00f3n Product Red?<\/p>\n<p>Seguir leyendo: <a href=\"https:\/\/hipertextual.com\/apple\/ahora-si-que-vas-a-querer-el-iphone-18-pro-llegara-en-un-nuevo-color-nunca-visto-en-la-serie-pro\/\" target=\"_blank\" rel=\"noopener\">Ahora s\u00ed que vas a querer el iPhone 18 Pro: llegar\u00e1 en un nuevo color nunca visto en la serie Pro<\/a><\/p>\n<p><a href=\"https:\/\/hipertextual.com\/apple\/ahora-si-que-vas-a-querer-el-iphone-18-pro-llegara-en-un-nuevo-color-nunca-visto-en-la-serie-pro\/\" class=\" target=\" title=\"Ahora s\u00ed que vas a querer el iPhone 18 Pro: llegar\u00e1 en un nuevo color nunca visto en la serie Pro\" target=\"_blank\" rel=\"noopener\">Ver fuente<\/a><\/p>\n","protected":false},"excerpt":{"rendered":"<p>Los rumores sobre el iPhone 18 Pro est\u00e1n llegando con cuentagotas. No sabemos mucho sobre el dispositivo, su c\u00e1mara o si finalmente conseguir\u00e1 tener una isla din\u00e1mica m\u00e1s peque\u00f1a. De hecho, los principales filtradores est\u00e1n centrados en otro aspecto: el color. \u00bfPor qu\u00e9? Bueno, se espera que este a\u00f1o el dispositivo llegue con pocas novedades. [&hellip;]<\/p>\n","protected":false},"author":2,"featured_media":126758,"comment_status":"open","ping_status":"closed","sticky":false,"template":"","format":"standard","meta":{"footnotes":""},"categories":[9],"tags":[],"class_list":["post-126757","post","type-post","status-publish","format-standard","has-post-thumbnail","hentry","category-tecnologia"],"_links":{"self":[{"href":"https:\/\/enfoquenoticioso.com\/index.php?rest_route=\/wp\/v2\/posts\/126757","targetHints":{"allow":["GET"]}}],"collection":[{"href":"https:\/\/enfoquenoticioso.com\/index.php?rest_route=\/wp\/v2\/posts"}],"about":[{"href":"https:\/\/enfoquenoticioso.com\/index.php?rest_route=\/wp\/v2\/types\/post"}],"author":[{"embeddable":true,"href":"https:\/\/enfoquenoticioso.com\/index.php?rest_route=\/wp\/v2\/users\/2"}],"replies":[{"embeddable":true,"href":"https:\/\/enfoquenoticioso.com\/index.php?rest_route=%2Fwp%2Fv2%2Fcomments&post=126757"}],"version-history":[{"count":0,"href":"https:\/\/enfoquenoticioso.com\/index.php?rest_route=\/wp\/v2\/posts\/126757\/revisions"}],"wp:featuredmedia":[{"embeddable":true,"href":"https:\/\/enfoquenoticioso.com\/index.php?rest_route=\/wp\/v2\/media\/126758"}],"wp:attachment":[{"href":"https:\/\/enfoquenoticioso.com\/index.php?rest_route=%2Fwp%2Fv2%2Fmedia&parent=126757"}],"wp:term":[{"taxonomy":"category","embeddable":true,"href":"https:\/\/enfoquenoticioso.com\/index.php?rest_route=%2Fwp%2Fv2%2Fcategories&post=126757"},{"taxonomy":"post_tag","embeddable":true,"href":"https:\/\/enfoquenoticioso.com\/index.php?rest_route=%2Fwp%2Fv2%2Ftags&post=126757"}],"curies":[{"name":"wp","href":"https:\/\/api.w.org\/{rel}","templated":true}]}}