{"id":126769,"date":"2026-04-13T17:24:08","date_gmt":"2026-04-13T17:24:08","guid":{"rendered":"https:\/\/enfoquenoticioso.com\/?p=126769"},"modified":"2026-04-13T17:24:08","modified_gmt":"2026-04-13T17:24:08","slug":"es-oficial-los-defenders-tendran-su-merecida-reunion-en-daredevil-born-again-temporada-3","status":"publish","type":"post","link":"https:\/\/enfoquenoticioso.com\/?p=126769","title":{"rendered":"Es oficial: los Defenders tendr\u00e1n su merecida reuni\u00f3n en \u2018Daredevil: Born Again\u2019, temporada 3"},"content":{"rendered":"<figure><img loading=\"lazy\" decoding=\"async\" width=\"1024\" height=\"512\" src=\"https:\/\/i0.wp.com\/imgs.hipertextual.com\/wp-content\/uploads\/2019\/06\/hipertextual-que-series-marvel-no-tienen-mismo-exito-que-sus-peliculas-avengers-iron-man-2019548784.jpg?fit=1024%2C512&amp;quality=70&amp;strip=all&amp;ssl=1\" class=\"attachment-rss-image-size size-rss-image-size wp-post-image\" alt=\"Defenders\" \/><\/figure>\n<p>Para alegr\u00eda de los fan\u00e1ticos, los <strong>Defenders<\/strong> tendr\u00e1n su merecida reuni\u00f3n en la temporada 3 de <em><strong>Daredevil: Born Again<\/strong><\/em>. Esto se confirm\u00f3 a trav\u00e9s de <a href=\"https:\/\/www.instagram.com\/coltermikecolter\/p\/DXE0tlgFpdY\/\" target=\"_blank\" rel=\"noopener\">una publicaci\u00f3n<\/a> de <strong>Mike Colter<\/strong>, quien interpret\u00f3 a Luke Cage en la serie hom\u00f3nima y <em><strong>The Defenders<\/strong><\/em>. En la imagen, el actor se muestra junto con <strong>Finn Jones<\/strong> (Iron Fist) y <strong>Krysten Ritter<\/strong> (Jesicca Jones).<\/p>\n<p>Si bien ya se sab\u00eda del regreso de Ritter como Jones en la segunda temporada de <em>Daredevil: Born Again<\/em>, la imagen finalmente le da veracidad a los rumores de que los dem\u00e1s Defenders tambi\u00e9n se sumar\u00edan eventualmente a la serie de Disney+. De esta manera, Marvel cierra el c\u00edrculo e incorpora de una vez por todas las series de Netflix que a\u00fan estaban a la deriva.<\/p>\n<p>Todav\u00eda no hay detalles sobre c\u00f3mo se producir\u00e1 el regreso de Iron Fist y Luke Cage a la narrativa de <em>Daredevil: Born Again<\/em>. No obstante, tal y como ha sucedido con Jessica Jones, no ser\u00eda de extra\u00f1ar que la introducci\u00f3n de ambos personajes se produzca como parte de una alianza para ayudar a Matt Murdock\/Daredevil a combatir contra un enemigo en com\u00fan.<\/p>\n<figure class=\"wp-block-image size-full\"><img decoding=\"async\" data-recalc-dims=\"1\" loading=\"lazy\" width=\"780\" height=\"585\" src=\"https:\/\/i0.wp.com\/imgs.hipertextual.com\/wp-content\/uploads\/2026\/04\/defenders.jpg?resize=780%2C585&#038;quality=70&#038;strip=all&#038;ssl=1\" alt=\"Confirmado el regreso de los Defenders en Daredevil: Born Again | Luke Cage\" class=\"wp-image-1881831\" \/><\/figure>\n<p>M\u00e1s all\u00e1 de la foto con Jones y Ritter, Mike Colter ha compartido otras im\u00e1genes dentro del mismo carrusel donde se le observa vestido como Luke Cage. A diferencia de la foto grupal, donde lleva camisa negra con chaleco y corbata dorados, en las dem\u00e1s se le ve con camisa amarilla\/dorada y chaleco negro. Un look algo m\u00e1s formal que el que le vimos en <em>Luke Cage<\/em> y <em>The Defenders<\/em>, pero tambi\u00e9n <strong>m\u00e1s acorde con la apariencia original del personaje en los c\u00f3mics<\/strong>.<\/p>\n<div id=\"ez-toc-container\" class=\"ez-toc-v2_0_81 counter-hierarchy ez-toc-counter ez-toc-grey ez-toc-container-direction\">\n<div class=\"ez-toc-title-container\">\n<p class=\"ez-toc-title\" style=\"cursor:inherit\">Tabla de Contenido<\/p>\n<span class=\"ez-toc-title-toggle\"><a href=\"#\" class=\"ez-toc-pull-right ez-toc-btn ez-toc-btn-xs ez-toc-btn-default ez-toc-toggle\" aria-label=\"Alternar tabla de contenidos\"><span class=\"ez-toc-js-icon-con\"><span class=\"\"><span class=\"eztoc-hide\" style=\"display:none;\">Toggle<\/span><span class=\"ez-toc-icon-toggle-span\"><svg style=\"fill: #999;color:#999\" xmlns=\"http:\/\/www.w3.org\/2000\/svg\" class=\"list-377408\" width=\"20px\" height=\"20px\" viewBox=\"0 0 24 24\" fill=\"none\"><path d=\"M6 6H4v2h2V6zm14 0H8v2h12V6zM4 11h2v2H4v-2zm16 0H8v2h12v-2zM4 16h2v2H4v-2zm16 0H8v2h12v-2z\" fill=\"currentColor\"><\/path><\/svg><svg style=\"fill: #999;color:#999\" class=\"arrow-unsorted-368013\" xmlns=\"http:\/\/www.w3.org\/2000\/svg\" width=\"10px\" height=\"10px\" viewBox=\"0 0 24 24\" version=\"1.2\" baseProfile=\"tiny\"><path d=\"M18.2 9.3l-6.2-6.3-6.2 6.3c-.2.2-.3.4-.3.7s.1.5.3.7c.2.2.4.3.7.3h11c.3 0 .5-.1.7-.3.2-.2.3-.5.3-.7s-.1-.5-.3-.7zM5.8 14.7l6.2 6.3 6.2-6.3c.2-.2.3-.5.3-.7s-.1-.5-.3-.7c-.2-.2-.4-.3-.7-.3h-11c-.3 0-.5.1-.7.3-.2.2-.3.5-.3.7s.1.5.3.7z\"\/><\/svg><\/span><\/span><\/span><\/a><\/span><\/div>\n<nav><ul class='ez-toc-list ez-toc-list-level-1 ' ><li class='ez-toc-page-1 ez-toc-heading-level-2'><a class=\"ez-toc-link ez-toc-heading-1\" href=\"https:\/\/enfoquenoticioso.com\/?p=126769\/#Confirmado_el_regreso_de_los_Defenders_en_Daredevil_Born_Again\" >Confirmado el regreso de los Defenders en Daredevil: Born Again<\/a><\/li><\/ul><\/nav><\/div>\n<h2 class=\"wp-block-heading\" id=\"h-confirmado-el-regreso-de-los-defenders-en-daredevil-born-again\"><span class=\"ez-toc-section\" id=\"Confirmado_el_regreso_de_los_Defenders_en_Daredevil_Born_Again\"><\/span>Confirmado el regreso de los Defenders en <em>Daredevil: Born Again<\/em><span class=\"ez-toc-section-end\"><\/span><\/h2>\n<p>De m\u00e1s est\u00e1 decir que <em>Daredevil<\/em> fue la serie m\u00e1s exitosa que desarroll\u00f3 Netflix para Marvel, seguida de <em>Jessica Jones<\/em> y <em>Luke Cage<\/em>. Distinto fue el caso de <em>Iron Fist<\/em>, cuya recepci\u00f3n qued\u00f3 varios pelda\u00f1os por debajo de las dem\u00e1s. Aun as\u00ed, la plataforma de streaming reuni\u00f3 a los cuatro personajes protag\u00f3nicos en <em><strong>The Defenders<\/strong><\/em>, una miniserie ubicada temporalmente entre las temporadas 2 y 3 de Daredevil.<\/p>\n<p>Si bien la recepci\u00f3n del crossover fue positiva, cualquier plan de volver a reunirlos qued\u00f3 en pausa tras la cancelaci\u00f3n de todas las series individuales. Una vez que los derechos regresaron a Marvel y se empez\u00f3 a trabajar en un reinicio de <em>Daredevil<\/em>, que luego se convirti\u00f3 en la secuela <em>Born Again<\/em>, el panorama comenz\u00f3 a cambiar.<\/p>\n<p>Con la reaparici\u00f3n de Jessica Jones en <em>Daredevil: Born Again<\/em>, temporada 2, y el regreso de los dem\u00e1s Defenders en la tercera, hay expectativa de grandes emociones y mucha acci\u00f3n. Eso s\u00ed, todav\u00eda hay que esperar para el regreso del equipo conformado por Matt Murdock, Jessica Jones, Luke Cage y Danny Rand. Se espera que la siguiente temporada de la serie del Hombre sin Miedo llegue a Disney+ <strong>en 2027<\/strong>.<\/p>\n<p>Seguir leyendo: <a href=\"https:\/\/hipertextual.com\/cine-television\/luke-cage-defenders-daredevil-born-again-temporada-3\/\" target=\"_blank\" rel=\"noopener\">Es oficial: los Defenders tendr\u00e1n su merecida reuni\u00f3n en &#8216;Daredevil: Born Again&#8217;, temporada 3<\/a><\/p>\n<p><script async src=\"\/\/www.instagram.com\/embed.js\"><\/script><br \/>\n<br \/><a href=\"https:\/\/hipertextual.com\/cine-television\/luke-cage-defenders-daredevil-born-again-temporada-3\/\" class=\" target=\" title=\"Es oficial: los Defenders tendr\u00e1n su merecida reuni\u00f3n en \u2018Daredevil: Born Again\u2019, temporada 3\" target=\"_blank\" rel=\"noopener\">Ver fuente<\/a><\/p>\n","protected":false},"excerpt":{"rendered":"<p>Para alegr\u00eda de los fan\u00e1ticos, los Defenders tendr\u00e1n su merecida reuni\u00f3n en la temporada 3 de Daredevil: Born Again. Esto se confirm\u00f3 a trav\u00e9s de una publicaci\u00f3n de Mike Colter, quien interpret\u00f3 a Luke Cage en la serie hom\u00f3nima y The Defenders. En la imagen, el actor se muestra junto con Finn Jones (Iron Fist) [&hellip;]<\/p>\n","protected":false},"author":2,"featured_media":126770,"comment_status":"open","ping_status":"closed","sticky":false,"template":"","format":"standard","meta":{"footnotes":""},"categories":[9],"tags":[],"class_list":["post-126769","post","type-post","status-publish","format-standard","has-post-thumbnail","hentry","category-tecnologia"],"_links":{"self":[{"href":"https:\/\/enfoquenoticioso.com\/index.php?rest_route=\/wp\/v2\/posts\/126769","targetHints":{"allow":["GET"]}}],"collection":[{"href":"https:\/\/enfoquenoticioso.com\/index.php?rest_route=\/wp\/v2\/posts"}],"about":[{"href":"https:\/\/enfoquenoticioso.com\/index.php?rest_route=\/wp\/v2\/types\/post"}],"author":[{"embeddable":true,"href":"https:\/\/enfoquenoticioso.com\/index.php?rest_route=\/wp\/v2\/users\/2"}],"replies":[{"embeddable":true,"href":"https:\/\/enfoquenoticioso.com\/index.php?rest_route=%2Fwp%2Fv2%2Fcomments&post=126769"}],"version-history":[{"count":0,"href":"https:\/\/enfoquenoticioso.com\/index.php?rest_route=\/wp\/v2\/posts\/126769\/revisions"}],"wp:featuredmedia":[{"embeddable":true,"href":"https:\/\/enfoquenoticioso.com\/index.php?rest_route=\/wp\/v2\/media\/126770"}],"wp:attachment":[{"href":"https:\/\/enfoquenoticioso.com\/index.php?rest_route=%2Fwp%2Fv2%2Fmedia&parent=126769"}],"wp:term":[{"taxonomy":"category","embeddable":true,"href":"https:\/\/enfoquenoticioso.com\/index.php?rest_route=%2Fwp%2Fv2%2Fcategories&post=126769"},{"taxonomy":"post_tag","embeddable":true,"href":"https:\/\/enfoquenoticioso.com\/index.php?rest_route=%2Fwp%2Fv2%2Ftags&post=126769"}],"curies":[{"name":"wp","href":"https:\/\/api.w.org\/{rel}","templated":true}]}}