{"id":126773,"date":"2026-04-13T17:57:30","date_gmt":"2026-04-13T17:57:30","guid":{"rendered":"https:\/\/enfoquenoticioso.com\/?p=126773"},"modified":"2026-04-13T17:57:30","modified_gmt":"2026-04-13T17:57:30","slug":"adios-a-los-limites-de-120-km-h-llegan-a-espana-las-primeras-autopistas-que-cambian-dinamicamente-la-velocidad-de-la-via-con-ia","status":"publish","type":"post","link":"https:\/\/enfoquenoticioso.com\/?p=126773","title":{"rendered":"Adi\u00f3s a los l\u00edmites de 120 km\/h: llegan a Espa\u00f1a las primeras autopistas que cambian din\u00e1micamente la velocidad de la v\u00eda con IA"},"content":{"rendered":"<figure><img loading=\"lazy\" decoding=\"async\" width=\"1024\" height=\"560\" src=\"https:\/\/i0.wp.com\/imgs.hipertextual.com\/wp-content\/uploads\/2026\/04\/F0XiD.jpg?fit=1024%2C560&amp;quality=70&amp;strip=all&amp;ssl=1\" class=\"attachment-rss-image-size size-rss-image-size wp-post-image\" alt=\"\" \/><\/figure>\n<p>Mucho se ha hablado de la posibilidad de reducir la velocidad en las autov\u00edas ante la subida del precio del combustible, pero parece que de momento no va a ser as\u00ed. Lo que s\u00ed se ha producido es un cambio importante en una de las autopistas m\u00e1s importantes de Espa\u00f1a que pronto puede llegar a otras v\u00edas: adi\u00f3s a los 120km\/h en la <a href=\"https:\/\/www.autopista.es\/noticias-motor\/ya-en-vigor-nuevos-limites-velocidad-solo-80-100-km-h-con-muchos-radares-controlando_320148_102.html\" target=\"_blank\" rel=\"noopener\">AP-7<\/a>, al menos de forma puntual.<\/p>\n<p>Y es que la DGT ha introducido en esa v\u00eda lo que se denomina velocidad din\u00e1mica. Sobre el papel, la AP-7 sigue teniendo una velocidad de 120km\/h, pero el organismo p\u00fablico ha confirmado que ser\u00e1 <strong>la primera autopista en Espa\u00f1a con l\u00edmites de velocidad din\u00e1micos<\/strong> con velocidad reducida y que sus radares cambiar\u00e1n en consecuencia. <\/p>\n<p>Los l\u00edmites de velocidad din\u00e1micos son aquellos que van cambiando en funci\u00f3n de las necesidades de la v\u00eda. De forma normal, mantiene la velocidad est\u00e1ndar, en el caso de la AP-7 de 120 km\/h, pero la DGT puede irla cambiando seg\u00fan se den ciertas circunstancias, tanto a lo largo de toda la v\u00eda como en puntos concretos. Y no, no hablamos solo de reducciones temporales en tramos con obra, por ejemplo.<\/p>\n<div id=\"ez-toc-container\" class=\"ez-toc-v2_0_81 counter-hierarchy ez-toc-counter ez-toc-grey ez-toc-container-direction\">\n<div class=\"ez-toc-title-container\">\n<p class=\"ez-toc-title\" style=\"cursor:inherit\">Tabla de Contenido<\/p>\n<span class=\"ez-toc-title-toggle\"><a href=\"#\" class=\"ez-toc-pull-right ez-toc-btn ez-toc-btn-xs ez-toc-btn-default ez-toc-toggle\" aria-label=\"Alternar tabla de contenidos\"><span class=\"ez-toc-js-icon-con\"><span class=\"\"><span class=\"eztoc-hide\" style=\"display:none;\">Toggle<\/span><span class=\"ez-toc-icon-toggle-span\"><svg style=\"fill: #999;color:#999\" xmlns=\"http:\/\/www.w3.org\/2000\/svg\" class=\"list-377408\" width=\"20px\" height=\"20px\" viewBox=\"0 0 24 24\" fill=\"none\"><path d=\"M6 6H4v2h2V6zm14 0H8v2h12V6zM4 11h2v2H4v-2zm16 0H8v2h12v-2zM4 16h2v2H4v-2zm16 0H8v2h12v-2z\" fill=\"currentColor\"><\/path><\/svg><svg style=\"fill: #999;color:#999\" class=\"arrow-unsorted-368013\" xmlns=\"http:\/\/www.w3.org\/2000\/svg\" width=\"10px\" height=\"10px\" viewBox=\"0 0 24 24\" version=\"1.2\" baseProfile=\"tiny\"><path d=\"M18.2 9.3l-6.2-6.3-6.2 6.3c-.2.2-.3.4-.3.7s.1.5.3.7c.2.2.4.3.7.3h11c.3 0 .5-.1.7-.3.2-.2.3-.5.3-.7s-.1-.5-.3-.7zM5.8 14.7l6.2 6.3 6.2-6.3c.2-.2.3-.5.3-.7s-.1-.5-.3-.7c-.2-.2-.4-.3-.7-.3h-11c-.3 0-.5.1-.7.3-.2.2-.3.5-.3.7s.1.5.3.7z\"\/><\/svg><\/span><\/span><\/span><\/a><\/span><\/div>\n<nav><ul class='ez-toc-list ez-toc-list-level-1 ' ><li class='ez-toc-page-1 ez-toc-heading-level-2'><a class=\"ez-toc-link ez-toc-heading-1\" href=\"https:\/\/enfoquenoticioso.com\/?p=126773\/#Ahora_la_IA_es_la_que_determina_la_velocidad_de_la_via\" >Ahora la IA es la que determina la velocidad de la v\u00eda<\/a><\/li><\/ul><\/nav><\/div>\n<h2 class=\"wp-block-heading\" id=\"h-ahora-la-ia-es-la-que-determina-la-velocidad-de-la-via\"><span class=\"ez-toc-section\" id=\"Ahora_la_IA_es_la_que_determina_la_velocidad_de_la_via\"><\/span>Ahora la IA es la que determina la velocidad de la v\u00eda<span class=\"ez-toc-section-end\"><\/span><\/h2>\n<figure class=\"wp-block-image size-large\"><img decoding=\"async\" data-recalc-dims=\"1\" loading=\"lazy\" width=\"780\" height=\"520\" src=\"https:\/\/i0.wp.com\/imgs.hipertextual.com\/wp-content\/uploads\/2024\/08\/Carretera-Velocidad-1500x1000.jpg?resize=780%2C520&#038;quality=70&#038;strip=all&#038;ssl=1\" alt=\"L\u00edmite de velocidad en carretera\" class=\"wp-image-1806188\" \/><figcaption><span class=\"image-credit\"><span class=\"credit-label-wrapper\">Credit:<\/span> <a href=\"https:\/\/www.freepik.es\/foto-gratis\/nueva-carretera-reciente-construccion-distrito-brcko-bosnia-herzegovina_7908965.htm#fromView=search&amp;page=1&amp;position=14&amp;uuid=39a894a5-5787-4b52-ad55-f5381680ecc6\" target=\"_blank\" rel=\"noopener\">wirestock \/ Freepik<\/a><\/span><\/figcaption><\/figure>\n<p>Es algo que ya se usa en Alemania o Francia. Y en el caso de la AP-7, se aplica, de momento, un tramo de 150 kil\u00f3metros a la altura de El Vendrell, y b\u00e1sicamente consiste en un ajuste temporal de la velocidad en tiempo real mediante la&nbsp;<strong>inteligencia artificial (IA)<\/strong>. El sistema tiene en cuenta el flujo de tr\u00e1fico, las condiciones meteorol\u00f3gicas, la hora del d\u00eda e incluso el estado de la v\u00eda y reduce la velocidad en v\u00eda de forma din\u00e1mica. <\/p>\n<p>L\u00f3gicamente, el conductor est\u00e1 en todo momento informado, y a diferencia de los l\u00edmites est\u00e1ticos, que se implantan en un per\u00edodo de tiempo pero quedan fijos de forma temporal, los l\u00edmites din\u00e1micos se ajustan en tiempo real. Y ojo, <strong>porque en el caso de la AP-7 pueden reducirse hasta 60 km\/h en caso de congesti\u00f3n,<\/strong> por lo que si fuera a la velocidad est\u00e1ndar, estar\u00edas cometiendo un delito bastante grave, el de superar en 50% la velocidad m\u00e1xima permitida de la v\u00eda.<\/p>\n<p>Como viene siendo habitual, y como dec\u00edamos anteriormente, no tienes que preocuparte, puesto que cuando se implemente un cambio de velocidad en tiempo real en el tramo de la AP-7, la DGT te ir\u00e1 avisando al momento que entres en una de las zonas limitadas, por lo que no te vas a llevar ninguna sorpresa, siempre y cuando, eso s\u00ed, cumplas con los l\u00edmites din\u00e1micos que se aplican en cada momento.<\/p>\n<\/p>\n<p>Seguir leyendo: <a href=\"https:\/\/hipertextual.com\/movilidad\/adios-a-los-limites-de-120-km-h-llegan-a-espana-las-primeras-autopistas-que-cambian-la-velocidad\/\" target=\"_blank\" rel=\"noopener\">Adi\u00f3s a los l\u00edmites de 120 km\/h: llegan a Espa\u00f1a las primeras autopistas que cambian din\u00e1micamente la velocidad de la v\u00eda con IA<\/a><\/p>\n<p><a href=\"https:\/\/hipertextual.com\/movilidad\/adios-a-los-limites-de-120-km-h-llegan-a-espana-las-primeras-autopistas-que-cambian-la-velocidad\/\" class=\" target=\" title=\"Adi\u00f3s a los l\u00edmites de 120 km\/h: llegan a Espa\u00f1a las primeras autopistas que cambian din\u00e1micamente la velocidad de la v\u00eda con IA\" target=\"_blank\" rel=\"noopener\">Ver fuente<\/a><\/p>\n","protected":false},"excerpt":{"rendered":"<p>Mucho se ha hablado de la posibilidad de reducir la velocidad en las autov\u00edas ante la subida del precio del combustible, pero parece que de momento no va a ser as\u00ed. Lo que s\u00ed se ha producido es un cambio importante en una de las autopistas m\u00e1s importantes de Espa\u00f1a que pronto puede llegar a [&hellip;]<\/p>\n","protected":false},"author":2,"featured_media":126774,"comment_status":"open","ping_status":"closed","sticky":false,"template":"","format":"standard","meta":{"footnotes":""},"categories":[9],"tags":[],"class_list":["post-126773","post","type-post","status-publish","format-standard","has-post-thumbnail","hentry","category-tecnologia"],"_links":{"self":[{"href":"https:\/\/enfoquenoticioso.com\/index.php?rest_route=\/wp\/v2\/posts\/126773","targetHints":{"allow":["GET"]}}],"collection":[{"href":"https:\/\/enfoquenoticioso.com\/index.php?rest_route=\/wp\/v2\/posts"}],"about":[{"href":"https:\/\/enfoquenoticioso.com\/index.php?rest_route=\/wp\/v2\/types\/post"}],"author":[{"embeddable":true,"href":"https:\/\/enfoquenoticioso.com\/index.php?rest_route=\/wp\/v2\/users\/2"}],"replies":[{"embeddable":true,"href":"https:\/\/enfoquenoticioso.com\/index.php?rest_route=%2Fwp%2Fv2%2Fcomments&post=126773"}],"version-history":[{"count":0,"href":"https:\/\/enfoquenoticioso.com\/index.php?rest_route=\/wp\/v2\/posts\/126773\/revisions"}],"wp:featuredmedia":[{"embeddable":true,"href":"https:\/\/enfoquenoticioso.com\/index.php?rest_route=\/wp\/v2\/media\/126774"}],"wp:attachment":[{"href":"https:\/\/enfoquenoticioso.com\/index.php?rest_route=%2Fwp%2Fv2%2Fmedia&parent=126773"}],"wp:term":[{"taxonomy":"category","embeddable":true,"href":"https:\/\/enfoquenoticioso.com\/index.php?rest_route=%2Fwp%2Fv2%2Fcategories&post=126773"},{"taxonomy":"post_tag","embeddable":true,"href":"https:\/\/enfoquenoticioso.com\/index.php?rest_route=%2Fwp%2Fv2%2Ftags&post=126773"}],"curies":[{"name":"wp","href":"https:\/\/api.w.org\/{rel}","templated":true}]}}