{"id":126817,"date":"2026-04-13T22:52:52","date_gmt":"2026-04-13T22:52:52","guid":{"rendered":"https:\/\/enfoquenoticioso.com\/?p=126817"},"modified":"2026-04-13T22:52:52","modified_gmt":"2026-04-13T22:52:52","slug":"el-atletico-podria-recuperar-a-oblak-para-medirse-al-barcelona","status":"publish","type":"post","link":"https:\/\/enfoquenoticioso.com\/?p=126817","title":{"rendered":"El Atl\u00e9tico podr\u00eda recuperar a Oblak para medirse al Barcelona"},"content":{"rendered":"<div data-td-block-uid=\"tdi_72\">\n<div class=\"tdb-block-inner td-fix-index\">\n<p>El Atl\u00e9tico de Madrid podr\u00eda contar con el regreso de Jan Oblak a la titularidad de su arco para el juego contra el FC Barcelona, por los Cuartos de Final de la Champions League en el que ganan en el global por 2-0.<\/p>\n<p>El portero esloveno estuvo durante m\u00e1s de un mes de baja debido a una lesi\u00f3n muscular, que hizo que el argentino Juan Musso se apropiara del arco colchonero, teniendo muy buenas actuaciones, incluida la de la ida en el Camp Nou.<\/p>\n<p><strong>Lee tambi\u00e9n: <a href=\"https:\/\/www.liderendeportes.com\/noticias\/futbol\/futbol-europeo\/el-barcelona-gano-y-se-escapa-hacia-el-titulo\/\" target=\"_blank\" rel=\"noopener\">El Barcelona gan\u00f3 y se escapa hacia el t\u00edtulo<\/a><\/strong><\/p>\n<p>El Atl\u00e9tico recibe al Barcelona el martes en el partido de vuelta de los cuartos de final, con la esperanza de regresar a las semifinales de la m\u00e1xima competici\u00f3n europea de clubes por primera vez desde 2017.<\/p>\n<p>Por su parte, el entrenador del cuadro rojiblanco, Diego \u00abCholo\u00bb Simeone, habl\u00f3 el lunes y no descart\u00f3 el regreso de Oblak a la plantilla, pese a no jugar desde el triunfo por 5-2 contra el Tottenham el pasado 10 de marzo en Octavos. El portero ha estado entrenando con el equipo durante los \u00faltimos d\u00edas y, seg\u00fan los informes, est\u00e1 en condiciones de ser titular.<\/p>\n<p>Desde aquel d\u00eda, Musso ha estado en el arco y en seis partidos como titular ha encajado 10 goles, incluyendo dos en la derrota del Atl\u00e9tico por 2-1 ante el Sevilla en la liga espa\u00f1ola el s\u00e1bado.<\/p>\n<p>Simeone declar\u00f3 que todav\u00eda no ha anunciado a los titulares para el martes, pero quienquiera que vaya al arco, probablemente Musso por continuidad, deber\u00e1 cuidarse del ataque del Barcelona para poder eliminarlo por tercera vez en la Champions y clasificar.<\/p>\n<\/div>\n<\/div>\n<p><a href=\"https:\/\/www.liderendeportes.com\/noticias\/futbol\/futbol-europeo\/el-atletico-podria-recuperar-a-oblak-para-medirse-al-barcelona\/\" class=\" target=\" title=\"El Atl\u00e9tico podr\u00eda recuperar a Oblak para medirse al Barcelona\" target=\"_blank\" rel=\"noopener\">Ver fuente<\/a><\/p>\n","protected":false},"excerpt":{"rendered":"<p>El Atl\u00e9tico de Madrid podr\u00eda contar con el regreso de Jan Oblak a la titularidad de su arco para el juego contra el FC Barcelona, por los Cuartos de Final de la Champions League en el que ganan en el global por 2-0. El portero esloveno estuvo durante m\u00e1s de un mes de baja debido [&hellip;]<\/p>\n","protected":false},"author":2,"featured_media":126818,"comment_status":"open","ping_status":"closed","sticky":false,"template":"","format":"standard","meta":{"footnotes":""},"categories":[7],"tags":[],"class_list":["post-126817","post","type-post","status-publish","format-standard","has-post-thumbnail","hentry","category-deporte"],"_links":{"self":[{"href":"https:\/\/enfoquenoticioso.com\/index.php?rest_route=\/wp\/v2\/posts\/126817","targetHints":{"allow":["GET"]}}],"collection":[{"href":"https:\/\/enfoquenoticioso.com\/index.php?rest_route=\/wp\/v2\/posts"}],"about":[{"href":"https:\/\/enfoquenoticioso.com\/index.php?rest_route=\/wp\/v2\/types\/post"}],"author":[{"embeddable":true,"href":"https:\/\/enfoquenoticioso.com\/index.php?rest_route=\/wp\/v2\/users\/2"}],"replies":[{"embeddable":true,"href":"https:\/\/enfoquenoticioso.com\/index.php?rest_route=%2Fwp%2Fv2%2Fcomments&post=126817"}],"version-history":[{"count":0,"href":"https:\/\/enfoquenoticioso.com\/index.php?rest_route=\/wp\/v2\/posts\/126817\/revisions"}],"wp:featuredmedia":[{"embeddable":true,"href":"https:\/\/enfoquenoticioso.com\/index.php?rest_route=\/wp\/v2\/media\/126818"}],"wp:attachment":[{"href":"https:\/\/enfoquenoticioso.com\/index.php?rest_route=%2Fwp%2Fv2%2Fmedia&parent=126817"}],"wp:term":[{"taxonomy":"category","embeddable":true,"href":"https:\/\/enfoquenoticioso.com\/index.php?rest_route=%2Fwp%2Fv2%2Fcategories&post=126817"},{"taxonomy":"post_tag","embeddable":true,"href":"https:\/\/enfoquenoticioso.com\/index.php?rest_route=%2Fwp%2Fv2%2Ftags&post=126817"}],"curies":[{"name":"wp","href":"https:\/\/api.w.org\/{rel}","templated":true}]}}