{"id":126825,"date":"2026-04-14T00:26:08","date_gmt":"2026-04-14T00:26:08","guid":{"rendered":"https:\/\/enfoquenoticioso.com\/?p=126825"},"modified":"2026-04-14T00:26:08","modified_gmt":"2026-04-14T00:26:08","slug":"carlos-queiroz-es-nombrado-tecnico-de-ghana-a-semanas-del-mundial","status":"publish","type":"post","link":"https:\/\/enfoquenoticioso.com\/?p=126825","title":{"rendered":"Carlos Queiroz es nombrado t\u00e9cnico de Ghana a semanas del Mundial"},"content":{"rendered":"<div id=\"post-582500\">&#13;<br \/>\n\t\t\t&#13;<\/p>\n<div class=\"entry-thumbnail\">\n<img loading=\"lazy\" width=\"777\" height=\"437\" src=\"https:\/\/noticiasaldiayalahora.co\/wp-content\/uploads\/2026\/04\/Carlos-Queiroz-777x437.webp\" class=\"attachment-content-single size-content-single wp-post-image\" alt=\"\" decoding=\"async\" srcset=\"https:\/\/noticiasaldiayalahora.co\/wp-content\/uploads\/2026\/04\/Carlos-Queiroz-777x437.webp 777w, https:\/\/noticiasaldiayalahora.co\/wp-content\/uploads\/2026\/04\/Carlos-Queiroz-180x101.webp 180w, https:\/\/noticiasaldiayalahora.co\/wp-content\/uploads\/2026\/04\/Carlos-Queiroz-260x146.webp 260w, https:\/\/noticiasaldiayalahora.co\/wp-content\/uploads\/2026\/04\/Carlos-Queiroz-373x210.webp 373w, https:\/\/noticiasaldiayalahora.co\/wp-content\/uploads\/2026\/04\/Carlos-Queiroz-120x67.webp 120w\" sizes=\"auto, (max-width: 777px) 100vw, 777px\"\/><\/div>\n<p>\t&#13;<\/p>\n<div class=\"advertisement\">\n<div class=\"sb-widget post-ad\">\n<p style=\"font-size: 10px; color: #999; margin: 0 0 10px 0; text-transform: uppercase; font-family: sans-serif;\">Publicidad \/ Contenido Patrocinado<\/p>\n<\/div><\/div>\n<p>&#13;<\/p>\n<p class=\"entry-meta\">\n<span class=\"entry-meta-author vcard author\">Por: <a class=\"fn\" href=\"https:\/\/noticiasaldiayalahora.co\/author\/noticias\/\" target=\"_blank\" rel=\"noopener\">AL D\u00eda y a la Hora | @Notidiahora<\/a><\/span><br \/>\n<span class=\"entry-meta-date updated\">13 abril, 2026<\/span>\n<\/p>\n<p>\t&#13;<\/p>\n<div class=\"entry-content clearfix\">\n<p>Carlos Queiroz dirigir\u00e1 en otra Copa Mundial.<\/p>\n<p>Ghana nombr\u00f3 el lunes al portugu\u00e9s como nuevo seleccionador nacional, a menos de dos meses del torneo.<\/p>\n<p>\u201cLa labor del entrenador Queiroz comienza de inmediato\u201d, se\u00f1al\u00f3 la Asociaci\u00f3n de F\u00fatbol de Ghana en un comunicado.<\/p>\n<p>Ghana debutar\u00e1 en el Mundial en el Grupo L contra Panam\u00e1 el 17 de junio en Toronto, y luego se medir\u00e1 ante Inglaterra a las afueras de Boston y cerrar\u00e1 frente a Croacia en Filadelfia.<\/p>\n<p>Las Estrellas Negras tambi\u00e9n tendr\u00e1n partidos de preparaci\u00f3n contra M\u00e9xico el 22 de mayo y ante Gales el 2 de junio.<\/p>\n<p>\u201cEste no es solo otro trabajo: es una misi\u00f3n. Y estoy listo para dar, una vez m\u00e1s, toda mi experiencia y conocimiento, al servicio del juego y de la felicidad de la gente\u201d, dijo Queiroz en un comunicado en el sitio web de la federaci\u00f3n ghanesa.<\/p>\n<p>Queiroz fue elegido entre m\u00e1s de 600 solicitudes locales y extranjeras debido a su amplia experiencia en los mundiales.<\/p>\n<p>Clasific\u00f3 a Sud\u00e1frica para el Mundial de 2002, condujo a su Portugal natal a la fase de eliminaci\u00f3n directa en 2010 y dirigi\u00f3 a Ir\u00e1n en los torneos de 2014, 2018 y 2022.<\/p>\n<p>Queiroz estuvo m\u00e1s recientemente al frente de Om\u00e1n, que no logr\u00f3 clasificarse al Mundial. Renunci\u00f3 hace tres semanas.<\/p>\n<p>Sustituye a Otto Addo, quien fue despedido el 31 de marzo tras cuatro derrotas consecutivas en partidos de preparaci\u00f3n.<\/p>\n<\/p><\/div>\n<p>\t&#13;<br \/>\n&#13;<br \/>\n\t<!-- Taboola Below Article con Etiqueta -->&#13;<\/p>\n<div style=\"margin-top: 20px;\">\n<p style=\"font-size: 10px; color: #999; margin: 0 0 5px 0; text-transform: uppercase; font-family: sans-serif;\">Contenido Patrocinado \/ Recomendado para ti<\/p>\n<\/p><\/div>\n<p>&#13;<br \/>\n&#13;<br \/>\n\t\t&#13;\n<\/p><\/div>\n<p><a href=\"https:\/\/noticiasaldiayalahora.co\/deportes\/carlos-queiroz-es-nombrado-tecnico-de-ghana-a-semanas-del-mundial\/\" class=\" target=\" title=\"Carlos Queiroz es nombrado t\u00e9cnico de Ghana a semanas del Mundial\" target=\"_blank\" rel=\"noopener\">Ver fuente<\/a><\/p>\n","protected":false},"excerpt":{"rendered":"<p>&#13; &#13; &#13; Publicidad \/ Contenido Patrocinado &#13; Por: AL D\u00eda y a la Hora | @Notidiahora 13 abril, 2026 &#13; Carlos Queiroz dirigir\u00e1 en otra Copa Mundial. Ghana nombr\u00f3 el lunes al portugu\u00e9s como nuevo seleccionador nacional, a menos de dos meses del torneo. \u201cLa labor del entrenador Queiroz comienza de inmediato\u201d, se\u00f1al\u00f3 la [&hellip;]<\/p>\n","protected":false},"author":2,"featured_media":126826,"comment_status":"open","ping_status":"closed","sticky":false,"template":"","format":"standard","meta":{"footnotes":""},"categories":[7],"tags":[],"class_list":["post-126825","post","type-post","status-publish","format-standard","has-post-thumbnail","hentry","category-deporte"],"_links":{"self":[{"href":"https:\/\/enfoquenoticioso.com\/index.php?rest_route=\/wp\/v2\/posts\/126825","targetHints":{"allow":["GET"]}}],"collection":[{"href":"https:\/\/enfoquenoticioso.com\/index.php?rest_route=\/wp\/v2\/posts"}],"about":[{"href":"https:\/\/enfoquenoticioso.com\/index.php?rest_route=\/wp\/v2\/types\/post"}],"author":[{"embeddable":true,"href":"https:\/\/enfoquenoticioso.com\/index.php?rest_route=\/wp\/v2\/users\/2"}],"replies":[{"embeddable":true,"href":"https:\/\/enfoquenoticioso.com\/index.php?rest_route=%2Fwp%2Fv2%2Fcomments&post=126825"}],"version-history":[{"count":0,"href":"https:\/\/enfoquenoticioso.com\/index.php?rest_route=\/wp\/v2\/posts\/126825\/revisions"}],"wp:featuredmedia":[{"embeddable":true,"href":"https:\/\/enfoquenoticioso.com\/index.php?rest_route=\/wp\/v2\/media\/126826"}],"wp:attachment":[{"href":"https:\/\/enfoquenoticioso.com\/index.php?rest_route=%2Fwp%2Fv2%2Fmedia&parent=126825"}],"wp:term":[{"taxonomy":"category","embeddable":true,"href":"https:\/\/enfoquenoticioso.com\/index.php?rest_route=%2Fwp%2Fv2%2Fcategories&post=126825"},{"taxonomy":"post_tag","embeddable":true,"href":"https:\/\/enfoquenoticioso.com\/index.php?rest_route=%2Fwp%2Fv2%2Ftags&post=126825"}],"curies":[{"name":"wp","href":"https:\/\/api.w.org\/{rel}","templated":true}]}}