{"id":126833,"date":"2026-04-14T02:30:24","date_gmt":"2026-04-14T02:30:24","guid":{"rendered":"https:\/\/enfoquenoticioso.com\/?p=126833"},"modified":"2026-04-14T02:30:24","modified_gmt":"2026-04-14T02:30:24","slug":"deportivo-la-guaira-sale-a-desafiar-la-altura-de-la-paz","status":"publish","type":"post","link":"https:\/\/enfoquenoticioso.com\/?p=126833","title":{"rendered":"Deportivo La Guaira sale a desafiar la altura de La Paz"},"content":{"rendered":"<div>\n<p>El Deportivo La Guaira afronta un nuevo y duro reto en la segunda jornada de la Copa Libertadores. Visita (8:00 p.m.) a Bol\u00edvar en el estadio Hernando Siles de La Paz, Bolivia, situado a 3.600 metros de altura sobre el nivel del mar.<\/p>\n<p>Los dirigidos por el argentino H\u00e9ctor Bidoglio arribaron este lunes a la ciudad de Santa Cruz de la Sierra, situada en el este del pa\u00eds, a 400 metros de altitud. All\u00ed pernoct\u00f3 para viajar a La Paz horas antes del partido, con el prop\u00f3sito de aminorar los efectos de la altitud.<\/p>\n<p>El combinado venezolano logr\u00f3 sumar en la primera jornada al empatar sin goles ante el Fluminense de Brasil, en el estadio Ol\u00edmpico de Caracas.<\/p>\n<p>Adem\u00e1s, ganaron el pasado viernes al Deportivo T\u00e1chira en San Crist\u00f3bal 2-3 con goles de Nelson Hern\u00e1ndez, Alexis Rodr\u00edguez y Jos\u00e9 Al\u00ed Meza, para as\u00ed convertirse en el nuevo l\u00edder de la Liga Futve.<\/p>\n<p>El cuadro naranja tambi\u00e9n llega a Bolivia sin ver la derrota en lo que va de temporada, con seis victorias y seis empates.<\/p>\n<p>H\u00e9ctor Bidoglio conoce el f\u00fatbol boliviano al haber sido entrenador de la sub-23 en 2019; tambi\u00e9n se plantea sumar unidades en La Paz.<\/p>\n<p>El entrenador dijo que el punto conseguido ante el conjunto brasile\u00f1o tendr\u00e1 sentido si tambi\u00e9n logran sumar en su visita a La Paz. Aunque reconoci\u00f3 que la Academia tiene buenos jugadores y se hace fuerte jugando de local en la altitud.<\/p>\n<p><strong>Lee tambi\u00e9n: <\/strong><a href=\"https:\/\/www.liderendeportes.com\/noticias\/futbol\/futve\/carabobo-volvio-al-triunfo-derrotando-a-ucv\/\" target=\"_blank\" rel=\"noopener\">Carabobo volvi\u00f3 al triunfo derrotando a UCV<\/a><\/p>\n<p>Por su parte, el combinado local, dirigido por el tambi\u00e9n argentino Flavio Robatto, cay\u00f3 la semana pasada en su visita al Independiente Rivadavia 1-0 por un gol en contra de Carlos Lampe, que adem\u00e1s cont\u00f3 con la expulsi\u00f3n de su zaguero Jes\u00fas Sagredo al 72\u2019.<\/p>\n<p>En la liga nacional, el Bol\u00edvar consigui\u00f3 el s\u00e1bado su segunda victoria consecutiva al imponerse al club ABB por 0-2 con goles del uruguayo Mart\u00edn Cauteruccio. Marcha l\u00edder del campeonato local, que apenas tiene dos fechas disputadas.<\/p>\n<p>Ser\u00e1 la segunda vez este a\u00f1o que un equipo venezolano juegue en la altura de La Paz. El primero fue Deportivo T\u00e1chira por la fase 1 de la Copa Libertadores, en la que cay\u00f3 2-1 ante el club The Strongest.<\/p>\n<\/div>\n<p><a href=\"https:\/\/www.liderendeportes.com\/noticias\/futbol\/suramericano\/deportivo-la-guaira-sale-a-desafiar-la-altura-de-la-paz\/\" class=\" target=\" title=\"Deportivo La Guaira sale a desafiar la altura de La Paz\" target=\"_blank\" rel=\"noopener\">Ver fuente<\/a><\/p>\n","protected":false},"excerpt":{"rendered":"<p>El Deportivo La Guaira afronta un nuevo y duro reto en la segunda jornada de la Copa Libertadores. Visita (8:00 p.m.) a Bol\u00edvar en el estadio Hernando Siles de La Paz, Bolivia, situado a 3.600 metros de altura sobre el nivel del mar. Los dirigidos por el argentino H\u00e9ctor Bidoglio arribaron este lunes a la [&hellip;]<\/p>\n","protected":false},"author":2,"featured_media":126834,"comment_status":"open","ping_status":"closed","sticky":false,"template":"","format":"standard","meta":{"footnotes":""},"categories":[7],"tags":[],"class_list":["post-126833","post","type-post","status-publish","format-standard","has-post-thumbnail","hentry","category-deporte"],"_links":{"self":[{"href":"https:\/\/enfoquenoticioso.com\/index.php?rest_route=\/wp\/v2\/posts\/126833","targetHints":{"allow":["GET"]}}],"collection":[{"href":"https:\/\/enfoquenoticioso.com\/index.php?rest_route=\/wp\/v2\/posts"}],"about":[{"href":"https:\/\/enfoquenoticioso.com\/index.php?rest_route=\/wp\/v2\/types\/post"}],"author":[{"embeddable":true,"href":"https:\/\/enfoquenoticioso.com\/index.php?rest_route=\/wp\/v2\/users\/2"}],"replies":[{"embeddable":true,"href":"https:\/\/enfoquenoticioso.com\/index.php?rest_route=%2Fwp%2Fv2%2Fcomments&post=126833"}],"version-history":[{"count":0,"href":"https:\/\/enfoquenoticioso.com\/index.php?rest_route=\/wp\/v2\/posts\/126833\/revisions"}],"wp:featuredmedia":[{"embeddable":true,"href":"https:\/\/enfoquenoticioso.com\/index.php?rest_route=\/wp\/v2\/media\/126834"}],"wp:attachment":[{"href":"https:\/\/enfoquenoticioso.com\/index.php?rest_route=%2Fwp%2Fv2%2Fmedia&parent=126833"}],"wp:term":[{"taxonomy":"category","embeddable":true,"href":"https:\/\/enfoquenoticioso.com\/index.php?rest_route=%2Fwp%2Fv2%2Fcategories&post=126833"},{"taxonomy":"post_tag","embeddable":true,"href":"https:\/\/enfoquenoticioso.com\/index.php?rest_route=%2Fwp%2Fv2%2Ftags&post=126833"}],"curies":[{"name":"wp","href":"https:\/\/api.w.org\/{rel}","templated":true}]}}