{"id":126835,"date":"2026-04-14T03:01:35","date_gmt":"2026-04-14T03:01:35","guid":{"rendered":"https:\/\/enfoquenoticioso.com\/?p=126835"},"modified":"2026-04-14T03:01:35","modified_gmt":"2026-04-14T03:01:35","slug":"ciclismo-exhibio-poderio-en-bogota","status":"publish","type":"post","link":"https:\/\/enfoquenoticioso.com\/?p=126835","title":{"rendered":"Ciclismo exhibi\u00f3 poder\u00edo en Bogot\u00e1"},"content":{"rendered":"<div>\n<p>Con Ver\u00f3nica Abreu a la cabeza, la selecci\u00f3n venezolana de ciclismo de pista exhibi\u00f3 su poder\u00edo\u00a0<strong>con diez medallas conquistadas en el marco del Torneo Internacional de Ciclismo de Pista UCI\u00a0<\/strong>\u00a0realizado el pasado fin de semana en el vel\u00f3dromo Luis Carlos Gal\u00e1n de Bogot\u00e1, Colombia.<\/p>\n<div id=\"ez-toc-container\" class=\"ez-toc-v2_0_81 counter-hierarchy ez-toc-counter ez-toc-grey ez-toc-container-direction\">\n<div class=\"ez-toc-title-container\">\n<p class=\"ez-toc-title\" style=\"cursor:inherit\">Tabla de Contenido<\/p>\n<span class=\"ez-toc-title-toggle\"><a href=\"#\" class=\"ez-toc-pull-right ez-toc-btn ez-toc-btn-xs ez-toc-btn-default ez-toc-toggle\" aria-label=\"Alternar tabla de contenidos\"><span class=\"ez-toc-js-icon-con\"><span class=\"\"><span class=\"eztoc-hide\" style=\"display:none;\">Toggle<\/span><span class=\"ez-toc-icon-toggle-span\"><svg style=\"fill: #999;color:#999\" xmlns=\"http:\/\/www.w3.org\/2000\/svg\" class=\"list-377408\" width=\"20px\" height=\"20px\" viewBox=\"0 0 24 24\" fill=\"none\"><path d=\"M6 6H4v2h2V6zm14 0H8v2h12V6zM4 11h2v2H4v-2zm16 0H8v2h12v-2zM4 16h2v2H4v-2zm16 0H8v2h12v-2z\" fill=\"currentColor\"><\/path><\/svg><svg style=\"fill: #999;color:#999\" class=\"arrow-unsorted-368013\" xmlns=\"http:\/\/www.w3.org\/2000\/svg\" width=\"10px\" height=\"10px\" viewBox=\"0 0 24 24\" version=\"1.2\" baseProfile=\"tiny\"><path d=\"M18.2 9.3l-6.2-6.3-6.2 6.3c-.2.2-.3.4-.3.7s.1.5.3.7c.2.2.4.3.7.3h11c.3 0 .5-.1.7-.3.2-.2.3-.5.3-.7s-.1-.5-.3-.7zM5.8 14.7l6.2 6.3 6.2-6.3c.2-.2.3-.5.3-.7s-.1-.5-.3-.7c-.2-.2-.4-.3-.7-.3h-11c-.3 0-.5.1-.7.3-.2.2-.3.5-.3.7s.1.5.3.7z\"\/><\/svg><\/span><\/span><\/span><\/a><\/span><\/div>\n<nav><ul class='ez-toc-list ez-toc-list-level-1 ' ><li class='ez-toc-page-1 ez-toc-heading-level-2'><a class=\"ez-toc-link ez-toc-heading-1\" href=\"https:\/\/enfoquenoticioso.com\/?p=126835\/#Abreu_sobresalio\" >Abreu sobresali\u00f3<\/a><\/li><li class='ez-toc-page-1 ez-toc-heading-level-2'><a class=\"ez-toc-link ez-toc-heading-2\" href=\"https:\/\/enfoquenoticioso.com\/?p=126835\/#Equipos_brillaron\" >Equipos brillaron\u00a0<\/a><\/li><li class='ez-toc-page-1 ez-toc-heading-level-2'><a class=\"ez-toc-link ez-toc-heading-3\" href=\"https:\/\/enfoquenoticioso.com\/?p=126835\/#Cosecha_broncinea\" >Cosecha bronc\u00ednea<\/a><\/li><\/ul><\/nav><\/div>\n<h2 class=\"wp-block-heading\" id=\"abreu-sobresali\u00f3\"><span class=\"ez-toc-section\" id=\"Abreu_sobresalio\"><\/span>Abreu sobresali\u00f3<span class=\"ez-toc-section-end\"><\/span><\/h2>\n<p>Ver\u00f3nica Abreu logr\u00f3 su mejor desempe\u00f1o durante\u00a0\u00a0el torneo bogotano, sum\u00f3 con su velocidad explosiva, habilidad t\u00e9cnica y resistencia una\u00a0<strong>presea dorada en el scratch<\/strong>. En esta misma prueba la m\u00e1xima referente del ciclismo de ruta nacional, Lilibeth Chac\u00f3n, se apunt\u00f3 en el tercer lugar, detr\u00e1s de la colombiana Lina Hern\u00e1ndez, medallista de plata.\u00a0<\/p>\n<p>Abreu a\u00f1adi\u00f3 el segundo lauro para el pa\u00eds con una\u00a0<strong>presea de plata conquistada en el heat decisivo del \u00f3mnium\u00a0<\/strong>con un acumulado de 102. Qued\u00f3 a ocho puntos de la medalla de oro conquistada por la colombiana Elizabeth Casta\u00f1o con 120.<\/p>\n<p>Fabiana Candelas a<strong>greg\u00f3 un nuevo metal al medallero con una presea de plat<\/strong>a en la prueba por puntos con (48).\u00a0<\/p>\n<p>Las mexicanas\u00a0<strong>Mar\u00eda Figueroa y Mar\u00eda Gaxiola completaron el podio<\/strong>\u00a0en el primer y segundo puesto respectivamente.\u00a0<\/p>\n<h2 class=\"wp-block-heading\" id=\"equipos-brillaron\"><span class=\"ez-toc-section\" id=\"Equipos_brillaron\"><\/span>Equipos brillaron\u00a0<span class=\"ez-toc-section-end\"><\/span><\/h2>\n<p>El equipo de la velocidad masculina integrado por el dos veces ol\u00edmpico Hersony Canel\u00f3n en conjunto con Yorber Ter\u00e1n y Andr\u00e9s Torres<strong>\u00a0impusieron su autoridad en la modalidad por equipos con un sensacional 0.58.734<\/strong>\u00a0para colgarse la anhelada medalla de oro sobre los equipos de Colombia y M\u00e9xico, ocupantes del segundo y tercer lugar en ese orden.<\/p>\n<p>Por su parte, Carleanis Mart\u00ednez, Jalymar Rodr\u00edguez y Michel Manzi destacaron en sus comparecencias tras apoderarse de la medalla de plata en la velocidad por equipos.\u00a0<\/p>\n<p>Las nacionales fueron superadas por las representantes\u00a0\u00a0neogranadinas en el\u00a0\u00a0primer puesto y\u00a0<strong>M\u00e9xico se ubic\u00f3 tercero\u00a0<\/strong>para cerrar del podio.\u00a0<\/p>\n<p><strong>Leer tambi\u00e9n: <a href=\"https:\/\/www.liderendeportes.com\/noticias\/mas-deportes\/natacion\/la-natacion-levanta-restricciones-a-los-atletas-rusos\/\" target=\"_blank\" rel=\"noopener\">La nataci\u00f3n levanta restricciones a los atletas rusos<\/a><\/strong><\/p>\n<h2 class=\"wp-block-heading\" id=\"cosecha-bronc\u00ednea\"><span class=\"ez-toc-section\" id=\"Cosecha_broncinea\"><\/span>Cosecha bronc\u00ednea<span class=\"ez-toc-section-end\"><\/span><\/h2>\n<p>Un total de\u00a0<strong>cuatro medallas de bronce\u00a0<\/strong>consiguieron los pedalistas nacionales durante la justa.\u00a0<\/p>\n<p>La recordista nacional Michel Manzi se adjudic\u00f3 uno de esos metales en\u00a0<strong>la final de la velocidad con 0.12.129,<\/strong>\u00a0Est\u00e1 medalla se uni\u00f3 al tercer lugar de Chac\u00f3n en el scratch.\u00a0<\/p>\n<p>Por los hombres, el velocista Arlex M\u00e9ndez hizo lo propio sum\u00e1ndose al podio del scratch, al igual que su compa\u00f1ero de equipo Andr\u00e9s Torres que emul\u00f3 la acci\u00f3n como el<strong>\u00a0tercer mejor competidor en la velocidad individual.\u00a0<\/strong><\/p>\n<p>La plausible participaci\u00f3n de Venezuela en el certamen bogotano aumenta las expectativas con vista los J<strong>uegos Centroamericanos y del Caribe Santo Domingo, Rep\u00fablica Dominicana, y los Juegos Suramericanos Santa Fe, Argentina<\/strong>, en los venideros meses julio y septiembre respectivamente.<\/p>\n<p><strong>Ydanis Navas \/ Prensa Mindeporte<\/strong><\/p>\n<\/div>\n<p><a href=\"https:\/\/www.liderendeportes.com\/noticias\/mas-deportes\/ciclismo\/ciclismo-exhibio-poderio-en-bogota\/\" class=\" target=\" title=\"Ciclismo exhibi\u00f3 poder\u00edo en Bogot\u00e1\" target=\"_blank\" rel=\"noopener\">Ver fuente<\/a><\/p>\n","protected":false},"excerpt":{"rendered":"<p>Con Ver\u00f3nica Abreu a la cabeza, la selecci\u00f3n venezolana de ciclismo de pista exhibi\u00f3 su poder\u00edo\u00a0con diez medallas conquistadas en el marco del Torneo Internacional de Ciclismo de Pista UCI\u00a0\u00a0realizado el pasado fin de semana en el vel\u00f3dromo Luis Carlos Gal\u00e1n de Bogot\u00e1, Colombia. Abreu sobresali\u00f3 Ver\u00f3nica Abreu logr\u00f3 su mejor desempe\u00f1o durante\u00a0\u00a0el torneo bogotano, [&hellip;]<\/p>\n","protected":false},"author":2,"featured_media":126836,"comment_status":"open","ping_status":"closed","sticky":false,"template":"","format":"standard","meta":{"footnotes":""},"categories":[7],"tags":[],"class_list":["post-126835","post","type-post","status-publish","format-standard","has-post-thumbnail","hentry","category-deporte"],"_links":{"self":[{"href":"https:\/\/enfoquenoticioso.com\/index.php?rest_route=\/wp\/v2\/posts\/126835","targetHints":{"allow":["GET"]}}],"collection":[{"href":"https:\/\/enfoquenoticioso.com\/index.php?rest_route=\/wp\/v2\/posts"}],"about":[{"href":"https:\/\/enfoquenoticioso.com\/index.php?rest_route=\/wp\/v2\/types\/post"}],"author":[{"embeddable":true,"href":"https:\/\/enfoquenoticioso.com\/index.php?rest_route=\/wp\/v2\/users\/2"}],"replies":[{"embeddable":true,"href":"https:\/\/enfoquenoticioso.com\/index.php?rest_route=%2Fwp%2Fv2%2Fcomments&post=126835"}],"version-history":[{"count":0,"href":"https:\/\/enfoquenoticioso.com\/index.php?rest_route=\/wp\/v2\/posts\/126835\/revisions"}],"wp:featuredmedia":[{"embeddable":true,"href":"https:\/\/enfoquenoticioso.com\/index.php?rest_route=\/wp\/v2\/media\/126836"}],"wp:attachment":[{"href":"https:\/\/enfoquenoticioso.com\/index.php?rest_route=%2Fwp%2Fv2%2Fmedia&parent=126835"}],"wp:term":[{"taxonomy":"category","embeddable":true,"href":"https:\/\/enfoquenoticioso.com\/index.php?rest_route=%2Fwp%2Fv2%2Fcategories&post=126835"},{"taxonomy":"post_tag","embeddable":true,"href":"https:\/\/enfoquenoticioso.com\/index.php?rest_route=%2Fwp%2Fv2%2Ftags&post=126835"}],"curies":[{"name":"wp","href":"https:\/\/api.w.org\/{rel}","templated":true}]}}