{"id":126935,"date":"2026-04-14T15:59:17","date_gmt":"2026-04-14T15:59:17","guid":{"rendered":"https:\/\/enfoquenoticioso.com\/?p=126935"},"modified":"2026-04-14T15:59:17","modified_gmt":"2026-04-14T15:59:17","slug":"carlos-queiroz-sera-el-dt-de-ghana-para-el-mundial","status":"publish","type":"post","link":"https:\/\/enfoquenoticioso.com\/?p=126935","title":{"rendered":"Carlos Queiroz ser\u00e1 el DT de Ghana para el Mundial"},"content":{"rendered":"<div data-td-block-uid=\"tdi_72\">\n<div class=\"tdb-block-inner td-fix-index\">\n<p>La selecci\u00f3n de Ghana anunci\u00f3 que el portugu\u00e9s Carlos Queiroz ser\u00e1 su entrenador para la Copa Mundial de la FIFA 2026 que se realizar\u00e1 en Estados Unidos, M\u00e9xico y Canad\u00e1.\u00a0<\/p>\n<p>El anuncio lo realiz\u00f3 la federaci\u00f3n de dicho pa\u00eds a trav\u00e9s de sus redes sociales, justo dos meses antes que de inicio el campeonato que tendr\u00e1 su silbatazo inicial en la Ciudad de M\u00e9xico.\u00a0<\/p>\n<p>Ghana debutar\u00e1 en el Mundial dentro del Grupo L ante el combinado nacional de Panam\u00e1 el pr\u00f3ximo 17 de junio en la ciudad de Toronto y posteriormente enfrentar\u00e1 a Inglaterra en Boston. Cerrar\u00e1 contra Croacia en Filadelfia.\u00a0<\/p>\n<p><strong>Lee tambi\u00e9n: <a href=\"https:\/\/www.liderendeportes.com\/wp-admin\/post.php?post=2319618&amp;action=edit\" target=\"_blank\" rel=\"noopener\">Leeds sorprende al Manchester United en Old Trafford<\/a><\/strong><\/p>\n<p>Queiroz, de 73 a\u00f1os, se mostr\u00f3 enfocado en poder disputar una nueva Copa del Mundo y reconoci\u00f3 que har\u00e1 lo mejor posible para fortalecer al equipo en estas semanas.\u00a0<\/p>\n<p>\u00abRecibo este nuevo cap\u00edtulo con el equipo nacional de Ghana con un gran sentido de gratitud, responsabilidad y humildad. El f\u00fatbol me ha dado toda una vida de retos, lecciones y viajes inolvidables por todo el mundo. Hoy acepto esta misi\u00f3n con la misma pasi\u00f3n y compromiso que me han guiado toda mi carrera\u00bb.<\/p>\n<p>\u00abEste no es solo otro trabajo: es una misi\u00f3n. Y estoy listo para dar, una vez m\u00e1s, toda mi experiencia y conocimiento, al servicio del juego y de la felicidad de la gente\u00bb, agreg\u00f3.<\/p>\n<p>El portugu\u00e9s tiene una amplia trayectoria en selecciones tras haber dirigido a su natal Portugal, Emiratos \u00c1rabes Unidos, Sud\u00e1frica, Ir\u00e1n, Colombia, Egipto, Qatar y Om\u00e1n. En clubes tambi\u00e9n ha estado al mando del Sporting y del Real Madrid.\u00a0<\/p>\n<\/div>\n<\/div>\n<p><a href=\"https:\/\/www.liderendeportes.com\/noticias\/futbol\/internacional-football\/carlos-queiroz-sera-el-dt-de-ghana-para-el-mundial\/\" class=\" target=\" title=\"Carlos Queiroz ser\u00e1 el DT de Ghana para el Mundial\" target=\"_blank\" rel=\"noopener\">Ver fuente<\/a><\/p>\n","protected":false},"excerpt":{"rendered":"<p>La selecci\u00f3n de Ghana anunci\u00f3 que el portugu\u00e9s Carlos Queiroz ser\u00e1 su entrenador para la Copa Mundial de la FIFA 2026 que se realizar\u00e1 en Estados Unidos, M\u00e9xico y Canad\u00e1.\u00a0 El anuncio lo realiz\u00f3 la federaci\u00f3n de dicho pa\u00eds a trav\u00e9s de sus redes sociales, justo dos meses antes que de inicio el campeonato que [&hellip;]<\/p>\n","protected":false},"author":2,"featured_media":126936,"comment_status":"open","ping_status":"closed","sticky":false,"template":"","format":"standard","meta":{"footnotes":""},"categories":[7],"tags":[],"class_list":["post-126935","post","type-post","status-publish","format-standard","has-post-thumbnail","hentry","category-deporte"],"_links":{"self":[{"href":"https:\/\/enfoquenoticioso.com\/index.php?rest_route=\/wp\/v2\/posts\/126935","targetHints":{"allow":["GET"]}}],"collection":[{"href":"https:\/\/enfoquenoticioso.com\/index.php?rest_route=\/wp\/v2\/posts"}],"about":[{"href":"https:\/\/enfoquenoticioso.com\/index.php?rest_route=\/wp\/v2\/types\/post"}],"author":[{"embeddable":true,"href":"https:\/\/enfoquenoticioso.com\/index.php?rest_route=\/wp\/v2\/users\/2"}],"replies":[{"embeddable":true,"href":"https:\/\/enfoquenoticioso.com\/index.php?rest_route=%2Fwp%2Fv2%2Fcomments&post=126935"}],"version-history":[{"count":0,"href":"https:\/\/enfoquenoticioso.com\/index.php?rest_route=\/wp\/v2\/posts\/126935\/revisions"}],"wp:featuredmedia":[{"embeddable":true,"href":"https:\/\/enfoquenoticioso.com\/index.php?rest_route=\/wp\/v2\/media\/126936"}],"wp:attachment":[{"href":"https:\/\/enfoquenoticioso.com\/index.php?rest_route=%2Fwp%2Fv2%2Fmedia&parent=126935"}],"wp:term":[{"taxonomy":"category","embeddable":true,"href":"https:\/\/enfoquenoticioso.com\/index.php?rest_route=%2Fwp%2Fv2%2Fcategories&post=126935"},{"taxonomy":"post_tag","embeddable":true,"href":"https:\/\/enfoquenoticioso.com\/index.php?rest_route=%2Fwp%2Fv2%2Ftags&post=126935"}],"curies":[{"name":"wp","href":"https:\/\/api.w.org\/{rel}","templated":true}]}}