{"id":126945,"date":"2026-04-14T17:01:06","date_gmt":"2026-04-14T17:01:06","guid":{"rendered":"https:\/\/enfoquenoticioso.com\/?p=126945"},"modified":"2026-04-14T17:01:06","modified_gmt":"2026-04-14T17:01:06","slug":"michael-carrera-se-solidariza-con-omar-marquez","status":"publish","type":"post","link":"https:\/\/enfoquenoticioso.com\/?p=126945","title":{"rendered":"Michael Carrera se solidariza con Omar Marquez"},"content":{"rendered":"<div data-td-block-uid=\"tdi_72\">\n<div class=\"tdb-block-inner td-fix-index\">\n<p>Michael Carrera dio un paso adelante y se manifest\u00f3 este martes a favor de lo ocurrido con Omar \u201cChino\u201d M\u00e1rquez (Panteras de Miranda), quien fue suspendido por lo que resta de temporada en la Superliga Profesional de Baloncesto (SPB) 2026.<\/p>\n<p><strong>Lee tambi\u00e9n: <a href=\"https:\/\/www.liderendeportes.com\/noticias\/basketball\/baloncesto-superliga\/michael-carrera-se-solidariza-con-omar-marquez\/SPB: Luis Col\u00f3n fue el mejor jugador de la semana\" target=\"_blank\" rel=\"noopener\">SPB: Luis Col\u00f3n fue el mejor jugador de la semana<\/a><\/strong><\/p>\n<p>Fue a trav\u00e9s de un comunicado en redes sociales al que llam\u00f3 \u201cDescarga P\u00fablica y Respetuosa\u201d que el jugador de Spartans de Distrito indic\u00f3 que sabe lo que es pasar por este tipo de situaciones.<\/p>\n<p>\u201cHe vivido en carne propia lo que son las suspensiones disciplinarias y s\u00e9 lo dif\u00edcil que es pasar por este tipo de situaciones\u201d, expres\u00f3.<\/p>\n<figure class=\"wp-block-embed is-type-rich is-provider-twitter wp-block-embed-twitter\">\n<div class=\"wp-block-embed__wrapper\">\n<blockquote class=\"twitter-tweet\" data-width=\"550\" data-dnt=\"true\">\n<p lang=\"es\" dir=\"ltr\">Michael Carrera responde la sanci\u00f3n de Omar M\u00e1rquez en Panteras de Miranda \ud83e\udd1d<\/p>\n<p>\ud83d\udccc El alero de Spartans de Distrito Capital dej\u00f3 un comunicado en su cuenta de Instagram pidiendo una justa sanci\u00f3n a los involucrados en el altercado entre los jugadores del equipo mirandino \u270d\ufe0f\u203c\ufe0f<\/p>\n<p>\ud83d\udcf8\u2026 <a href=\"https:\/\/t.co\/m05xWkFdkj\">pic.twitter.com\/m05xWkFdkj<\/a><\/p>\n<p>\u2014 L\u00edder en Deportes (@LiderEsDeporte) <a href=\"https:\/\/twitter.com\/LiderEsDeporte\/status\/2044073479062818867?ref_src=twsrc%5Etfw\" target=\"_blank\" rel=\"noopener\">April 14, 2026<\/a><\/p><\/blockquote>\n<\/div>\n<\/figure>\n<p>Adem\u00e1s indic\u00f3 que el castigo por parte de la SPB debe ser justo y equilibrado y debe ser aplicado para las dos partes involucradas. En su comunicado invita a que en conjunto, se busque una soluci\u00f3n para este cap\u00edtulo en el baloncesto nacional.<\/p>\n<p>Carrera quien cuenta con vasta experiencia en el baloncesto nacional e internacional llam\u00f3 a que los jugadores se unan para formar la Asociaci\u00f3n de Jugadores de Baloncesto de Venezuela como una medida de apoyo a este tipo de situaciones.<\/p>\n<div id=\"ez-toc-container\" class=\"ez-toc-v2_0_81 counter-hierarchy ez-toc-counter ez-toc-grey ez-toc-container-direction\">\n<div class=\"ez-toc-title-container\">\n<p class=\"ez-toc-title\" style=\"cursor:inherit\">Tabla de Contenido<\/p>\n<span class=\"ez-toc-title-toggle\"><a href=\"#\" class=\"ez-toc-pull-right ez-toc-btn ez-toc-btn-xs ez-toc-btn-default ez-toc-toggle\" aria-label=\"Alternar tabla de contenidos\"><span class=\"ez-toc-js-icon-con\"><span class=\"\"><span class=\"eztoc-hide\" style=\"display:none;\">Toggle<\/span><span class=\"ez-toc-icon-toggle-span\"><svg style=\"fill: #999;color:#999\" xmlns=\"http:\/\/www.w3.org\/2000\/svg\" class=\"list-377408\" width=\"20px\" height=\"20px\" viewBox=\"0 0 24 24\" fill=\"none\"><path d=\"M6 6H4v2h2V6zm14 0H8v2h12V6zM4 11h2v2H4v-2zm16 0H8v2h12v-2zM4 16h2v2H4v-2zm16 0H8v2h12v-2z\" fill=\"currentColor\"><\/path><\/svg><svg style=\"fill: #999;color:#999\" class=\"arrow-unsorted-368013\" xmlns=\"http:\/\/www.w3.org\/2000\/svg\" width=\"10px\" height=\"10px\" viewBox=\"0 0 24 24\" version=\"1.2\" baseProfile=\"tiny\"><path d=\"M18.2 9.3l-6.2-6.3-6.2 6.3c-.2.2-.3.4-.3.7s.1.5.3.7c.2.2.4.3.7.3h11c.3 0 .5-.1.7-.3.2-.2.3-.5.3-.7s-.1-.5-.3-.7zM5.8 14.7l6.2 6.3 6.2-6.3c.2-.2.3-.5.3-.7s-.1-.5-.3-.7c-.2-.2-.4-.3-.7-.3h-11c-.3 0-.5.1-.7.3-.2.2-.3.5-.3.7s.1.5.3.7z\"\/><\/svg><\/span><\/span><\/span><\/a><\/span><\/div>\n<nav><ul class='ez-toc-list ez-toc-list-level-1 ' ><li class='ez-toc-page-1 ez-toc-heading-level-3'><a class=\"ez-toc-link ez-toc-heading-1\" href=\"https:\/\/enfoquenoticioso.com\/?p=126945\/#Contexto_del_castigo\" >Contexto del castigo<\/a><\/li><\/ul><\/nav><\/div>\n<h3 id=\"contexto-del-castigo\" class=\"wp-block-heading\"><span class=\"ez-toc-section\" id=\"Contexto_del_castigo\"><\/span>Contexto del castigo<span class=\"ez-toc-section-end\"><\/span><\/h3>\n<p>Durante el encuentro entre Panteras de Miranda y Pioneros del \u00c1vila Salomon Koul y Omar \u201cChino\u201d M\u00e1rquez en el cual el venezolano y el importado tuvieron un altercado debido a situaciones ocurridas durante el partido.<\/p>\n<figure class=\"wp-block-video\"><video height=\"900\" style=\"aspect-ratio: 720 \/ 900;\" width=\"720\" controls=\"\" src=\"https:\/\/www.liderendeportes.com\/wp-content\/uploads\/2026\/04\/\ud83d\udea8-ESTO-FUE-LO-QUE-PASO\ud83d\udd1e\u27a1\ufe0f-El-dia-de-ayer-el-equipo-Panteras-de-Miranda-emitio-un-comunicado-m-1.mp4\"\/><\/figure>\n<\/div>\n<\/div>\n<p><script async src=\"\/\/platform.twitter.com\/widgets.js\" charset=\"utf-8\"><\/script><br \/>\n<br \/><a href=\"https:\/\/www.liderendeportes.com\/noticias\/basketball\/baloncesto-superliga\/michael-carrera-se-solidariza-con-omar-marquez\/\" class=\" target=\" title=\"Michael Carrera se solidariza con Omar Marquez\" target=\"_blank\" rel=\"noopener\">Ver fuente<\/a><\/p>\n","protected":false},"excerpt":{"rendered":"<p>Michael Carrera dio un paso adelante y se manifest\u00f3 este martes a favor de lo ocurrido con Omar \u201cChino\u201d M\u00e1rquez (Panteras de Miranda), quien fue suspendido por lo que resta de temporada en la Superliga Profesional de Baloncesto (SPB) 2026. Lee tambi\u00e9n: SPB: Luis Col\u00f3n fue el mejor jugador de la semana Fue a trav\u00e9s [&hellip;]<\/p>\n","protected":false},"author":2,"featured_media":126946,"comment_status":"open","ping_status":"closed","sticky":false,"template":"","format":"standard","meta":{"footnotes":""},"categories":[7],"tags":[],"class_list":["post-126945","post","type-post","status-publish","format-standard","has-post-thumbnail","hentry","category-deporte"],"_links":{"self":[{"href":"https:\/\/enfoquenoticioso.com\/index.php?rest_route=\/wp\/v2\/posts\/126945","targetHints":{"allow":["GET"]}}],"collection":[{"href":"https:\/\/enfoquenoticioso.com\/index.php?rest_route=\/wp\/v2\/posts"}],"about":[{"href":"https:\/\/enfoquenoticioso.com\/index.php?rest_route=\/wp\/v2\/types\/post"}],"author":[{"embeddable":true,"href":"https:\/\/enfoquenoticioso.com\/index.php?rest_route=\/wp\/v2\/users\/2"}],"replies":[{"embeddable":true,"href":"https:\/\/enfoquenoticioso.com\/index.php?rest_route=%2Fwp%2Fv2%2Fcomments&post=126945"}],"version-history":[{"count":0,"href":"https:\/\/enfoquenoticioso.com\/index.php?rest_route=\/wp\/v2\/posts\/126945\/revisions"}],"wp:featuredmedia":[{"embeddable":true,"href":"https:\/\/enfoquenoticioso.com\/index.php?rest_route=\/wp\/v2\/media\/126946"}],"wp:attachment":[{"href":"https:\/\/enfoquenoticioso.com\/index.php?rest_route=%2Fwp%2Fv2%2Fmedia&parent=126945"}],"wp:term":[{"taxonomy":"category","embeddable":true,"href":"https:\/\/enfoquenoticioso.com\/index.php?rest_route=%2Fwp%2Fv2%2Fcategories&post=126945"},{"taxonomy":"post_tag","embeddable":true,"href":"https:\/\/enfoquenoticioso.com\/index.php?rest_route=%2Fwp%2Fv2%2Ftags&post=126945"}],"curies":[{"name":"wp","href":"https:\/\/api.w.org\/{rel}","templated":true}]}}