{"id":126959,"date":"2026-04-14T18:34:21","date_gmt":"2026-04-14T18:34:21","guid":{"rendered":"https:\/\/enfoquenoticioso.com\/?p=126959"},"modified":"2026-04-14T18:34:21","modified_gmt":"2026-04-14T18:34:21","slug":"italia-perdio-la-oportuinidad-de-estar-en-el-mundial-ante-eventual-retirada-de-iran","status":"publish","type":"post","link":"https:\/\/enfoquenoticioso.com\/?p=126959","title":{"rendered":"Italia perdio la oportuinidad de estar en el Mundial ante eventual retirada de Ir\u00e1n"},"content":{"rendered":"<div>\n<p>Italia y su selecci\u00f3n de f\u00fatbol mantienen viva la esperanza de participar en el Mundial 2026 a trav\u00e9s de una posible repesca extraordinaria si la FIFA decide actuar ante una eventual retirada de Ir\u00e1n por el conflicto con Estados Unidos.<\/p>\n<p>La \u2018Azzurra\u2019, que no se clasific\u00f3 para la Copa del Mundo al caer en la final de la repesca ante Bosnia y Herzegovina, sigue atenta a la evoluci\u00f3n de un posible escenario en el que la eventual retirada de Ir\u00e1n podr\u00eda abrirle la puerta de una v\u00eda mundialista, seg\u00fan adelantaron medios locales este martes.<\/p>\n<p>En caso de renuncia iran\u00ed, el art\u00edculo 6.7 de la normativa de la FIFA, presidida por el \u00edtalo-suizo Gianni Infantino, establece que el organismo rector del f\u00fatbol mundial puede designar un sustituto a su discreci\u00f3n.<\/p>\n<p>En ese contexto, la posici\u00f3n de Italia en el \u2018ranking\u2019 FIFA, actualmente en el puesto 12, podr\u00eda jugar a su favor, aunque las opciones siguen siendo consideradas remotas y otra de las v\u00edas posibles ser\u00eda que el cupo vacante fuese ocupado por otra selecci\u00f3n asi\u00e1tica.<\/p>\n<p>En el hipot\u00e9tico caso de que se disputara una repesca excepcional, podr\u00edan participar dos selecciones europeas, posiblemente las mejor posicionadas en el \u2018ranking\u2019 entre las no clasificadas, como Italia y Dinamarca, y dos asi\u00e1ticas.<\/p>\n<p>El sistema contemplar\u00eda semifinales y una final a partido \u00fanico para decidir el \u00faltimo clasificado.<\/p>\n<p>Por el momento no existe un calendario definido para la toma de una decisi\u00f3n al respecto, ya que todo depender\u00e1 de la evoluci\u00f3n de la situaci\u00f3n en Oriente Medio y de la confirmaci\u00f3n oficial sobre la participaci\u00f3n de Ir\u00e1n.<\/p>\n<p>Adem\u00e1s, la resoluci\u00f3n final recaer\u00eda en el Consejo de la FIFA, el principal \u00f3rgano en la toma de decisiones de la organizaci\u00f3n, compuesto por 37 miembros y presidido por Infantino.<\/p>\n<p>Este \u00f3rgano ser\u00eda el encargado de determinar c\u00f3mo cubrir una eventual vacante en el Grupo G del torneo, en el que esperar\u00edan B\u00e9lgica, Egipto y Nueva Zelanda.<\/p>\n<p>Igualmente, la resoluci\u00f3n deber\u00eda adoptarse con suficiente antelaci\u00f3n al inicio del campeonato, previsto para el 11 de junio, y el reglamento fija sanciones econ\u00f3micas para las selecciones que se retiren con menos de 30 d\u00edas de margen respecto a su primer partido, lo que sit\u00faa el 12 de mayo como una fecha l\u00edmite te\u00f3rica.<\/p>\n<p>La Federaci\u00f3n Italiana de F\u00fatbol (FIGC) se mantiene as\u00ed a la espera de una posible v\u00eda hacia el Mundial despu\u00e9s del desastre de no clasificarse por tercera vez consecutiva.<\/p>\n<p><strong>EFE<\/strong><\/p>\n<\/p><\/div>\n<p><a href=\"https:\/\/noticiasaldiayalahora.co\/deportes\/italia-perdio-la-oportuinidad-de-estar-en-el-mundial-ante-eventual-retirada-de-iran\/\" class=\" target=\" title=\"Italia perdio la oportuinidad de estar en el Mundial ante eventual retirada de Ir\u00e1n\" target=\"_blank\" rel=\"noopener\">Ver fuente<\/a><\/p>\n","protected":false},"excerpt":{"rendered":"<p>Italia y su selecci\u00f3n de f\u00fatbol mantienen viva la esperanza de participar en el Mundial 2026 a trav\u00e9s de una posible repesca extraordinaria si la FIFA decide actuar ante una eventual retirada de Ir\u00e1n por el conflicto con Estados Unidos. La \u2018Azzurra\u2019, que no se clasific\u00f3 para la Copa del Mundo al caer en la [&hellip;]<\/p>\n","protected":false},"author":2,"featured_media":126960,"comment_status":"open","ping_status":"closed","sticky":false,"template":"","format":"standard","meta":{"footnotes":""},"categories":[7],"tags":[],"class_list":["post-126959","post","type-post","status-publish","format-standard","has-post-thumbnail","hentry","category-deporte"],"_links":{"self":[{"href":"https:\/\/enfoquenoticioso.com\/index.php?rest_route=\/wp\/v2\/posts\/126959","targetHints":{"allow":["GET"]}}],"collection":[{"href":"https:\/\/enfoquenoticioso.com\/index.php?rest_route=\/wp\/v2\/posts"}],"about":[{"href":"https:\/\/enfoquenoticioso.com\/index.php?rest_route=\/wp\/v2\/types\/post"}],"author":[{"embeddable":true,"href":"https:\/\/enfoquenoticioso.com\/index.php?rest_route=\/wp\/v2\/users\/2"}],"replies":[{"embeddable":true,"href":"https:\/\/enfoquenoticioso.com\/index.php?rest_route=%2Fwp%2Fv2%2Fcomments&post=126959"}],"version-history":[{"count":0,"href":"https:\/\/enfoquenoticioso.com\/index.php?rest_route=\/wp\/v2\/posts\/126959\/revisions"}],"wp:featuredmedia":[{"embeddable":true,"href":"https:\/\/enfoquenoticioso.com\/index.php?rest_route=\/wp\/v2\/media\/126960"}],"wp:attachment":[{"href":"https:\/\/enfoquenoticioso.com\/index.php?rest_route=%2Fwp%2Fv2%2Fmedia&parent=126959"}],"wp:term":[{"taxonomy":"category","embeddable":true,"href":"https:\/\/enfoquenoticioso.com\/index.php?rest_route=%2Fwp%2Fv2%2Fcategories&post=126959"},{"taxonomy":"post_tag","embeddable":true,"href":"https:\/\/enfoquenoticioso.com\/index.php?rest_route=%2Fwp%2Fv2%2Ftags&post=126959"}],"curies":[{"name":"wp","href":"https:\/\/api.w.org\/{rel}","templated":true}]}}