{"id":126967,"date":"2026-04-14T19:05:15","date_gmt":"2026-04-14T19:05:15","guid":{"rendered":"https:\/\/enfoquenoticioso.com\/?p=126967"},"modified":"2026-04-14T19:05:15","modified_gmt":"2026-04-14T19:05:15","slug":"andoni-iraola-deja-bournemouth-a-final-de-temporada","status":"publish","type":"post","link":"https:\/\/enfoquenoticioso.com\/?p=126967","title":{"rendered":"Andoni Iraola deja Bournemouth a final de temporada"},"content":{"rendered":"<div data-td-block-uid=\"tdi_72\">\n<div class=\"tdb-block-inner td-fix-index\">\n<p>Este martes se anunci\u00f3 el final de una era entre el Bournemouth y Andoni Iraola. El t\u00e9cnico\u00a0 dejar\u00e1 el banquillo de los Cherries al finalizar la actual campa\u00f1a, luego de que las negociaciones para extender su v\u00ednculo contractual con el equipo de la Premier League no llegaran a buen t\u00e9rmino.<\/p>\n<p>El espa\u00f1ol comparti\u00f3 en un comunicado subido por el club palabras de agradecimiento por su pasant\u00eda en la instituci\u00f3n. \u201cSiento que este es el momento adecuado para dar un paso al costado, pero siempre guardar\u00e9 recuerdos fant\u00e1sticos de este club\u201d.<\/p>\n<figure class=\"wp-block-embed is-type-rich is-provider-twitter wp-block-embed-twitter\"\/>\n<p>La gesti\u00f3n de Iraola, inici\u00f3 en 2023 tras su exitoso paso por el Rayo Vallecano (donde destac\u00f3 especialmente por conseguir el ascenso a La Liga en 2021). Bajo su mando, el Bournemouth no solo alcanz\u00f3 la und\u00e9cima posici\u00f3n que ocupa hoy, manteni\u00e9ndose en la lucha por clasificar a competiciones europeas y situ\u00e1ndose a escasos tres puntos del Chelsea, sino que tambi\u00e9n firm\u00f3 varios hitos.<\/p>\n<p>Su impacto fue inmediato: nada m\u00e1s llegar, elev\u00f3 al equipo tres puestos en la clasificaci\u00f3n hasta el duod\u00e9cimo lugar, lo que le vali\u00f3 una renovaci\u00f3n de contrato hasta 2026.<\/p>\n<p>Posteriormente, el equipo super\u00f3 sus propias marcas al cerrar la temporada pasada en la novena plaza, logrando el r\u00e9cord de puntos en la historia del Bournemouth dentro de la Premier League. La prueba m\u00e1s reciente en su proyecto fue el triunfo del pasado s\u00e1bado, cuando sus dirigidos superaron 2-1 al Arsenal, actual l\u00edder del campeonato.<\/p>\n<p><strong>Lee tambi\u00e9n: <a href=\"http:\/\/Leeds sorprende al Manchester United en Old Trafford\">Leeds sorprende al Manchester United en Old Trafford<\/a><\/strong><\/p>\n<p>De esta forma, Iraola se despide con 108 encuentros, consolid\u00e1ndose como el director t\u00e9cnico m\u00e1s eficaz del club en la m\u00e1xima categor\u00eda del f\u00fatbol ingl\u00e9s, ostentando tanto el porcentaje de victorias m\u00e1s elevado como el promedio de puntos m\u00e1s alto en la historia de los Cherries.<\/p>\n<\/div>\n<\/div>\n<p><a href=\"https:\/\/www.liderendeportes.com\/noticias\/futbol\/futbol-europeo\/andoni-iraola-deja-bournemouth-a-final-de-temporada\/\" class=\" target=\" title=\"Andoni Iraola deja Bournemouth a final de temporada\" target=\"_blank\" rel=\"noopener\">Ver fuente<\/a><\/p>\n","protected":false},"excerpt":{"rendered":"<p>Este martes se anunci\u00f3 el final de una era entre el Bournemouth y Andoni Iraola. El t\u00e9cnico\u00a0 dejar\u00e1 el banquillo de los Cherries al finalizar la actual campa\u00f1a, luego de que las negociaciones para extender su v\u00ednculo contractual con el equipo de la Premier League no llegaran a buen t\u00e9rmino. El espa\u00f1ol comparti\u00f3 en un [&hellip;]<\/p>\n","protected":false},"author":2,"featured_media":126968,"comment_status":"open","ping_status":"closed","sticky":false,"template":"","format":"standard","meta":{"footnotes":""},"categories":[7],"tags":[],"class_list":["post-126967","post","type-post","status-publish","format-standard","has-post-thumbnail","hentry","category-deporte"],"_links":{"self":[{"href":"https:\/\/enfoquenoticioso.com\/index.php?rest_route=\/wp\/v2\/posts\/126967","targetHints":{"allow":["GET"]}}],"collection":[{"href":"https:\/\/enfoquenoticioso.com\/index.php?rest_route=\/wp\/v2\/posts"}],"about":[{"href":"https:\/\/enfoquenoticioso.com\/index.php?rest_route=\/wp\/v2\/types\/post"}],"author":[{"embeddable":true,"href":"https:\/\/enfoquenoticioso.com\/index.php?rest_route=\/wp\/v2\/users\/2"}],"replies":[{"embeddable":true,"href":"https:\/\/enfoquenoticioso.com\/index.php?rest_route=%2Fwp%2Fv2%2Fcomments&post=126967"}],"version-history":[{"count":0,"href":"https:\/\/enfoquenoticioso.com\/index.php?rest_route=\/wp\/v2\/posts\/126967\/revisions"}],"wp:featuredmedia":[{"embeddable":true,"href":"https:\/\/enfoquenoticioso.com\/index.php?rest_route=\/wp\/v2\/media\/126968"}],"wp:attachment":[{"href":"https:\/\/enfoquenoticioso.com\/index.php?rest_route=%2Fwp%2Fv2%2Fmedia&parent=126967"}],"wp:term":[{"taxonomy":"category","embeddable":true,"href":"https:\/\/enfoquenoticioso.com\/index.php?rest_route=%2Fwp%2Fv2%2Fcategories&post=126967"},{"taxonomy":"post_tag","embeddable":true,"href":"https:\/\/enfoquenoticioso.com\/index.php?rest_route=%2Fwp%2Fv2%2Ftags&post=126967"}],"curies":[{"name":"wp","href":"https:\/\/api.w.org\/{rel}","templated":true}]}}