{"id":126977,"date":"2026-04-14T20:38:38","date_gmt":"2026-04-14T20:38:38","guid":{"rendered":"https:\/\/enfoquenoticioso.com\/?p=126977"},"modified":"2026-04-14T20:38:38","modified_gmt":"2026-04-14T20:38:38","slug":"copa-fva-definio-equipo-al-mundial-de-relevos","status":"publish","type":"post","link":"https:\/\/enfoquenoticioso.com\/?p=126977","title":{"rendered":"Copa FVA defini\u00f3 equipo al Mundial de Relevos"},"content":{"rendered":"<div>\n<p>Los velocistas Glanyernis Guerra y Bryant \u00c1lamo, recientes mundialistas en Pomorze, Polonia, 2026, lideran el equipo que ver\u00e1 acci\u00f3n en la posta corta a partir del 2 de mayo en el evento universal de relevos que se llevar\u00e1 a cabo en Botsuana, tras la celebraci\u00f3n de la Copa de la Federaci\u00f3n de Atletismo el fin de semana pasado en el Br\u00edgido Iriarte.<\/p>\n<p><strong>Lee tambi\u00e9n: <a href=\"http:\/\/Rosalvick Aguilar sum\u00f3 primer oro en Suramericanos\">Rosalvick Aguilar sum\u00f3 primer oro en Suramericanos<\/a><\/strong><\/p>\n<p>Venezuela solo dir\u00e1 presente en la justa global con la posta mixta del 4\u00d7100, prueba a la cual tuvo acceso por medio de la marca 42.22 que agenci\u00f3 el equipo integrado por Glanyernis Guerra, Beynailis Romero, Alexis Nieves y David Vivas en los pasados Juegos Bolivarianos Ayacucho-Lima 2025.<\/p>\n<div id=\"ez-toc-container\" class=\"ez-toc-v2_0_81 counter-hierarchy ez-toc-counter ez-toc-grey ez-toc-container-direction\">\n<div class=\"ez-toc-title-container\">\n<p class=\"ez-toc-title\" style=\"cursor:inherit\">Tabla de Contenido<\/p>\n<span class=\"ez-toc-title-toggle\"><a href=\"#\" class=\"ez-toc-pull-right ez-toc-btn ez-toc-btn-xs ez-toc-btn-default ez-toc-toggle\" aria-label=\"Alternar tabla de contenidos\"><span class=\"ez-toc-js-icon-con\"><span class=\"\"><span class=\"eztoc-hide\" style=\"display:none;\">Toggle<\/span><span class=\"ez-toc-icon-toggle-span\"><svg style=\"fill: #999;color:#999\" xmlns=\"http:\/\/www.w3.org\/2000\/svg\" class=\"list-377408\" width=\"20px\" height=\"20px\" viewBox=\"0 0 24 24\" fill=\"none\"><path d=\"M6 6H4v2h2V6zm14 0H8v2h12V6zM4 11h2v2H4v-2zm16 0H8v2h12v-2zM4 16h2v2H4v-2zm16 0H8v2h12v-2z\" fill=\"currentColor\"><\/path><\/svg><svg style=\"fill: #999;color:#999\" class=\"arrow-unsorted-368013\" xmlns=\"http:\/\/www.w3.org\/2000\/svg\" width=\"10px\" height=\"10px\" viewBox=\"0 0 24 24\" version=\"1.2\" baseProfile=\"tiny\"><path d=\"M18.2 9.3l-6.2-6.3-6.2 6.3c-.2.2-.3.4-.3.7s.1.5.3.7c.2.2.4.3.7.3h11c.3 0 .5-.1.7-.3.2-.2.3-.5.3-.7s-.1-.5-.3-.7zM5.8 14.7l6.2 6.3 6.2-6.3c.2-.2.3-.5.3-.7s-.1-.5-.3-.7c-.2-.2-.4-.3-.7-.3h-11c-.3 0-.5.1-.7.3-.2.2-.3.5-.3.7s.1.5.3.7z\"\/><\/svg><\/span><\/span><\/span><\/a><\/span><\/div>\n<nav><ul class='ez-toc-list ez-toc-list-level-1 ' ><li class='ez-toc-page-1 ez-toc-heading-level-3'><a class=\"ez-toc-link ez-toc-heading-1\" href=\"https:\/\/enfoquenoticioso.com\/?p=126977\/#En_el_limite\" >En el l\u00edmite<\/a><\/li><li class='ez-toc-page-1 ez-toc-heading-level-3'><a class=\"ez-toc-link ez-toc-heading-2\" href=\"https:\/\/enfoquenoticioso.com\/?p=126977\/#Cupos_a_Oregon\" >Cupos a Oreg\u00f3n<\/a><\/li><li class='ez-toc-page-1 ez-toc-heading-level-3'><a class=\"ez-toc-link ez-toc-heading-3\" href=\"https:\/\/enfoquenoticioso.com\/?p=126977\/#Ranking_decisivo\" >Ranking decisivo<\/a><\/li><\/ul><\/nav><\/div>\n<h3 id=\"en-el-l\u00edmite\" class=\"wp-block-heading\"><span class=\"ez-toc-section\" id=\"En_el_limite\"><\/span>En el l\u00edmite<span class=\"ez-toc-section-end\"><\/span><\/h3>\n<p>Tras el cierre el 5 de abril del per\u00edodo de elegibilidad al Campeonato Mundial de Relevos Gaborone 2026, el atletismo venezolano celebr\u00f3 las buena noticia de encontrarse en el puesto 24 del ranking clasificatorio de World Athletics, \u00faltima casilla que otorgaba el cupo pa\u00eds a la cita africana.<\/p>\n<p>En ese sentido, los nombres que conformar\u00e1n el cupo pa\u00eds se defini\u00f3 en el marco de la Copa Federaci\u00f3n Venezolana de Atletismo realizada durante el pasado fin de semana.<\/p>\n<p>Por las damas Orangys Jim\u00e9nez y Glanyernis Guerra, puestos 1-2 en la evaluaci\u00f3n nacional en los 100 metros, figuran como titulares a la gran fiesta universal de relevos en conjunto con los tambi\u00e9n velocistas principales Bryant \u00c1lamo y Alexis Nieves. Asimismo, tendr\u00e1n como corredores suplentes a Ainhoa Rengifo y Eubrig Maza.<\/p>\n<p>La octava edici\u00f3n del Campeonato Mundial de Relevos Gaborone 2026 se llevar\u00e1 a cabo los d\u00edas 2 y 3 de mayo en el \u00f3valo del Estadio Nacional de Botsuana.<\/p>\n<h3 id=\"cupos-a-oreg\u00f3n\" class=\"wp-block-heading\"><span class=\"ez-toc-section\" id=\"Cupos_a_Oregon\"><\/span>Cupos a Oreg\u00f3n<span class=\"ez-toc-section-end\"><\/span><\/h3>\n<p>Nuevos cupos cupos mundiales tambi\u00e9n se conquistaron con vista al certamen global sub-20 Oreg\u00f3n 2026 en el marco de la evaluaci\u00f3n nacional de Copa FVA.<\/p>\n<p>La mirandina Oriana D\u00edaz despeg\u00f3 hasta los 6.27 metros en el salto de longitud para cumplir con creces con la m\u00ednima exigida de 6.22 y agregarse en la prueba al escalaf\u00f3n selectivo a la cita universal.<\/p>\n<p>Asimismo, Yenifer Mendoza en el triple salto se apunt\u00f3 a la lista de elegibilidad al obtener 13.07 en la modalidad en la cual solicitaban 13.00.<\/p>\n<p>Finalmente, Orlando Fern\u00e1ndez con los 70 metros conseguidos en el lanzamiento de jabalina se suma tambi\u00e9n a la lista de Oregon 2026, la marca en esta prueba estaba establecida en 68.50.<\/p>\n<h3 id=\"ranking-decisivo\" class=\"wp-block-heading\"><span class=\"ez-toc-section\" id=\"Ranking_decisivo\"><\/span>Ranking decisivo<span class=\"ez-toc-section-end\"><\/span><\/h3>\n<p>La oficializaci\u00f3n de estos cupos mundiales queda anclada a la ubicaci\u00f3n que ocupen los nacionales en el ranking mundial de la categor\u00eda al momento del cierre del plazo clasificatorio, pues los 28 mejores atletas en la tabla de la WA en cada una de estas pruebas tendr\u00e1n el boleto a la justa estadounidense.<\/p>\n<p>Esta selecci\u00f3n se definir\u00e1 con solo dos representantes por pa\u00eds lo que ampl\u00eda las posibilidades de que los atletas venezolanos puedan incluirse dentro de la cuota de la cita mundial.<\/p>\n<p>El plazo clasificatorio del Campeonato Mundial sub-20 Oreg\u00f3n 2026 finaliza el pr\u00f3ximo 26 de julio.<\/p>\n<\/div>\n<p><a href=\"https:\/\/www.liderendeportes.com\/noticias\/sin-categoria\/copa-fva-definio-equipo-al-mundial-de-relevos\/\" class=\" target=\" title=\"Copa FVA defini\u00f3 equipo al Mundial de Relevos\" target=\"_blank\" rel=\"noopener\">Ver fuente<\/a><\/p>\n","protected":false},"excerpt":{"rendered":"<p>Los velocistas Glanyernis Guerra y Bryant \u00c1lamo, recientes mundialistas en Pomorze, Polonia, 2026, lideran el equipo que ver\u00e1 acci\u00f3n en la posta corta a partir del 2 de mayo en el evento universal de relevos que se llevar\u00e1 a cabo en Botsuana, tras la celebraci\u00f3n de la Copa de la Federaci\u00f3n de Atletismo el fin [&hellip;]<\/p>\n","protected":false},"author":2,"featured_media":126978,"comment_status":"open","ping_status":"closed","sticky":false,"template":"","format":"standard","meta":{"footnotes":""},"categories":[7],"tags":[],"class_list":["post-126977","post","type-post","status-publish","format-standard","has-post-thumbnail","hentry","category-deporte"],"_links":{"self":[{"href":"https:\/\/enfoquenoticioso.com\/index.php?rest_route=\/wp\/v2\/posts\/126977","targetHints":{"allow":["GET"]}}],"collection":[{"href":"https:\/\/enfoquenoticioso.com\/index.php?rest_route=\/wp\/v2\/posts"}],"about":[{"href":"https:\/\/enfoquenoticioso.com\/index.php?rest_route=\/wp\/v2\/types\/post"}],"author":[{"embeddable":true,"href":"https:\/\/enfoquenoticioso.com\/index.php?rest_route=\/wp\/v2\/users\/2"}],"replies":[{"embeddable":true,"href":"https:\/\/enfoquenoticioso.com\/index.php?rest_route=%2Fwp%2Fv2%2Fcomments&post=126977"}],"version-history":[{"count":0,"href":"https:\/\/enfoquenoticioso.com\/index.php?rest_route=\/wp\/v2\/posts\/126977\/revisions"}],"wp:featuredmedia":[{"embeddable":true,"href":"https:\/\/enfoquenoticioso.com\/index.php?rest_route=\/wp\/v2\/media\/126978"}],"wp:attachment":[{"href":"https:\/\/enfoquenoticioso.com\/index.php?rest_route=%2Fwp%2Fv2%2Fmedia&parent=126977"}],"wp:term":[{"taxonomy":"category","embeddable":true,"href":"https:\/\/enfoquenoticioso.com\/index.php?rest_route=%2Fwp%2Fv2%2Fcategories&post=126977"},{"taxonomy":"post_tag","embeddable":true,"href":"https:\/\/enfoquenoticioso.com\/index.php?rest_route=%2Fwp%2Fv2%2Ftags&post=126977"}],"curies":[{"name":"wp","href":"https:\/\/api.w.org\/{rel}","templated":true}]}}