{"id":126979,"date":"2026-04-14T21:09:24","date_gmt":"2026-04-14T21:09:24","guid":{"rendered":"https:\/\/enfoquenoticioso.com\/?p=126979"},"modified":"2026-04-14T21:09:24","modified_gmt":"2026-04-14T21:09:24","slug":"mascherano-renuncio-al-inter-miami","status":"publish","type":"post","link":"https:\/\/enfoquenoticioso.com\/?p=126979","title":{"rendered":"Mascherano renunci\u00f3 al Inter Miami"},"content":{"rendered":"<div data-td-block-uid=\"tdi_72\">\n<div class=\"tdb-block-inner td-fix-index\">\n<p>Javier Mascherano tom\u00f3 una decisi\u00f3n que sorprendi\u00f3 a propios y extra\u00f1os, y que le comunic\u00f3 al Inter Miami que renuncia a su cargo como director t\u00e9cnico con efecto inmediato.<\/p>\n<p>La noticia la dio a conocer el propio equipo de \u00ablas garzas\u00bb, que adem\u00e1s indic\u00f3 que el nuevo entrenador ser\u00e1 Guillermo Hoyos, a quien se le atribuye \u00abel descubrimiento\u00bb de Lionel Messi, capit\u00e1n del cuadro rosa, en la cantera del FC Barcelona, por ahora, hasta el final de una temporada que apenas empieza en la MLS.<\/p>\n<p><strong>Lee tambi\u00e9n: <a href=\"https:\/\/www.liderendeportes.com\/noticias\/futbol\/internacional-football\/carlos-queiroz-sera-el-dt-de-ghana-para-el-mundial\/\" target=\"_blank\" rel=\"noopener\">Carlos Queiroz ser\u00e1 el DT de Ghana para el Mundial\u00a0<\/a><\/strong><\/p>\n<p>El\u00a0Inter Miami\u00a0escribi\u00f3 en X un mensaje sobre\u00a0Mascherano: \u00abUn campe\u00f3n que, junto con su cuerpo t\u00e9cnico, siempre formar\u00e1 parte de la familia de\u00a0@InterMiamiCF y estar\u00e1 para siempre ligado a nuestra primera estrella\u00bb.<\/p>\n<p>El propio estratega argentino tambi\u00e9n se pronunci\u00f3 sobre su salida del cargo, explicando que se daba por \u00abrazones personales\u00bb y tambi\u00e9n quiso agradecer al propio club, los empleados y especialmente a los jugadores por la confianza que le dieron.<\/p>\n<p>Mascherano se va del club despu\u00e9s de su llegada en noviembre de 2024 y de ser campe\u00f3n de la Conferencia Este y de la MLS Cup, adem\u00e1s de establecer un r\u00e9cord al marcar 101 goles.<\/p>\n<p>Adem\u00e1s, parte dos semanas despu\u00e9s de que el club estrenara su nuevo estadio (con dos partidos disputados, ambos con empate 2-2 ante Austin y NY Red Bulls) y luego de quedar eliminado de la Concacaf Champions Cup en Octavos de Final contra el Nashville.<\/p>\n<\/div>\n<\/div>\n<p><a href=\"https:\/\/www.liderendeportes.com\/noticias\/futbol\/internacional-football\/mascherano-renuncio-al-inter-miami\/\" class=\" target=\" title=\"Mascherano renunci\u00f3 al Inter Miami\" target=\"_blank\" rel=\"noopener\">Ver fuente<\/a><\/p>\n","protected":false},"excerpt":{"rendered":"<p>Javier Mascherano tom\u00f3 una decisi\u00f3n que sorprendi\u00f3 a propios y extra\u00f1os, y que le comunic\u00f3 al Inter Miami que renuncia a su cargo como director t\u00e9cnico con efecto inmediato. La noticia la dio a conocer el propio equipo de \u00ablas garzas\u00bb, que adem\u00e1s indic\u00f3 que el nuevo entrenador ser\u00e1 Guillermo Hoyos, a quien se le [&hellip;]<\/p>\n","protected":false},"author":2,"featured_media":126980,"comment_status":"open","ping_status":"closed","sticky":false,"template":"","format":"standard","meta":{"footnotes":""},"categories":[7],"tags":[],"class_list":["post-126979","post","type-post","status-publish","format-standard","has-post-thumbnail","hentry","category-deporte"],"_links":{"self":[{"href":"https:\/\/enfoquenoticioso.com\/index.php?rest_route=\/wp\/v2\/posts\/126979","targetHints":{"allow":["GET"]}}],"collection":[{"href":"https:\/\/enfoquenoticioso.com\/index.php?rest_route=\/wp\/v2\/posts"}],"about":[{"href":"https:\/\/enfoquenoticioso.com\/index.php?rest_route=\/wp\/v2\/types\/post"}],"author":[{"embeddable":true,"href":"https:\/\/enfoquenoticioso.com\/index.php?rest_route=\/wp\/v2\/users\/2"}],"replies":[{"embeddable":true,"href":"https:\/\/enfoquenoticioso.com\/index.php?rest_route=%2Fwp%2Fv2%2Fcomments&post=126979"}],"version-history":[{"count":0,"href":"https:\/\/enfoquenoticioso.com\/index.php?rest_route=\/wp\/v2\/posts\/126979\/revisions"}],"wp:featuredmedia":[{"embeddable":true,"href":"https:\/\/enfoquenoticioso.com\/index.php?rest_route=\/wp\/v2\/media\/126980"}],"wp:attachment":[{"href":"https:\/\/enfoquenoticioso.com\/index.php?rest_route=%2Fwp%2Fv2%2Fmedia&parent=126979"}],"wp:term":[{"taxonomy":"category","embeddable":true,"href":"https:\/\/enfoquenoticioso.com\/index.php?rest_route=%2Fwp%2Fv2%2Fcategories&post=126979"},{"taxonomy":"post_tag","embeddable":true,"href":"https:\/\/enfoquenoticioso.com\/index.php?rest_route=%2Fwp%2Fv2%2Ftags&post=126979"}],"curies":[{"name":"wp","href":"https:\/\/api.w.org\/{rel}","templated":true}]}}