{"id":126989,"date":"2026-04-14T23:12:10","date_gmt":"2026-04-14T23:12:10","guid":{"rendered":"https:\/\/enfoquenoticioso.com\/?p=126989"},"modified":"2026-04-14T23:12:10","modified_gmt":"2026-04-14T23:12:10","slug":"manuel-locatelli-podria-extender-su-pasantia-en-la-juve","status":"publish","type":"post","link":"https:\/\/enfoquenoticioso.com\/?p=126989","title":{"rendered":"Manuel Locatelli podr\u00eda extender su pasant\u00eda en la Juve"},"content":{"rendered":"<div data-td-block-uid=\"tdi_72\">\n<div class=\"tdb-block-inner td-fix-index\">\n<p>El futuro de Manuel Locatelli en la Juventus parece estar pr\u00e1cticamente asegurado. Seg\u00fan medios de comunicaci\u00f3n italianos, todo apunta a que la entidad turinesa y su capit\u00e1n est\u00e1n a un paso de sellar un v\u00ednculo de larga duraci\u00f3n que lo mantendr\u00e1 en el club durante varios a\u00f1os m\u00e1s.<\/p>\n<figure class=\"wp-block-embed is-type-rich is-provider-twitter wp-block-embed-twitter\"\/>\n<p>De acuerdo con Fabrizio Romano, ambas partes se encuentran afinando los \u00faltimos detalles del acuerdo que ser\u00eda hasta el a\u00f1o 2030.<\/p>\n<p><strong>Lee tambi\u00e9n: <a href=\"http:\/\/El Atl\u00e9tico podr\u00eda recuperar a Oblak para medirse al Barcelona\">El Atl\u00e9tico podr\u00eda recuperar a Oblak para medirse al Barcelona<\/a><\/strong><\/p>\n<p>Locatelli se ha convertido en una pieza clave para la \u00abVecchia Signora\u00bb, es por eso que el equipo quiere garantizar su permanencia. Ante este panorama, se espera que todo se haga oficial en los pr\u00f3ximos d\u00edas.<\/p>\n<\/div>\n<\/div>\n<p><a href=\"https:\/\/www.liderendeportes.com\/noticias\/futbol\/futbol-europeo\/manuel-locatelli-podria-extender-su-pasantia-en-la-juve\/\" class=\" target=\" title=\"Manuel Locatelli podr\u00eda extender su pasant\u00eda en la Juve\" target=\"_blank\" rel=\"noopener\">Ver fuente<\/a><\/p>\n","protected":false},"excerpt":{"rendered":"<p>El futuro de Manuel Locatelli en la Juventus parece estar pr\u00e1cticamente asegurado. Seg\u00fan medios de comunicaci\u00f3n italianos, todo apunta a que la entidad turinesa y su capit\u00e1n est\u00e1n a un paso de sellar un v\u00ednculo de larga duraci\u00f3n que lo mantendr\u00e1 en el club durante varios a\u00f1os m\u00e1s. De acuerdo con Fabrizio Romano, ambas partes [&hellip;]<\/p>\n","protected":false},"author":2,"featured_media":126990,"comment_status":"open","ping_status":"closed","sticky":false,"template":"","format":"standard","meta":{"footnotes":""},"categories":[7],"tags":[],"class_list":["post-126989","post","type-post","status-publish","format-standard","has-post-thumbnail","hentry","category-deporte"],"_links":{"self":[{"href":"https:\/\/enfoquenoticioso.com\/index.php?rest_route=\/wp\/v2\/posts\/126989","targetHints":{"allow":["GET"]}}],"collection":[{"href":"https:\/\/enfoquenoticioso.com\/index.php?rest_route=\/wp\/v2\/posts"}],"about":[{"href":"https:\/\/enfoquenoticioso.com\/index.php?rest_route=\/wp\/v2\/types\/post"}],"author":[{"embeddable":true,"href":"https:\/\/enfoquenoticioso.com\/index.php?rest_route=\/wp\/v2\/users\/2"}],"replies":[{"embeddable":true,"href":"https:\/\/enfoquenoticioso.com\/index.php?rest_route=%2Fwp%2Fv2%2Fcomments&post=126989"}],"version-history":[{"count":0,"href":"https:\/\/enfoquenoticioso.com\/index.php?rest_route=\/wp\/v2\/posts\/126989\/revisions"}],"wp:featuredmedia":[{"embeddable":true,"href":"https:\/\/enfoquenoticioso.com\/index.php?rest_route=\/wp\/v2\/media\/126990"}],"wp:attachment":[{"href":"https:\/\/enfoquenoticioso.com\/index.php?rest_route=%2Fwp%2Fv2%2Fmedia&parent=126989"}],"wp:term":[{"taxonomy":"category","embeddable":true,"href":"https:\/\/enfoquenoticioso.com\/index.php?rest_route=%2Fwp%2Fv2%2Fcategories&post=126989"},{"taxonomy":"post_tag","embeddable":true,"href":"https:\/\/enfoquenoticioso.com\/index.php?rest_route=%2Fwp%2Fv2%2Ftags&post=126989"}],"curies":[{"name":"wp","href":"https:\/\/api.w.org\/{rel}","templated":true}]}}