{"id":127007,"date":"2026-04-15T02:18:25","date_gmt":"2026-04-15T02:18:25","guid":{"rendered":"https:\/\/enfoquenoticioso.com\/?p=127007"},"modified":"2026-04-15T02:18:25","modified_gmt":"2026-04-15T02:18:25","slug":"marcha-mejoro-marcas-en-el-mundial","status":"publish","type":"post","link":"https:\/\/enfoquenoticioso.com\/?p=127007","title":{"rendered":"Marcha mejor\u00f3 marcas en el Mundial"},"content":{"rendered":"<div data-td-block-uid=\"tdi_72\">\n<div class=\"tdb-block-inner td-fix-index\">\n<p>La selecci\u00f3n de marcha atl\u00e9tica que compiti\u00f3 el domingo en el\u00a0<strong>Campeonato Mundial Brasilia 2026<\/strong>\u00a0aprovech\u00f3 el buen momento de medirse ante la \u00e9lite universal de la especialidad para\u00a0<strong>mejorar las marcas personales\u00a0<\/strong>que llevaron como siembra y establecer nuevos topes nacionales.<\/p>\n<div id=\"ez-toc-container\" class=\"ez-toc-v2_0_81 counter-hierarchy ez-toc-counter ez-toc-grey ez-toc-container-direction\">\n<div class=\"ez-toc-title-container\">\n<p class=\"ez-toc-title\" style=\"cursor:inherit\">Tabla de Contenido<\/p>\n<span class=\"ez-toc-title-toggle\"><a href=\"#\" class=\"ez-toc-pull-right ez-toc-btn ez-toc-btn-xs ez-toc-btn-default ez-toc-toggle\" aria-label=\"Alternar tabla de contenidos\"><span class=\"ez-toc-js-icon-con\"><span class=\"\"><span class=\"eztoc-hide\" style=\"display:none;\">Toggle<\/span><span class=\"ez-toc-icon-toggle-span\"><svg style=\"fill: #999;color:#999\" xmlns=\"http:\/\/www.w3.org\/2000\/svg\" class=\"list-377408\" width=\"20px\" height=\"20px\" viewBox=\"0 0 24 24\" fill=\"none\"><path d=\"M6 6H4v2h2V6zm14 0H8v2h12V6zM4 11h2v2H4v-2zm16 0H8v2h12v-2zM4 16h2v2H4v-2zm16 0H8v2h12v-2z\" fill=\"currentColor\"><\/path><\/svg><svg style=\"fill: #999;color:#999\" class=\"arrow-unsorted-368013\" xmlns=\"http:\/\/www.w3.org\/2000\/svg\" width=\"10px\" height=\"10px\" viewBox=\"0 0 24 24\" version=\"1.2\" baseProfile=\"tiny\"><path d=\"M18.2 9.3l-6.2-6.3-6.2 6.3c-.2.2-.3.4-.3.7s.1.5.3.7c.2.2.4.3.7.3h11c.3 0 .5-.1.7-.3.2-.2.3-.5.3-.7s-.1-.5-.3-.7zM5.8 14.7l6.2 6.3 6.2-6.3c.2-.2.3-.5.3-.7s-.1-.5-.3-.7c-.2-.2-.4-.3-.7-.3h-11c-.3 0-.5.1-.7.3-.2.2-.3.5-.3.7s.1.5.3.7z\"\/><\/svg><\/span><\/span><\/span><\/a><\/span><\/div>\n<nav><ul class='ez-toc-list ez-toc-list-level-1 ' ><li class='ez-toc-page-1 ez-toc-heading-level-2'><a class=\"ez-toc-link ez-toc-heading-1\" href=\"https:\/\/enfoquenoticioso.com\/?p=127007\/#Record_nacional\" >R\u00e9cord nacional<\/a><\/li><li class='ez-toc-page-1 ez-toc-heading-level-2'><a class=\"ez-toc-link ez-toc-heading-2\" href=\"https:\/\/enfoquenoticioso.com\/?p=127007\/#Selecto_grupo\" >Selecto grupo<\/a><\/li><\/ul><\/nav><\/div>\n<h2 class=\"wp-block-heading\" id=\"r\u00e9cord-nacional\"><span class=\"ez-toc-section\" id=\"Record_nacional\"><\/span>R\u00e9cord nacional<span class=\"ez-toc-section-end\"><\/span><\/h2>\n<p>Para Milangela Rosales, ol\u00edmpica en Londres 2012, alcanz\u00f3 el objetivo de\u00a0<strong>ubicarse\u00a0entre las mejores del continente en la marat\u00f3n marcha\u00a0<\/strong>con vista a la agenda de eventos que conforman la ruta a Los \u00c1ngeles 2028.<\/p>\n<p>Rosales ocup\u00f3 la casilla 31 en la clasificaci\u00f3n general de la prueba y\u00a0<strong>se ubic\u00f3 en la casilla 17 entre las representantes de Am\u00e9rica con tiempo de 4 horas 7 minutos y 16 segundos<\/strong>, marca que se convierte en r\u00e9cord nacional para la distancia.\u00a0<\/p>\n<p>Por su parte, Jeferson Chac\u00f3n logr\u00f3 para su historial el\u00a0<strong>mejor registro de la temporada en la media marat\u00f3n\u00a0<\/strong>con 1:45.10 y cerr\u00f3 en el puesto 61.<\/p>\n<p>\u201cHoy le doy gracias a Dios por permitirme vivir esta experiencia. No es el final, me\u00a0<strong>quedo con el aprendizaje para seguir avanzando enfocado en los venideros eventos del ciclo ol\u00edmpico\u201d<\/strong>, reflexion\u00f3 Chac\u00f3n sobre su participaci\u00f3n.<\/p>\n<p><strong>Pedro M\u00e1rquez Pereira<\/strong>, en su primera vez en los 21 kil\u00f3metros, se ubic\u00f3 en la posici\u00f3n 66 con 1:49.07.\u00a0<\/p>\n<p><strong>Leer tambi\u00e9n: <a href=\"https:\/\/www.liderendeportes.com\/noticias\/sin-categoria\/copa-fva-definio-equipo-al-mundial-de-relevos\/\" target=\"_blank\" rel=\"noopener\">Copa FVA defini\u00f3 equipo al Mundial de Relevos<\/a><\/strong><\/p>\n<h2 class=\"wp-block-heading\" id=\"selecto-grupo\"><span class=\"ez-toc-section\" id=\"Selecto_grupo\"><\/span>Selecto grupo<span class=\"ez-toc-section-end\"><\/span><\/h2>\n<p>Finalmente, en la divisi\u00f3n sub-20,\u00a0<strong>G\u00e9nesis Toro ingres\u00f3 en el selecto grupo de las 11 mejores de Am\u00e9rica<\/strong>\u00a0con registro de 57:44 en su debut en los 10 kil\u00f3metros de la marcha en la escena global.<\/p>\n<p>Mientras tanto, para\u00a0<strong>Gabriel Gonz\u00e1lez en la divisi\u00f3n masculina\u00a0<\/strong>de esta misma distancia su estreno se vio frustrado debido a una descalificaci\u00f3n por incurrir en falta t\u00e9cnica.<\/p>\n<p>La participaci\u00f3n de Venezuela en este certamen universal fue fundamental para\u00a0<strong>diagnosticar el nivel actual de los atletas frente a la \u00e9lite internacional<\/strong>\u00a0y realizar los respectivos ajustes con vista a los pr\u00f3ximos eventos.<\/p>\n<p><strong>Ydanis Navas\/ Prensa Mindeporte<\/strong><a href=\"https:\/\/mindeporte.gob.ve\/2026\/04\/14\/\" target=\"_blank\" rel=\"noopener\"><\/p>\n<\/div>\n<\/div>\n<p><a href=\"https:\/\/www.liderendeportes.com\/noticias\/mas-deportes\/marcha-mejoro-marcas-en-el-mundial\/\" class=\" target=\" title=\"Marcha mejor\u00f3 marcas en el Mundial\" target=\"_blank\" rel=\"noopener\">Ver fuente<\/a><\/p>\n","protected":false},"excerpt":{"rendered":"<p>La selecci\u00f3n de marcha atl\u00e9tica que compiti\u00f3 el domingo en el\u00a0Campeonato Mundial Brasilia 2026\u00a0aprovech\u00f3 el buen momento de medirse ante la \u00e9lite universal de la especialidad para\u00a0mejorar las marcas personales\u00a0que llevaron como siembra y establecer nuevos topes nacionales. R\u00e9cord nacional Para Milangela Rosales, ol\u00edmpica en Londres 2012, alcanz\u00f3 el objetivo de\u00a0ubicarse\u00a0entre las mejores del continente [&hellip;]<\/p>\n","protected":false},"author":2,"featured_media":127008,"comment_status":"open","ping_status":"closed","sticky":false,"template":"","format":"standard","meta":{"footnotes":""},"categories":[7],"tags":[],"class_list":["post-127007","post","type-post","status-publish","format-standard","has-post-thumbnail","hentry","category-deporte"],"_links":{"self":[{"href":"https:\/\/enfoquenoticioso.com\/index.php?rest_route=\/wp\/v2\/posts\/127007","targetHints":{"allow":["GET"]}}],"collection":[{"href":"https:\/\/enfoquenoticioso.com\/index.php?rest_route=\/wp\/v2\/posts"}],"about":[{"href":"https:\/\/enfoquenoticioso.com\/index.php?rest_route=\/wp\/v2\/types\/post"}],"author":[{"embeddable":true,"href":"https:\/\/enfoquenoticioso.com\/index.php?rest_route=\/wp\/v2\/users\/2"}],"replies":[{"embeddable":true,"href":"https:\/\/enfoquenoticioso.com\/index.php?rest_route=%2Fwp%2Fv2%2Fcomments&post=127007"}],"version-history":[{"count":0,"href":"https:\/\/enfoquenoticioso.com\/index.php?rest_route=\/wp\/v2\/posts\/127007\/revisions"}],"wp:featuredmedia":[{"embeddable":true,"href":"https:\/\/enfoquenoticioso.com\/index.php?rest_route=\/wp\/v2\/media\/127008"}],"wp:attachment":[{"href":"https:\/\/enfoquenoticioso.com\/index.php?rest_route=%2Fwp%2Fv2%2Fmedia&parent=127007"}],"wp:term":[{"taxonomy":"category","embeddable":true,"href":"https:\/\/enfoquenoticioso.com\/index.php?rest_route=%2Fwp%2Fv2%2Fcategories&post=127007"},{"taxonomy":"post_tag","embeddable":true,"href":"https:\/\/enfoquenoticioso.com\/index.php?rest_route=%2Fwp%2Fv2%2Ftags&post=127007"}],"curies":[{"name":"wp","href":"https:\/\/api.w.org\/{rel}","templated":true}]}}