{"id":127103,"date":"2026-04-15T15:45:18","date_gmt":"2026-04-15T15:45:18","guid":{"rendered":"https:\/\/enfoquenoticioso.com\/?p=127103"},"modified":"2026-04-15T15:45:18","modified_gmt":"2026-04-15T15:45:18","slug":"hugo-ekitike-se-pierde-el-mundial-por-lesion","status":"publish","type":"post","link":"https:\/\/enfoquenoticioso.com\/?p=127103","title":{"rendered":"Hugo Ekitike se pierde el Mundial por lesi\u00f3n"},"content":{"rendered":"<div data-td-block-uid=\"tdi_72\">\n<div class=\"tdb-block-inner td-fix-index\">\n<p>El delantero franc\u00e9s Hugo Ekitike, de 23 a\u00f1os, sufri\u00f3 una grave lesi\u00f3n este martes en el duelo ante Paris Saint-Germain en la vuelta de los cuartos de final de la Champions League en la que el Liverpool cay\u00f3 con doblete de Dembel\u00e9.\u00a0<\/p>\n<p>Seg\u00fan reportes publicados este mi\u00e9rcoles por medios europeos, el franc\u00e9s tuvo una rotura en el Tend\u00f3n de Aquiles dereho y tuvo que ser sacado del encuentro en camilla y visiblemente afectado.<\/p>\n<figure class=\"wp-block-embed is-type-rich is-provider-twitter wp-block-embed-twitter\">\n<div class=\"wp-block-embed__wrapper\">\n<blockquote class=\"twitter-tweet\" data-width=\"550\" data-dnt=\"true\">\n<p lang=\"en\" dir=\"ltr\">\ud83d\udea8\u26d4\ufe0f BREAKING: Hugo Ekitike will be OUT of the 2026 World Cup, confirmed. \ud83d\udc94\ud83c\uddeb\ud83c\uddf7<\/p>\n<p>Season over for Liverpool striker; sources close to the player expect Hugo to be back in 8-9 months time with Achilles tendon injury, as L\u2019Equip\u00e9 reported. <a href=\"https:\/\/t.co\/UPqlDR72hg\">pic.twitter.com\/UPqlDR72hg<\/a><\/p>\n<p>\u2014 Fabrizio Romano (@FabrizioRomano) <a href=\"https:\/\/twitter.com\/FabrizioRomano\/status\/2044388658120126598?ref_src=twsrc%5Etfw\" target=\"_blank\" rel=\"noopener\">April 15, 2026<\/a><\/p><\/blockquote>\n<\/div>\n<\/figure>\n<p>Cabe recordar que Ekitike lleg\u00f3 al club ingl\u00e9s en julio pasado, procedente del Eintracht de Fr\u00e1ncfort, siendo una pieza clave en el esquema de los de Anfield.<\/p>\n<p>\u00a0Antes de esta lesi\u00f3n el atacante contaba con 17 goles en todas las competiciones durante la presente temporada. Ahora deber\u00e1 enfrentar una larga recuperaci\u00f3n que lo dejar\u00e1 fuera de acci\u00f3n por al menos nueve meses, lo que implica que tambi\u00e9n se pierda la Copa Mundial 2026.<\/p>\n<p><strong>Lee tambi\u00e9n: <a href=\"http:\/\/El PSG elimin\u00f3 al Liverpool y est\u00e1 en semis nuevamente\">El PSG elimin\u00f3 al Liverpool y est\u00e1 en semis nuevamente<\/a><\/strong><\/p>\n<p>Hasta el momento, la Federaci\u00f3n Francesa de F\u00fatbol (FFF) no ha emitido informaci\u00f3n oficial sobre la baja el jugador de 23 a\u00f1os y se espera que lo haga en los pr\u00f3ximos d\u00edas.\u00a0<\/p>\n<\/div>\n<\/div>\n<p><script async src=\"\/\/platform.twitter.com\/widgets.js\" charset=\"utf-8\"><\/script><br \/>\n<br \/><a href=\"https:\/\/www.liderendeportes.com\/noticias\/futbol\/futbol-europeo\/hugo-ekitike-se-pierde-el-mundial-por-lesion\/\" class=\" target=\" title=\"Hugo Ekitike se pierde el Mundial por lesi\u00f3n\" target=\"_blank\" rel=\"noopener\">Ver fuente<\/a><\/p>\n","protected":false},"excerpt":{"rendered":"<p>El delantero franc\u00e9s Hugo Ekitike, de 23 a\u00f1os, sufri\u00f3 una grave lesi\u00f3n este martes en el duelo ante Paris Saint-Germain en la vuelta de los cuartos de final de la Champions League en la que el Liverpool cay\u00f3 con doblete de Dembel\u00e9.\u00a0 Seg\u00fan reportes publicados este mi\u00e9rcoles por medios europeos, el franc\u00e9s tuvo una rotura [&hellip;]<\/p>\n","protected":false},"author":2,"featured_media":127104,"comment_status":"open","ping_status":"closed","sticky":false,"template":"","format":"standard","meta":{"footnotes":""},"categories":[7],"tags":[],"class_list":["post-127103","post","type-post","status-publish","format-standard","has-post-thumbnail","hentry","category-deporte"],"_links":{"self":[{"href":"https:\/\/enfoquenoticioso.com\/index.php?rest_route=\/wp\/v2\/posts\/127103","targetHints":{"allow":["GET"]}}],"collection":[{"href":"https:\/\/enfoquenoticioso.com\/index.php?rest_route=\/wp\/v2\/posts"}],"about":[{"href":"https:\/\/enfoquenoticioso.com\/index.php?rest_route=\/wp\/v2\/types\/post"}],"author":[{"embeddable":true,"href":"https:\/\/enfoquenoticioso.com\/index.php?rest_route=\/wp\/v2\/users\/2"}],"replies":[{"embeddable":true,"href":"https:\/\/enfoquenoticioso.com\/index.php?rest_route=%2Fwp%2Fv2%2Fcomments&post=127103"}],"version-history":[{"count":0,"href":"https:\/\/enfoquenoticioso.com\/index.php?rest_route=\/wp\/v2\/posts\/127103\/revisions"}],"wp:featuredmedia":[{"embeddable":true,"href":"https:\/\/enfoquenoticioso.com\/index.php?rest_route=\/wp\/v2\/media\/127104"}],"wp:attachment":[{"href":"https:\/\/enfoquenoticioso.com\/index.php?rest_route=%2Fwp%2Fv2%2Fmedia&parent=127103"}],"wp:term":[{"taxonomy":"category","embeddable":true,"href":"https:\/\/enfoquenoticioso.com\/index.php?rest_route=%2Fwp%2Fv2%2Fcategories&post=127103"},{"taxonomy":"post_tag","embeddable":true,"href":"https:\/\/enfoquenoticioso.com\/index.php?rest_route=%2Fwp%2Fv2%2Ftags&post=127103"}],"curies":[{"name":"wp","href":"https:\/\/api.w.org\/{rel}","templated":true}]}}