{"id":128407,"date":"2026-04-24T20:00:23","date_gmt":"2026-04-24T20:00:23","guid":{"rendered":"https:\/\/enfoquenoticioso.com\/?p=128407"},"modified":"2026-04-24T20:00:23","modified_gmt":"2026-04-24T20:00:23","slug":"alcala-y-rios-avanzaron-en-mundial-de-boxeo","status":"publish","type":"post","link":"https:\/\/enfoquenoticioso.com\/?p=128407","title":{"rendered":"Alcal\u00e1 y R\u00edos avanzaron en Mundial de Boxeo"},"content":{"rendered":"<div data-td-block-uid=\"tdi_72\">\n<div class=\"tdb-block-inner td-fix-index\">\n<p>Omaylin Alcal\u00e1 y Krisandris R\u00edos avanzaron de ronda al imponer la superioridad t\u00e9cnica en el cuadril\u00e1tero en una tercera jornada agridulce para la delegaci\u00f3n nacional en la Copa del Mundo de Brasil 2026.<\/p>\n<p>Alcal\u00e1 invicta<\/p>\n<p>La ol\u00edmpica en Par\u00eds 2024 se convirti\u00f3 en el rostro de la victoria para el seleccionado tricolor al conseguir el segundo triunfo consecutivo en los 57 kilogramos durante la jornada del jueves.<\/p>\n<p>En la ronda de las 16 mejores, Alcal\u00e1 hizo valer la rapidez al esquivar los golpes y la fuerza de su pegada para quedarse con el combate por decisi\u00f3n un\u00e1nime 5-0 ante la dominicana G\u00e9nesis de La Rosa.<\/p>\n<p>Por su parte, Krisandris R\u00edos (60 kg) se apunt\u00f3 la primera victoria en la justa, tras conectar los mejores golpes y romper la cerrada del franc\u00e9s Amina Zidani, a quien super\u00f3 tambi\u00e9n por unanimidad de los cinco jueces.<\/p>\n<p><strong>Lee tambi\u00e9n: <a href=\"https:\/\/www.liderendeportes.com\/wp-admin\/post.php?post=2321120&amp;action=edit\" target=\"_blank\" rel=\"noopener\">SPB inicia investigaci\u00f3n por pr\u00e1cticas antideportivas<\/a><\/strong><\/p>\n<p>Iriza al ring<\/p>\n<p>La delegaci\u00f3n nacional sufri\u00f3 la bajas de Irismar Cardozo, Youly Mena, Diana Maestre G\u00e9nesis Palma, Andr\u00e9s Cova, Lisandro Tejada, Diego Pereyra y Wilson Sol\u00f3rzano quienes cedieron en sus respectivos combates y se despidieron de la competencia.<\/p>\n<p>Durante la cuarta jornada de la Copa del Mundo de este viernes, sube al cuadril\u00e1tero Maryelis Iriza (73 kg) para disputar la fase de cuartos de final ante la turca Busra Isildar.<\/p>\n<p><strong>Prensa Mindeporte<\/strong><\/p>\n<\/div>\n<\/div>\n<p><a href=\"https:\/\/www.liderendeportes.com\/noticias\/mas-deportes\/boxeo\/alcala-y-rios-avanzaron-en-mundial-de-boxeo\/\" class=\" target=\" title=\"Alcal\u00e1 y R\u00edos avanzaron en Mundial de Boxeo\" target=\"_blank\" rel=\"noopener\">Ver fuente<\/a><\/p>\n","protected":false},"excerpt":{"rendered":"<p>Omaylin Alcal\u00e1 y Krisandris R\u00edos avanzaron de ronda al imponer la superioridad t\u00e9cnica en el cuadril\u00e1tero en una tercera jornada agridulce para la delegaci\u00f3n nacional en la Copa del Mundo de Brasil 2026. Alcal\u00e1 invicta La ol\u00edmpica en Par\u00eds 2024 se convirti\u00f3 en el rostro de la victoria para el seleccionado tricolor al conseguir el [&hellip;]<\/p>\n","protected":false},"author":2,"featured_media":128408,"comment_status":"open","ping_status":"closed","sticky":false,"template":"","format":"standard","meta":{"footnotes":""},"categories":[7],"tags":[],"class_list":["post-128407","post","type-post","status-publish","format-standard","has-post-thumbnail","hentry","category-deporte"],"_links":{"self":[{"href":"https:\/\/enfoquenoticioso.com\/index.php?rest_route=\/wp\/v2\/posts\/128407","targetHints":{"allow":["GET"]}}],"collection":[{"href":"https:\/\/enfoquenoticioso.com\/index.php?rest_route=\/wp\/v2\/posts"}],"about":[{"href":"https:\/\/enfoquenoticioso.com\/index.php?rest_route=\/wp\/v2\/types\/post"}],"author":[{"embeddable":true,"href":"https:\/\/enfoquenoticioso.com\/index.php?rest_route=\/wp\/v2\/users\/2"}],"replies":[{"embeddable":true,"href":"https:\/\/enfoquenoticioso.com\/index.php?rest_route=%2Fwp%2Fv2%2Fcomments&post=128407"}],"version-history":[{"count":0,"href":"https:\/\/enfoquenoticioso.com\/index.php?rest_route=\/wp\/v2\/posts\/128407\/revisions"}],"wp:featuredmedia":[{"embeddable":true,"href":"https:\/\/enfoquenoticioso.com\/index.php?rest_route=\/wp\/v2\/media\/128408"}],"wp:attachment":[{"href":"https:\/\/enfoquenoticioso.com\/index.php?rest_route=%2Fwp%2Fv2%2Fmedia&parent=128407"}],"wp:term":[{"taxonomy":"category","embeddable":true,"href":"https:\/\/enfoquenoticioso.com\/index.php?rest_route=%2Fwp%2Fv2%2Fcategories&post=128407"},{"taxonomy":"post_tag","embeddable":true,"href":"https:\/\/enfoquenoticioso.com\/index.php?rest_route=%2Fwp%2Fv2%2Ftags&post=128407"}],"curies":[{"name":"wp","href":"https:\/\/api.w.org\/{rel}","templated":true}]}}