{"id":128431,"date":"2026-04-25T00:39:26","date_gmt":"2026-04-25T00:39:26","guid":{"rendered":"https:\/\/enfoquenoticioso.com\/?p=128431"},"modified":"2026-04-25T00:39:26","modified_gmt":"2026-04-25T00:39:26","slug":"el-betis-se-lo-empato-sobre-el-final-al-real-madrid","status":"publish","type":"post","link":"https:\/\/enfoquenoticioso.com\/?p=128431","title":{"rendered":"El Betis se lo empat\u00f3 sobre el final al Real Madrid"},"content":{"rendered":"<div data-td-block-uid=\"tdi_72\">\n<div class=\"tdb-block-inner td-fix-index\">\n<p>El Real Madrid parec\u00eda dejar viva LaLiga de Espa\u00f1a al encaminarse a una nueva victoria. Sin embargo, el Betis tuvo la \u00faltima palabra y se lo empat\u00f3 1-1 sobre el final del encuentro.<\/p>\n<p>No se vio un equipo merengue tan claro en la primera mitad pese a que se march\u00f3 al vestuario ganando 1-0. Los primeros minutos fueron de la visita, que lleg\u00f3 a anotar al 17, cuando Vinicius capitaliz\u00f3 un rebote del portero (tras remate lejano de Valverde) para abrir el marcador, pero esa ser\u00eda pr\u00e1cticamente la \u00faltima de verdadero peligro para el conjunto blanco en el primer tiempo, pues, desde entonces, todo estuvo en los pies del local, que intent\u00f3 igualar, pero sus imprecisiones en pases y remates, y Lunin se lo impidieron.<\/p>\n<p><strong>Lee tambi\u00e9n: <a href=\"https:\/\/www.liderendeportes.com\/noticias\/futbol\/futbol-europeo\/flick-hablo-de-la-lesion-de-lamine-yamal\/\" target=\"_blank\" rel=\"noopener\">Flick habl\u00f3 de la lesi\u00f3n de Lamine Yamal<\/a><\/strong><\/p>\n<p>La tenencia y las ocasiones estuvieron m\u00e1s repartidas en los segundos 45 minutos. El Real Madrid buscaba mantener la ventaja con su defensa y tratar de ampliar el marcador, pero no pudo conseguirlo. Por su parte, el Betis quer\u00eda igualarlo y tuvo varias claras para hacerlo, y, aunque su mala punter\u00eda y Lunin se lo imped\u00edan, logr\u00f3 igualarlo con el tanto de H\u00e9ctor Beller\u00edn (exjugador del Barcelona) al minuto 90+3.<\/p>\n<p>Ahora, con el empate, el Real Madrid lleg\u00f3 a 74 puntos, quedando a ocho del l\u00edder Barcelona (que tiene un partido complicado en su visita al Getafe este s\u00e1bado) y con 15 puntos en disputa al quedar cinco partidos, incluyendo el Cl\u00e1sico del 10 de mayo. El Betis lleg\u00f3 a las 50 unidades y es quinto.<\/p>\n<\/div>\n<\/div>\n<p><a href=\"https:\/\/www.liderendeportes.com\/noticias\/futbol\/futbol-europeo\/el-betis-se-lo-empato-sobre-el-final-al-real-madrid\/\" class=\" target=\" title=\"El Betis se lo empat\u00f3 sobre el final al Real Madrid\" target=\"_blank\" rel=\"noopener\">Ver fuente<\/a><\/p>\n","protected":false},"excerpt":{"rendered":"<p>El Real Madrid parec\u00eda dejar viva LaLiga de Espa\u00f1a al encaminarse a una nueva victoria. Sin embargo, el Betis tuvo la \u00faltima palabra y se lo empat\u00f3 1-1 sobre el final del encuentro. No se vio un equipo merengue tan claro en la primera mitad pese a que se march\u00f3 al vestuario ganando 1-0. Los [&hellip;]<\/p>\n","protected":false},"author":2,"featured_media":128432,"comment_status":"open","ping_status":"closed","sticky":false,"template":"","format":"standard","meta":{"footnotes":""},"categories":[7],"tags":[],"class_list":["post-128431","post","type-post","status-publish","format-standard","has-post-thumbnail","hentry","category-deporte"],"_links":{"self":[{"href":"https:\/\/enfoquenoticioso.com\/index.php?rest_route=\/wp\/v2\/posts\/128431","targetHints":{"allow":["GET"]}}],"collection":[{"href":"https:\/\/enfoquenoticioso.com\/index.php?rest_route=\/wp\/v2\/posts"}],"about":[{"href":"https:\/\/enfoquenoticioso.com\/index.php?rest_route=\/wp\/v2\/types\/post"}],"author":[{"embeddable":true,"href":"https:\/\/enfoquenoticioso.com\/index.php?rest_route=\/wp\/v2\/users\/2"}],"replies":[{"embeddable":true,"href":"https:\/\/enfoquenoticioso.com\/index.php?rest_route=%2Fwp%2Fv2%2Fcomments&post=128431"}],"version-history":[{"count":0,"href":"https:\/\/enfoquenoticioso.com\/index.php?rest_route=\/wp\/v2\/posts\/128431\/revisions"}],"wp:featuredmedia":[{"embeddable":true,"href":"https:\/\/enfoquenoticioso.com\/index.php?rest_route=\/wp\/v2\/media\/128432"}],"wp:attachment":[{"href":"https:\/\/enfoquenoticioso.com\/index.php?rest_route=%2Fwp%2Fv2%2Fmedia&parent=128431"}],"wp:term":[{"taxonomy":"category","embeddable":true,"href":"https:\/\/enfoquenoticioso.com\/index.php?rest_route=%2Fwp%2Fv2%2Fcategories&post=128431"},{"taxonomy":"post_tag","embeddable":true,"href":"https:\/\/enfoquenoticioso.com\/index.php?rest_route=%2Fwp%2Fv2%2Ftags&post=128431"}],"curies":[{"name":"wp","href":"https:\/\/api.w.org\/{rel}","templated":true}]}}