{"id":128443,"date":"2026-04-25T03:45:19","date_gmt":"2026-04-25T03:45:19","guid":{"rendered":"https:\/\/enfoquenoticioso.com\/?p=128443"},"modified":"2026-04-25T03:45:19","modified_gmt":"2026-04-25T03:45:19","slug":"emily-torrez-oro-en-esgrima","status":"publish","type":"post","link":"https:\/\/enfoquenoticioso.com\/?p=128443","title":{"rendered":"Emily Torrez oro en esgrima"},"content":{"rendered":"<div>\n<p><strong>Emily Torrez subi\u00f3 a lo m\u00e1s alto del podio en la prueba de sable individual femenino<\/strong>\u00a0de los Juegos Suramericanos de la Juventud Panam\u00e1 2026 donde\u00a0<strong>super\u00f3 15-8 (8-5, 7-3) a la colombiana Celeste Parra<\/strong>\u00a0en el combate por la presea dorada.<\/p>\n<p><strong>Durante el primer periodo la criolla impuso su ritmo<\/strong>\u00a0del duelo y se fue arriba 8-5.<\/p>\n<p>Torrez repiti\u00f3 la misma dosis y ampli\u00f3 la ventaja 7-3 para sellar el combate a su favor 15-8.<\/p>\n<div id=\"ez-toc-container\" class=\"ez-toc-v2_0_81 counter-hierarchy ez-toc-counter ez-toc-grey ez-toc-container-direction\">\n<div class=\"ez-toc-title-container\">\n<p class=\"ez-toc-title\" style=\"cursor:inherit\">Tabla de Contenido<\/p>\n<span class=\"ez-toc-title-toggle\"><a href=\"#\" class=\"ez-toc-pull-right ez-toc-btn ez-toc-btn-xs ez-toc-btn-default ez-toc-toggle\" aria-label=\"Alternar tabla de contenidos\"><span class=\"ez-toc-js-icon-con\"><span class=\"\"><span class=\"eztoc-hide\" style=\"display:none;\">Toggle<\/span><span class=\"ez-toc-icon-toggle-span\"><svg style=\"fill: #999;color:#999\" xmlns=\"http:\/\/www.w3.org\/2000\/svg\" class=\"list-377408\" width=\"20px\" height=\"20px\" viewBox=\"0 0 24 24\" fill=\"none\"><path d=\"M6 6H4v2h2V6zm14 0H8v2h12V6zM4 11h2v2H4v-2zm16 0H8v2h12v-2zM4 16h2v2H4v-2zm16 0H8v2h12v-2z\" fill=\"currentColor\"><\/path><\/svg><svg style=\"fill: #999;color:#999\" class=\"arrow-unsorted-368013\" xmlns=\"http:\/\/www.w3.org\/2000\/svg\" width=\"10px\" height=\"10px\" viewBox=\"0 0 24 24\" version=\"1.2\" baseProfile=\"tiny\"><path d=\"M18.2 9.3l-6.2-6.3-6.2 6.3c-.2.2-.3.4-.3.7s.1.5.3.7c.2.2.4.3.7.3h11c.3 0 .5-.1.7-.3.2-.2.3-.5.3-.7s-.1-.5-.3-.7zM5.8 14.7l6.2 6.3 6.2-6.3c.2-.2.3-.5.3-.7s-.1-.5-.3-.7c-.2-.2-.4-.3-.7-.3h-11c-.3 0-.5.1-.7.3-.2.2-.3.5-.3.7s.1.5.3.7z\"\/><\/svg><\/span><\/span><\/span><\/a><\/span><\/div>\n<nav><ul class='ez-toc-list ez-toc-list-level-1 ' ><li class='ez-toc-page-1 ez-toc-heading-level-2'><a class=\"ez-toc-link ez-toc-heading-1\" href=\"https:\/\/enfoquenoticioso.com\/?p=128443\/#Ansiedad_controlada\" >Ansiedad controlada<\/a><\/li><li class='ez-toc-page-1 ez-toc-heading-level-2'><a class=\"ez-toc-link ez-toc-heading-2\" href=\"https:\/\/enfoquenoticioso.com\/?p=128443\/#Camino_a_la_cima\" >Camino a la cima<\/a><\/li><li class='ez-toc-page-1 ez-toc-heading-level-2'><a class=\"ez-toc-link ez-toc-heading-3\" href=\"https:\/\/enfoquenoticioso.com\/?p=128443\/#Plata_en_florete\" >Plata en florete<\/a><\/li><li class='ez-toc-page-1 ez-toc-heading-level-2'><a class=\"ez-toc-link ez-toc-heading-4\" href=\"https:\/\/enfoquenoticioso.com\/?p=128443\/#Bronce_en_espada\" >Bronce en espada<\/a><\/li><\/ul><\/nav><\/div>\n<h2 class=\"wp-block-heading\" id=\"ansiedad-controlada\"><span class=\"ez-toc-section\" id=\"Ansiedad_controlada\"><\/span>Ansiedad controlada<span class=\"ez-toc-section-end\"><\/span><\/h2>\n<p><strong>\u00abMe sent\u00ed muy ansiosa<\/strong>, pero gracias a las indicaciones y el apoyo de mi entrenador pude controlarme y avanzar\u00bb, se\u00f1al\u00f3.<\/p>\n<p><strong>La medalla de bronce<\/strong>\u00a0la compartieron la argentina Borreli y la boliviana Briana Iriarte.<\/p>\n<h2 class=\"wp-block-heading\" id=\"camino-a-la-cima\"><span class=\"ez-toc-section\" id=\"Camino_a_la_cima\"><\/span>Camino a la cima<span class=\"ez-toc-section-end\"><\/span><\/h2>\n<p>El camino hacia la medalla dorada, Torrez comenz\u00f3 con una autoridad al presentar r\u00e9cord perfecto de\u00a0<strong>3 victorias\u00a0<\/strong>sobre la argentina Catalina Sol Borrelli, la brasile\u00f1a Ana Fongaro y la paname\u00f1a Daniela Correa.<\/p>\n<p><strong>En cuartos de final,\u00a0<\/strong>venci\u00f3 15-4 a la paraguaya Daniela Correa para acceder a\u00a0<strong>semifinales<\/strong>\u00a0donde super\u00f3 15-9 a la argentina Catalina Borrelli para sellar su pase a la final.<\/p>\n<h2 class=\"wp-block-heading\" id=\"plata-en-florete\"><span class=\"ez-toc-section\" id=\"Plata_en_florete\"><\/span>Plata en florete<span class=\"ez-toc-section-end\"><\/span><\/h2>\n<p>La medallista de oro de los Juegos Bolivarianos de la Juventud 204,\u00a0<strong>Natalia Machado cedi\u00f3 15-2 ante la peruana Astrid Machado por la medalla de oro<\/strong>\u00a0en el florete femenino individual.<\/p>\n<p>En la primera instancia,\u00a0<strong>ambas demostraron gran nivel defensivo\u00a0<\/strong>y sellaron un empate al final de la misma 5-5.<\/p>\n<p>Poco despu\u00e9s, la peruana logr\u00f3 ventaja 6-5. En el tercer periodo la peruana venci\u00f3 3-1, para inclinar la balanza a su favor 15-12.<\/p>\n<p><strong>La presea de bronce<\/strong>\u00a0recay\u00f3 en la colombiana Mar\u00eda Verdesoto y la brasilera Valentina Basso.<\/p>\n<p>\u00ab<strong>Desde la pool \u00a0tuve buenas acciones y avanc\u00e9 de forma s\u00f3lida<\/strong>, lamentablemente en la parte final del combate por el oro no pude mantener el ritmo\u00bb, indic\u00f3 la esgrimista.<\/p>\n<h2 class=\"wp-block-heading\" id=\"bronce-en-espada\"><span class=\"ez-toc-section\" id=\"Bronce_en_espada\"><\/span>Bronce en espada<span class=\"ez-toc-section-end\"><\/span><\/h2>\n<p>Por otra parte, Diego del Moral cayo 15-11 (4-7, 6-3, 1-5) ante el paname\u00f1o Caleb Caldito en la semifinal de la espada individual masculino, culminando as\u00ed su participaci\u00f3n con la medalla de bronce.<\/p>\n<p>\u00abTrat\u00e9 de trabajar el combate con calma, logr\u00e9 remontar pero lamentablemente no pude avanzar a la final\u00bb, el tirador.<\/p>\n<p><strong>Felipe Ram\u00edrez \/ Prensa Mindeporte<\/strong><\/p>\n<\/div>\n<p><a href=\"https:\/\/www.liderendeportes.com\/noticias\/mas-deportes\/emily-torrez-oro-en-esgrima\/\" class=\" target=\" title=\"Emily Torrez oro en esgrima\" target=\"_blank\" rel=\"noopener\">Ver fuente<\/a><\/p>\n","protected":false},"excerpt":{"rendered":"<p>Emily Torrez subi\u00f3 a lo m\u00e1s alto del podio en la prueba de sable individual femenino\u00a0de los Juegos Suramericanos de la Juventud Panam\u00e1 2026 donde\u00a0super\u00f3 15-8 (8-5, 7-3) a la colombiana Celeste Parra\u00a0en el combate por la presea dorada. Durante el primer periodo la criolla impuso su ritmo\u00a0del duelo y se fue arriba 8-5. Torrez [&hellip;]<\/p>\n","protected":false},"author":2,"featured_media":128444,"comment_status":"open","ping_status":"closed","sticky":false,"template":"","format":"standard","meta":{"footnotes":""},"categories":[7],"tags":[],"class_list":["post-128443","post","type-post","status-publish","format-standard","has-post-thumbnail","hentry","category-deporte"],"_links":{"self":[{"href":"https:\/\/enfoquenoticioso.com\/index.php?rest_route=\/wp\/v2\/posts\/128443","targetHints":{"allow":["GET"]}}],"collection":[{"href":"https:\/\/enfoquenoticioso.com\/index.php?rest_route=\/wp\/v2\/posts"}],"about":[{"href":"https:\/\/enfoquenoticioso.com\/index.php?rest_route=\/wp\/v2\/types\/post"}],"author":[{"embeddable":true,"href":"https:\/\/enfoquenoticioso.com\/index.php?rest_route=\/wp\/v2\/users\/2"}],"replies":[{"embeddable":true,"href":"https:\/\/enfoquenoticioso.com\/index.php?rest_route=%2Fwp%2Fv2%2Fcomments&post=128443"}],"version-history":[{"count":0,"href":"https:\/\/enfoquenoticioso.com\/index.php?rest_route=\/wp\/v2\/posts\/128443\/revisions"}],"wp:featuredmedia":[{"embeddable":true,"href":"https:\/\/enfoquenoticioso.com\/index.php?rest_route=\/wp\/v2\/media\/128444"}],"wp:attachment":[{"href":"https:\/\/enfoquenoticioso.com\/index.php?rest_route=%2Fwp%2Fv2%2Fmedia&parent=128443"}],"wp:term":[{"taxonomy":"category","embeddable":true,"href":"https:\/\/enfoquenoticioso.com\/index.php?rest_route=%2Fwp%2Fv2%2Fcategories&post=128443"},{"taxonomy":"post_tag","embeddable":true,"href":"https:\/\/enfoquenoticioso.com\/index.php?rest_route=%2Fwp%2Fv2%2Ftags&post=128443"}],"curies":[{"name":"wp","href":"https:\/\/api.w.org\/{rel}","templated":true}]}}