{"id":128561,"date":"2026-04-26T02:30:28","date_gmt":"2026-04-26T02:30:28","guid":{"rendered":"https:\/\/enfoquenoticioso.com\/?p=128561"},"modified":"2026-04-26T02:30:28","modified_gmt":"2026-04-26T02:30:28","slug":"boston-despide-al-manager-alex-cora","status":"publish","type":"post","link":"https:\/\/enfoquenoticioso.com\/?p=128561","title":{"rendered":"Boston despide al m\u00e1nager Alex Cora"},"content":{"rendered":"<div data-td-block-uid=\"tdi_72\">\n<div class=\"tdb-block-inner td-fix-index\">\n<p>Los Medias Rojas de Boston sorprendieron a propios y extra\u00f1os este s\u00e1bado tras anunciar el despido de su m\u00e1nager Alex Cora, la noticia fue dada a conocer despu\u00e9s del encuentro que culmin\u00f3 17-1 ante los Orioles.<\/p>\n<p><strong>Lee tambi\u00e9n: <a href=\"http:\/\/Nacionales llaman a Andr\u00e9s Chaparro desde Triple-A\">Nacionales llaman a Andr\u00e9s Chaparro desde Triple-A<\/a><\/strong><\/p>\n<p>El experimentado estratega fue quien gui\u00f3 al conjunto de Boston a ganar el campeonato de la Serie Mundial y a un r\u00e9cord de la franquicia de 108 victorias en la temporada regular en 2018.<\/p>\n<figure class=\"wp-block-embed is-type-rich is-provider-twitter wp-block-embed-twitter\">\n<div class=\"wp-block-embed__wrapper\">\n<blockquote class=\"twitter-tweet\" data-width=\"550\" data-dnt=\"true\">\n<p lang=\"en\" dir=\"ltr\">Breaking: The Boston Red Sox have fired manager Alex Cora, hitting coach Peter Fatse, bench coach R\u00e1mon Vazquez, third-base coach Kyle Hudson and game-planning coach Jason Varitek, sources tell <a href=\"https:\/\/twitter.com\/JeffPassan?ref_src=twsrc%5Etfw\" target=\"_blank\" rel=\"noopener\">@jeffpassan<\/a>.<\/p>\n<p>The Red Sox are currently 10-17 and last place in the American League\u2026 <a href=\"https:\/\/t.co\/6tefUZalFc\">pic.twitter.com\/6tefUZalFc<\/a><\/p>\n<p>\u2014 ESPN (@espn) <a href=\"https:\/\/twitter.com\/espn\/status\/2048177437318476114?ref_src=twsrc%5Etfw\" target=\"_blank\" rel=\"noopener\">April 25, 2026<\/a><\/p><\/blockquote>\n<\/div>\n<\/figure>\n<p>Chad Tracy, quien hab\u00eda estado dirigiendo la sucursal Triple-A Worcester, fue el asignado por la directiva para tomar las riendas del equipo de manera interina. .<\/p>\n<p>\u201cAlex Cora llev\u00f3 a esta organizaci\u00f3n a una de las mejores temporadas en la historia de loste Medias Rojas en 2018, y por eso, y por los muchos a\u00f1os que siguieron, siempre tendr\u00e1 nuestra m\u00e1s profunda gratitud. Ha tenido un impacto duradero en este equipo y en esta ciudad. Ha liderado dentro y fuera del terreno de tantas maneras importantes\u201d, dijo el due\u00f1o John Henry en un comunicado.<\/p>\n<p>Actualmente Medias Rojas cuentan con r\u00e9cord de 10-17 ocupando el \u00faltimo lugar de la Divisi\u00f3n Este de la Liga Americana.<\/p>\n<div id=\"ez-toc-container\" class=\"ez-toc-v2_0_81 counter-hierarchy ez-toc-counter ez-toc-grey ez-toc-container-direction\">\n<div class=\"ez-toc-title-container\">\n<p class=\"ez-toc-title\" style=\"cursor:inherit\">Tabla de Contenido<\/p>\n<span class=\"ez-toc-title-toggle\"><a href=\"#\" class=\"ez-toc-pull-right ez-toc-btn ez-toc-btn-xs ez-toc-btn-default ez-toc-toggle\" aria-label=\"Alternar tabla de contenidos\"><span class=\"ez-toc-js-icon-con\"><span class=\"\"><span class=\"eztoc-hide\" style=\"display:none;\">Toggle<\/span><span class=\"ez-toc-icon-toggle-span\"><svg style=\"fill: #999;color:#999\" xmlns=\"http:\/\/www.w3.org\/2000\/svg\" class=\"list-377408\" width=\"20px\" height=\"20px\" viewBox=\"0 0 24 24\" fill=\"none\"><path d=\"M6 6H4v2h2V6zm14 0H8v2h12V6zM4 11h2v2H4v-2zm16 0H8v2h12v-2zM4 16h2v2H4v-2zm16 0H8v2h12v-2z\" fill=\"currentColor\"><\/path><\/svg><svg style=\"fill: #999;color:#999\" class=\"arrow-unsorted-368013\" xmlns=\"http:\/\/www.w3.org\/2000\/svg\" width=\"10px\" height=\"10px\" viewBox=\"0 0 24 24\" version=\"1.2\" baseProfile=\"tiny\"><path d=\"M18.2 9.3l-6.2-6.3-6.2 6.3c-.2.2-.3.4-.3.7s.1.5.3.7c.2.2.4.3.7.3h11c.3 0 .5-.1.7-.3.2-.2.3-.5.3-.7s-.1-.5-.3-.7zM5.8 14.7l6.2 6.3 6.2-6.3c.2-.2.3-.5.3-.7s-.1-.5-.3-.7c-.2-.2-.4-.3-.7-.3h-11c-.3 0-.5.1-.7.3-.2.2-.3.5-.3.7s.1.5.3.7z\"\/><\/svg><\/span><\/span><\/span><\/a><\/span><\/div>\n<nav><ul class='ez-toc-list ez-toc-list-level-1 ' ><li class='ez-toc-page-1 ez-toc-heading-level-3'><a class=\"ez-toc-link ez-toc-heading-1\" href=\"https:\/\/enfoquenoticioso.com\/?p=128561\/#Despiden_a_cuerpo_tecnico\" >Despiden a cuerpo t\u00e9cnico<\/a><\/li><\/ul><\/nav><\/div>\n<h3 id=\"despiden-a-cuerpo-t\u00e9cnico\" class=\"wp-block-heading\"><span class=\"ez-toc-section\" id=\"Despiden_a_cuerpo_tecnico\"><\/span>Despiden a cuerpo t\u00e9cnico<span class=\"ez-toc-section-end\"><\/span><\/h3>\n<p>Adem\u00e1s se conoci\u00f3 que el conjunto tambi\u00e9n se separar\u00e1 de cinco integrantes del cuerpo t\u00e9cnico: el coach de bateo Peter Fatse, el coach de tercera base Kyle Hudson, el coach de banca boricua Ram\u00f3n V\u00e1zquez, el coach asistente de bateo Dillon Lawson y el coach de estrategia de bateo de las Grandes Ligas Joe Cronin .<\/p>\n<p>El coach de planificaci\u00f3n de juego y prevenci\u00f3n de carreras Jason Varitek, el receptor de tres de los cuatro t\u00edtulos de Serie Mundial de la franquicia en este siglo, ha sido reasignado a un puesto no especificado dentro de la organizaci\u00f3n.<\/p>\n<\/div>\n<\/div>\n<p><script async src=\"\/\/platform.twitter.com\/widgets.js\" charset=\"utf-8\"><\/script><br \/>\n<br \/><a href=\"https:\/\/www.liderendeportes.com\/noticias\/baseball\/boston-despide-al-manager-alex-cora\/\" class=\" target=\" title=\"Boston despide al m\u00e1nager Alex Cora\" target=\"_blank\" rel=\"noopener\">Ver fuente<\/a><\/p>\n","protected":false},"excerpt":{"rendered":"<p>Los Medias Rojas de Boston sorprendieron a propios y extra\u00f1os este s\u00e1bado tras anunciar el despido de su m\u00e1nager Alex Cora, la noticia fue dada a conocer despu\u00e9s del encuentro que culmin\u00f3 17-1 ante los Orioles. Lee tambi\u00e9n: Nacionales llaman a Andr\u00e9s Chaparro desde Triple-A El experimentado estratega fue quien gui\u00f3 al conjunto de Boston [&hellip;]<\/p>\n","protected":false},"author":2,"featured_media":128562,"comment_status":"open","ping_status":"closed","sticky":false,"template":"","format":"standard","meta":{"footnotes":""},"categories":[7],"tags":[],"class_list":["post-128561","post","type-post","status-publish","format-standard","has-post-thumbnail","hentry","category-deporte"],"_links":{"self":[{"href":"https:\/\/enfoquenoticioso.com\/index.php?rest_route=\/wp\/v2\/posts\/128561","targetHints":{"allow":["GET"]}}],"collection":[{"href":"https:\/\/enfoquenoticioso.com\/index.php?rest_route=\/wp\/v2\/posts"}],"about":[{"href":"https:\/\/enfoquenoticioso.com\/index.php?rest_route=\/wp\/v2\/types\/post"}],"author":[{"embeddable":true,"href":"https:\/\/enfoquenoticioso.com\/index.php?rest_route=\/wp\/v2\/users\/2"}],"replies":[{"embeddable":true,"href":"https:\/\/enfoquenoticioso.com\/index.php?rest_route=%2Fwp%2Fv2%2Fcomments&post=128561"}],"version-history":[{"count":0,"href":"https:\/\/enfoquenoticioso.com\/index.php?rest_route=\/wp\/v2\/posts\/128561\/revisions"}],"wp:featuredmedia":[{"embeddable":true,"href":"https:\/\/enfoquenoticioso.com\/index.php?rest_route=\/wp\/v2\/media\/128562"}],"wp:attachment":[{"href":"https:\/\/enfoquenoticioso.com\/index.php?rest_route=%2Fwp%2Fv2%2Fmedia&parent=128561"}],"wp:term":[{"taxonomy":"category","embeddable":true,"href":"https:\/\/enfoquenoticioso.com\/index.php?rest_route=%2Fwp%2Fv2%2Fcategories&post=128561"},{"taxonomy":"post_tag","embeddable":true,"href":"https:\/\/enfoquenoticioso.com\/index.php?rest_route=%2Fwp%2Fv2%2Ftags&post=128561"}],"curies":[{"name":"wp","href":"https:\/\/api.w.org\/{rel}","templated":true}]}}