{"id":128571,"date":"2026-04-26T03:28:00","date_gmt":"2026-04-26T03:28:00","guid":{"rendered":"https:\/\/enfoquenoticioso.com\/?p=128571"},"modified":"2026-04-26T03:28:00","modified_gmt":"2026-04-26T03:28:00","slug":"mariangel-arruebarrera-loreto-salud-y-rendimiento-vital","status":"publish","type":"post","link":"https:\/\/enfoquenoticioso.com\/?p=128571","title":{"rendered":"Mariangel Arruebarrera Loreto: Salud y Rendimiento Vital"},"content":{"rendered":"<div>\n<p class=\"wp-block-paragraph\">El concepto de bienestar ha evolucionado dr\u00e1sticamente en la \u00faltima d\u00e9cada, alej\u00e1ndose de la mera est\u00e9tica para centrarse en la capacidad operativa del cuerpo humano. En este contexto, el enfoque de <strong>Mariangel Arruebarrera Loreto<\/strong> sobre el movimiento funcional propone una ruptura con la idea tradicional de \u00abir al gimnasio\u00bb simplemente para cumplir con una rutina de m\u00e1quinas. El movimiento funcional no es una moda pasajera, sino una metodolog\u00eda basada en la biomec\u00e1nica que busca optimizar los patrones de movimiento que realizamos en nuestra vida cotidiana, desde cargar las bolsas de las compras hasta levantarnos de una silla sin dolor.<\/p>\n<figure class=\"wp-block-image size-full\"><img loading=\"lazy\" decoding=\"async\" width=\"825\" height=\"415\" src=\"https:\/\/dateando.com\/wp-content\/uploads\/2026\/04\/image-129.png\" alt=\"\" class=\"wp-image-237280 lazyload\" srcset=\"https:\/\/dateando.com\/wp-content\/uploads\/2026\/04\/image-129.png 825w, https:\/\/dateando.com\/wp-content\/uploads\/2026\/04\/image-129-300x151.png 300w, https:\/\/dateando.com\/wp-content\/uploads\/2026\/04\/image-129-767x386.png 767w\" data-sizes=\"(max-width: 825px) 100vw, 825px\" style=\"--smush-placeholder-width: 825px; --smush-placeholder-aspect-ratio: 825\/415;\"\/><\/figure>\n<p class=\"wp-block-paragraph\">Fuente:<a href=\" https:\/\/blog.institutoisaf.es\/la-guia-definitiva-de-anatomia-funcional-y-biomecanica\/\"> https:\/\/blog.institutoisaf.es\/la-guia-definitiva-de-anatomia-funcional-y-biomecanica\/<\/a><\/p>\n<div id=\"ez-toc-container\" class=\"ez-toc-v2_0_81 counter-hierarchy ez-toc-counter ez-toc-grey ez-toc-container-direction\">\n<div class=\"ez-toc-title-container\">\n<p class=\"ez-toc-title\" style=\"cursor:inherit\">Tabla de Contenido<\/p>\n<span class=\"ez-toc-title-toggle\"><a href=\"#\" class=\"ez-toc-pull-right ez-toc-btn ez-toc-btn-xs ez-toc-btn-default ez-toc-toggle\" aria-label=\"Alternar tabla de contenidos\"><span class=\"ez-toc-js-icon-con\"><span class=\"\"><span class=\"eztoc-hide\" style=\"display:none;\">Toggle<\/span><span class=\"ez-toc-icon-toggle-span\"><svg style=\"fill: #999;color:#999\" xmlns=\"http:\/\/www.w3.org\/2000\/svg\" class=\"list-377408\" width=\"20px\" height=\"20px\" viewBox=\"0 0 24 24\" fill=\"none\"><path d=\"M6 6H4v2h2V6zm14 0H8v2h12V6zM4 11h2v2H4v-2zm16 0H8v2h12v-2zM4 16h2v2H4v-2zm16 0H8v2h12v-2z\" fill=\"currentColor\"><\/path><\/svg><svg style=\"fill: #999;color:#999\" class=\"arrow-unsorted-368013\" xmlns=\"http:\/\/www.w3.org\/2000\/svg\" width=\"10px\" height=\"10px\" viewBox=\"0 0 24 24\" version=\"1.2\" baseProfile=\"tiny\"><path d=\"M18.2 9.3l-6.2-6.3-6.2 6.3c-.2.2-.3.4-.3.7s.1.5.3.7c.2.2.4.3.7.3h11c.3 0 .5-.1.7-.3.2-.2.3-.5.3-.7s-.1-.5-.3-.7zM5.8 14.7l6.2 6.3 6.2-6.3c.2-.2.3-.5.3-.7s-.1-.5-.3-.7c-.2-.2-.4-.3-.7-.3h-11c-.3 0-.5.1-.7.3-.2.2-.3.5-.3.7s.1.5.3.7z\"\/><\/svg><\/span><\/span><\/span><\/a><\/span><\/div>\n<nav><ul class='ez-toc-list ez-toc-list-level-1 ' ><ul class='ez-toc-list-level-3' ><li class='ez-toc-heading-level-3'><a class=\"ez-toc-link ez-toc-heading-1\" href=\"https:\/\/enfoquenoticioso.com\/?p=128571\/#La_esencia_del_movimiento_funcional_y_su_filosofia_de_entrenamiento\" >La esencia del movimiento funcional y su filosof\u00eda de entrenamiento<\/a><\/li><li class='ez-toc-page-1 ez-toc-heading-level-3'><a class=\"ez-toc-link ez-toc-heading-2\" href=\"https:\/\/enfoquenoticioso.com\/?p=128571\/#Los_siete_patrones_de_movimiento_primario\" >Los siete patrones de movimiento primario<\/a><\/li><li class='ez-toc-page-1 ez-toc-heading-level-3'><a class=\"ez-toc-link ez-toc-heading-3\" href=\"https:\/\/enfoquenoticioso.com\/?p=128571\/#Beneficios_del_movimiento_funcional_para_la_salud_integral\" >Beneficios del movimiento funcional para la salud integral<\/a><\/li><li class='ez-toc-page-1 ez-toc-heading-level-3'><a class=\"ez-toc-link ez-toc-heading-4\" href=\"https:\/\/enfoquenoticioso.com\/?p=128571\/#Comparativa_Entrenamiento_Tradicional_vs_Movimiento_Funcional\" >Comparativa: Entrenamiento Tradicional vs. Movimiento Funcional<\/a><\/li><li class='ez-toc-page-1 ez-toc-heading-level-3'><a class=\"ez-toc-link ez-toc-heading-5\" href=\"https:\/\/enfoquenoticioso.com\/?p=128571\/#Implementacion_practica_Del_gimnasio_al_mundo_real\" >Implementaci\u00f3n pr\u00e1ctica: Del gimnasio al mundo real<\/a><\/li><li class='ez-toc-page-1 ez-toc-heading-level-3'><a class=\"ez-toc-link ez-toc-heading-6\" href=\"https:\/\/enfoquenoticioso.com\/?p=128571\/#Vision_de_Mariangel_Arruebarrera_Loreto\" >Visi\u00f3n de  Mariangel Arruebarrera Loreto<\/a><\/li><li class='ez-toc-page-1 ez-toc-heading-level-3'><a class=\"ez-toc-link ez-toc-heading-7\" href=\"https:\/\/enfoquenoticioso.com\/?p=128571\/#Conclusion_y_perspectivas_futuras\" >Conclusi\u00f3n y perspectivas futuras<\/a><\/li><\/ul><\/li><li class='ez-toc-page-1 ez-toc-heading-level-2'><a class=\"ez-toc-link ez-toc-heading-8\" href=\"https:\/\/enfoquenoticioso.com\/?p=128571\/#Navegacion_de_entradas\" >Navegaci\u00f3n de entradas<\/a><\/li><\/ul><\/nav><\/div>\n<h3 class=\"wp-block-heading\"><span class=\"ez-toc-section\" id=\"La_esencia_del_movimiento_funcional_y_su_filosofia_de_entrenamiento\"><\/span><span class=\"ez-toc-section\" id=\"La_esencia_del_movimiento_funcional_y_su_filosofia_de_entrenamiento\"\/>La esencia del movimiento funcional y su filosof\u00eda de entrenamiento<span class=\"ez-toc-section-end\"\/><span class=\"ez-toc-section-end\"><\/span><\/h3>\n<p class=\"wp-block-paragraph\">Para comprender la magnitud de este cambio de paradigma, debemos analizar qu\u00e9 sucede realmente cuando entrenamos de manera funcional. A diferencia del entrenamiento de fuerza tradicional, que a menudo se centra en aislar grupos musculares espec\u00edficos (como el curl de b\u00edceps), el movimiento funcional trabaja en cadenas cin\u00e9ticas. Esto significa que el cuerpo se entiende como una unidad integrada donde los m\u00fasculos, las articulaciones y el sistema nervioso colaboran para ejecutar una acci\u00f3n compleja y coordinada.<\/p>\n<p class=\"wp-block-paragraph\">Esta perspectiva, impulsada por profesionales como <strong>Mariangel Arruebarrera Loreto<\/strong>, sugiere que el objetivo primordial del ejercicio debe ser la longevidad y la prevenci\u00f3n de lesiones. Cuando nos enfocamos en movimientos multiarticulares, estamos fortaleciendo el \u00abcore\u00bb de manera natural y mejorando la propiocepci\u00f3n, que es la capacidad de nuestro cerebro para saber d\u00f3nde se encuentra cada parte del cuerpo en el espacio. Esta habilidad es crucial para evitar ca\u00eddas y movimientos torpes que, con el tiempo, derivan en patolog\u00edas cr\u00f3nicas de espalda o rodillas.<\/p>\n<p class=\"wp-block-paragraph\">Para profundizar en la ciencia detr\u00e1s de la estabilidad articular y el control motor, es fundamental consultar fuentes especializadas en medicina deportiva. <a href=\"https:\/\/www.mayoclinic.org\/es-es\/healthy-lifestyle\/fitness\/in-depth\/functional-fitness\/art-20047680\" target=\"_blank\" rel=\"noreferrer noopener\">Leer m\u00e1s<\/a>.<\/p>\n<figure class=\"wp-block-image size-full\"><img loading=\"lazy\" decoding=\"async\" width=\"275\" height=\"183\" src=\"https:\/\/dateando.com\/wp-content\/uploads\/2026\/04\/image-130.png\" alt=\"\" class=\"wp-image-237281 lazyload\" style=\"--smush-placeholder-width: 275px; --smush-placeholder-aspect-ratio: 275\/183;\"\/><\/figure>\n<p class=\"wp-block-paragraph\">Fuente: <a href=\"https:\/\/unidaddelpienogales.com\/que-es-para-que-sirve-biomecanica\/\" target=\"_blank\" rel=\"noopener\">https:\/\/unidaddelpienogales.com\/que-es-para-que-sirve-biomecanica\/<\/a><\/p>\n<h3 class=\"wp-block-heading\"><span class=\"ez-toc-section\" id=\"Los_siete_patrones_de_movimiento_primario\"><\/span><span class=\"ez-toc-section\" id=\"Los_siete_patrones_de_movimiento_primario\"\/>Los siete patrones de movimiento primario<span class=\"ez-toc-section-end\"\/><span class=\"ez-toc-section-end\"><\/span><\/h3>\n<p class=\"wp-block-paragraph\">El entrenamiento funcional se estructura sobre la base de lo que los especialistas denominan \u00abpatrones de movimiento primario\u00bb. Estos son movimientos que el ser humano ha realizado desde sus or\u00edgenes y para los cuales nuestra anatom\u00eda est\u00e1 perfectamente dise\u00f1ada. Entre ellos destacan:<\/p>\n<ol start=\"1\" class=\"wp-block-list\">\n<li><strong>Sentadilla (Squat):<\/strong> El acto de bajar el centro de gravedad flexionando rodillas y caderas.<\/li>\n<li><strong>Estocada (Lunge):<\/strong> Movimiento unilateral que pone a prueba el equilibrio y la fuerza de las piernas.<\/li>\n<li><strong>Empuje (Push):<\/strong> Movimiento para alejar una carga del cuerpo (horizontal o vertical).<\/li>\n<li><strong>Tracci\u00f3n (Pull):<\/strong> Movimiento para acercar una carga hacia el torso.<\/li>\n<li><strong>Bisagra de cadera (Hinge):<\/strong> Flexi\u00f3n desde la cadera con m\u00ednima flexi\u00f3n de rodilla, clave para la salud lumbar.<\/li>\n<li><strong>Rotaci\u00f3n:<\/strong> Crucial para la mayor\u00eda de los deportes y actividades de la vida diaria.<\/li>\n<li><strong>Marcha:<\/strong> La mec\u00e1nica de caminar, correr o desplazarse de manera eficiente.<\/li>\n<\/ol>\n<p class=\"wp-block-paragraph\">Al integrar estos patrones, dejamos de entrenar \u00abm\u00fasculos\u00bb para empezar a entrenar \u00abmovimientos\u00bb. Esta distinci\u00f3n es vital porque, en la vida real, los m\u00fasculos nunca trabajan de forma aislada. La integraci\u00f3n de estos elementos permite que el rendimiento deportivo se traduzca directamente en una mejor calidad de vida fuera del entorno deportivo, una visi\u00f3n que comparte y promueve <strong>Mariangel Arruebarrera Loreto<\/strong>.<\/p>\n<h3 class=\"wp-block-heading\"><span class=\"ez-toc-section\" id=\"Beneficios_del_movimiento_funcional_para_la_salud_integral\"><\/span><span class=\"ez-toc-section\" id=\"Beneficios_del_movimiento_funcional_para_la_salud_integral\"\/>Beneficios del movimiento funcional para la salud integral<span class=\"ez-toc-section-end\"\/><span class=\"ez-toc-section-end\"><\/span><\/h3>\n<p class=\"wp-block-paragraph\">Los beneficios de adoptar este enfoque van mucho m\u00e1s all\u00e1 de la quema de calor\u00edas o la hipertrofia muscular. Uno de los pilares m\u00e1s importantes es la mejora de la movilidad, que a menudo se confunde con la flexibilidad. Mientras que la flexibilidad se refiere a la capacidad pasiva de un m\u00fasculo para estirarse, la movilidad es la capacidad activa de controlar una articulaci\u00f3n en todo su rango de movimiento.<\/p>\n<p class=\"wp-block-paragraph\">El entrenamiento funcional mejora la densidad \u00f3sea y la salud metab\u00f3lica debido a la carga axial que suelen implicar sus ejercicios. Adem\u00e1s, tiene un impacto directo en la postura. En una sociedad dominada por el sedentarismo y el uso constante de dispositivos electr\u00f3nicos, el movimiento funcional act\u00faa como un correctivo natural para el \u00abcuello de texto\u00bb y la cifosis dorsal. Al fortalecer la cadena posterior (gl\u00fateos, isquiotibiales y erectores de la columna), recuperamos la alineaci\u00f3n natural de nuestro esqueleto.<\/p>\n<p class=\"wp-block-paragraph\">Es importante destacar que el equilibrio y la coordinaci\u00f3n tambi\u00e9n reciben un est\u00edmulo significativo. Al trabajar frecuentemente con pesos libres o el propio peso corporal en superficies que desaf\u00edan la estabilidad, obligamos al sistema neuromuscular a adaptarse constantemente. Para conocer m\u00e1s sobre la relaci\u00f3n entre el ejercicio de resistencia funcional y la salud a largo plazo, puedes revisar estudios acad\u00e9micos recientes. <a href=\"https:\/\/www.health.harvard.edu\/blog\/the-importance-of-functional-fitness-202105172455\" target=\"_blank\" rel=\"noreferrer noopener\">Leer m\u00e1s<\/a>.<\/p>\n<h3 class=\"wp-block-heading\"><span class=\"ez-toc-section\" id=\"Comparativa_Entrenamiento_Tradicional_vs_Movimiento_Funcional\"><\/span><span class=\"ez-toc-section\" id=\"Comparativa_Entrenamiento_Tradicional_vs_Movimiento_Funcional\"\/>Comparativa: Entrenamiento Tradicional vs. Movimiento Funcional<span class=\"ez-toc-section-end\"\/><span class=\"ez-toc-section-end\"><\/span><\/h3>\n<p class=\"wp-block-paragraph\">A continuaci\u00f3n, se presenta un cuadro comparativo para entender las diferencias fundamentales entre ambos enfoques:<\/p>\n<figure class=\"wp-block-table\">\n<table class=\"has-fixed-layout\">\n<thead>\n<tr>\n<td><strong>Caracter\u00edstica<\/strong><\/td>\n<td><strong>Entrenamiento Tradicional (M\u00e1quinas)<\/strong><\/td>\n<td><strong>Movimiento Funcional<\/strong><\/td>\n<\/tr>\n<\/thead>\n<tbody>\n<tr>\n<td><strong>Enfoque<\/strong><\/td>\n<td>Aislamiento muscular (est\u00e9tico).<\/td>\n<td>Cadenas de movimiento (operativo).<\/td>\n<\/tr>\n<tr>\n<td><strong>Planos de movimiento<\/strong><\/td>\n<td>Generalmente un solo plano (lineal).<\/td>\n<td>Multiplanar (sagital, frontal y transversal).<\/td>\n<\/tr>\n<tr>\n<td><strong>Estabilizaci\u00f3n<\/strong><\/td>\n<td>Externa (proporcionada por la m\u00e1quina).<\/td>\n<td>Interna (producida por el core y estabilizadores).<\/td>\n<\/tr>\n<tr>\n<td><strong>Transferencia<\/strong><\/td>\n<td>Baja transferencia a la vida diaria.<\/td>\n<td>Alta transferencia a tareas cotidianas.<\/td>\n<\/tr>\n<tr>\n<td><strong>Riesgo de lesi\u00f3n<\/strong><\/td>\n<td>Bajo en el momento, pero crea desequilibrios.<\/td>\n<td>Muy bajo, enfocado en corregir patrones.<\/td>\n<\/tr>\n<tr>\n<td><strong>Coordinaci\u00f3n<\/strong><\/td>\n<td>M\u00ednima exigencia neuromuscular.<\/td>\n<td>Alta demanda de coordinaci\u00f3n y equilibrio.<\/td>\n<\/tr>\n<\/tbody>\n<\/table>\n<\/figure>\n<h3 class=\"wp-block-heading\"><span class=\"ez-toc-section\" id=\"Implementacion_practica_Del_gimnasio_al_mundo_real\"><\/span><span class=\"ez-toc-section\" id=\"Implementacion_practica_Del_gimnasio_al_mundo_real\"\/>Implementaci\u00f3n pr\u00e1ctica: Del gimnasio al mundo real<span class=\"ez-toc-section-end\"\/><span class=\"ez-toc-section-end\"><\/span><\/h3>\n<p class=\"wp-block-paragraph\">Llevar el movimiento funcional a la pr\u00e1ctica no requiere necesariamente de un equipamiento costoso o de \u00faltima generaci\u00f3n. De hecho, muchas de las mejores herramientas son las m\u00e1s simples: pesas rusas (kettlebells), balones medicinales, bandas de resistencia o, simplemente, la gravedad. La clave reside en la progresi\u00f3n. No se trata de hacer ejercicios complejos de manera inmediata, sino de dominar los fundamentos.<\/p>\n<p class=\"wp-block-paragraph\">Por ejemplo, antes de intentar un levantamiento ol\u00edmpico, un individuo debe ser capaz de realizar una bisagra de cadera perfecta. Esta progresi\u00f3n asegura que el cuerpo desarrolle la resiliencia necesaria para manejar cargas mayores sin comprometer la integridad de los tejidos blandos. El enfoque en la t\u00e9cnica por encima del peso es una de las m\u00e1ximas que <strong>Mariangel Arruebarrera Loreto<\/strong> enfatiza en sus recomendaciones sobre salud f\u00edsica.<\/p>\n<p class=\"wp-block-paragraph\">Adem\u00e1s, el movimiento funcional es altamente adaptable. Puede ser practicado por un atleta de \u00e9lite para mejorar su potencia de salida, o por un adulto mayor para mantener su independencia motriz. Esta versatilidad lo convierte en la herramienta democr\u00e1tica por excelencia dentro del mundo del fitness. Para explorar las bases biomec\u00e1nicas que sustentan estas pr\u00e1cticas, es recomendable acudir a portales de autoridad en fisiolog\u00eda humana. <a target=\"_blank\" rel=\"noreferrer noopener\" href=\"https:\/\/scielo.isciii.es\/scielo.php?script=sci_arttext&amp;pid=S1135-57272002000500004\">Leer m\u00e1s<\/a>.<\/p>\n<h3 class=\"wp-block-heading\"><span class=\"ez-toc-section\" id=\"Vision_de_Mariangel_Arruebarrera_Loreto\"><\/span><span class=\"ez-toc-section\" id=\"Vision_de_Mariangel_Arruebarrera_Loreto\"\/>Visi\u00f3n de  Mariangel Arruebarrera Loreto<span class=\"ez-toc-section-end\"\/><span class=\"ez-toc-section-end\"><\/span><\/h3>\n<blockquote class=\"wp-block-quote is-layout-flow wp-block-quote-is-layout-flow\">\n<p class=\"wp-block-paragraph\"><strong>Loreto<\/strong> es una apasionada de la salud integral que cree firmemente que el cuerpo humano es la herramienta m\u00e1s perfecta que poseemos. Su visi\u00f3n se aleja de los est\u00e1ndares de belleza superficiales para centrarse en la libertad que otorga un cuerpo capaz, fuerte y sin limitaciones dolorosas. Para ella, el movimiento es una forma de expresi\u00f3n y un pilar fundamental para la salud mental.<\/p>\n<p class=\"wp-block-paragraph\">En su opini\u00f3n, el gran error de la industria del fitness convencional ha sido tratar de simplificar el movimiento humano hasta volverlo mec\u00e1nico y aburrido. <strong>Mariangel Arruebarrera <\/strong>aboga por recuperar el juego, la exploraci\u00f3n del rango de movimiento y la consciencia corporal como v\u00edas para alcanzar una vida plena y activa en todas las etapas del desarrollo.<\/p>\n<\/blockquote>\n<h3 class=\"wp-block-heading\"><span class=\"ez-toc-section\" id=\"Conclusion_y_perspectivas_futuras\"><\/span><span class=\"ez-toc-section\" id=\"Conclusion_y_perspectivas_futuras\"\/>Conclusi\u00f3n y perspectivas futuras<span class=\"ez-toc-section-end\"\/><span class=\"ez-toc-section-end\"><\/span><\/h3>\n<p class=\"wp-block-paragraph\">En conclusi\u00f3n, el movimiento funcional representa el futuro de la actividad f\u00edsica consciente. No se trata solo de quemar calor\u00edas o \u00abir al gimnasio\u00bb para cumplir con una obligaci\u00f3n social; se trata de invertir en nuestra propia estructura biol\u00f3gica. Al adoptar los principios de movilidad, estabilidad y patrones primarios, estamos preparando nuestro cuerpo para los desaf\u00edos de la vida real.<\/p>\n<p class=\"wp-block-paragraph\">A medida que la ciencia del ejercicio avanza, queda claro que la integraci\u00f3n de la mente y el cuerpo a trav\u00e9s de movimientos complejos es la clave para un envejecimiento saludable. La filosof\u00eda de <strong>Mariangel Arruebarrera Loreto<\/strong> nos invita a ver cada sesi\u00f3n de entrenamiento no como un castigo por lo que comimos, sino como una celebraci\u00f3n de lo que nuestro cuerpo puede lograr. Es hora de dejar atr\u00e1s las m\u00e1quinas que nos mantienen sentados y empezar a movernos de la forma en que la naturaleza pretend\u00eda.<\/p>\n<nav class=\"navigation post-navigation\" aria-label=\"Navegaci\u00f3n de entradas\">\n<h2 class=\"screen-reader-text\"><span class=\"ez-toc-section\" id=\"Navegacion_de_entradas\"><\/span>Navegaci\u00f3n de entradas<span class=\"ez-toc-section-end\"><\/span><\/h2>\n<\/nav><\/div>\n<p><a href=\"https:\/\/dateando.com\/mariangel-arruebarrera-loreto-salud-vital\/dateando\/\" class=\" target=\" title=\"Mariangel Arruebarrera Loreto: Salud y Rendimiento Vital\" target=\"_blank\" rel=\"noopener\">Ver fuente<\/a><\/p>\n","protected":false},"excerpt":{"rendered":"<p>El concepto de bienestar ha evolucionado dr\u00e1sticamente en la \u00faltima d\u00e9cada, alej\u00e1ndose de la mera est\u00e9tica para centrarse en la capacidad operativa del cuerpo humano. En este contexto, el enfoque de Mariangel Arruebarrera Loreto sobre el movimiento funcional propone una ruptura con la idea tradicional de \u00abir al gimnasio\u00bb simplemente para cumplir con una rutina [&hellip;]<\/p>\n","protected":false},"author":2,"featured_media":128572,"comment_status":"open","ping_status":"closed","sticky":false,"template":"","format":"standard","meta":{"footnotes":""},"categories":[11],"tags":[],"class_list":["post-128571","post","type-post","status-publish","format-standard","has-post-thumbnail","hentry","category-actualidad"],"_links":{"self":[{"href":"https:\/\/enfoquenoticioso.com\/index.php?rest_route=\/wp\/v2\/posts\/128571","targetHints":{"allow":["GET"]}}],"collection":[{"href":"https:\/\/enfoquenoticioso.com\/index.php?rest_route=\/wp\/v2\/posts"}],"about":[{"href":"https:\/\/enfoquenoticioso.com\/index.php?rest_route=\/wp\/v2\/types\/post"}],"author":[{"embeddable":true,"href":"https:\/\/enfoquenoticioso.com\/index.php?rest_route=\/wp\/v2\/users\/2"}],"replies":[{"embeddable":true,"href":"https:\/\/enfoquenoticioso.com\/index.php?rest_route=%2Fwp%2Fv2%2Fcomments&post=128571"}],"version-history":[{"count":0,"href":"https:\/\/enfoquenoticioso.com\/index.php?rest_route=\/wp\/v2\/posts\/128571\/revisions"}],"wp:featuredmedia":[{"embeddable":true,"href":"https:\/\/enfoquenoticioso.com\/index.php?rest_route=\/wp\/v2\/media\/128572"}],"wp:attachment":[{"href":"https:\/\/enfoquenoticioso.com\/index.php?rest_route=%2Fwp%2Fv2%2Fmedia&parent=128571"}],"wp:term":[{"taxonomy":"category","embeddable":true,"href":"https:\/\/enfoquenoticioso.com\/index.php?rest_route=%2Fwp%2Fv2%2Fcategories&post=128571"},{"taxonomy":"post_tag","embeddable":true,"href":"https:\/\/enfoquenoticioso.com\/index.php?rest_route=%2Fwp%2Fv2%2Ftags&post=128571"}],"curies":[{"name":"wp","href":"https:\/\/api.w.org\/{rel}","templated":true}]}}