{"id":128585,"date":"2026-04-26T04:41:05","date_gmt":"2026-04-26T04:41:05","guid":{"rendered":"https:\/\/enfoquenoticioso.com\/?p=128585"},"modified":"2026-04-26T04:41:05","modified_gmt":"2026-04-26T04:41:05","slug":"imagenes-del-tirador-detenido-en-la-cena-de-corresponsales-de-la-casa-blanca","status":"publish","type":"post","link":"https:\/\/enfoquenoticioso.com\/?p=128585","title":{"rendered":"Im\u00e1genes del tirador detenido en la cena de corresponsales de la Casa Blanca"},"content":{"rendered":"<div>\n<p>La agencia AP ha difundido una imagen del hombre armado detenido este s\u00e1bado por los Servicios de Seguridad tras el incidente vivido en el hotel Washington Hilton, durante la Cena de la Asociaci\u00f3n de Corresponsales de la Casa Blanca, cuando el presidente de EE.UU., Donald Trump, tuvo que ser evacuado a toda prisa del escenario tras reportarse varios disparos.<\/p>\n<blockquote class=\"twitter-tweet\">\n<p dir=\"ltr\" lang=\"es\">\u2757\ufe0fPRIMER VIDEO DE LA DETENCI\u00d3N del hombre armado tras el incidente vivido en el hotel Washington Hilton donde se celebraba la Cena de la Asociaci\u00f3n de Corresponsales de la Casa Blanca<a href=\"https:\/\/t.co\/jCM0gfJDLm\">https:\/\/t.co\/jCM0gfJDLm<\/a> <a href=\"https:\/\/t.co\/WN75eyyjjN\">pic.twitter.com\/WN75eyyjjN<\/a><\/p>\n<p>\u2014 RT en Espa\u00f1ol (@ActualidadRT) <a href=\"https:\/\/twitter.com\/ActualidadRT\/status\/2048223723917070369?ref_src=twsrc%5Etfw\" target=\"_blank\" rel=\"noopener\">April 26, 2026<\/a><\/p>\n<\/blockquote>\n<p><a href=\"https:\/\/noticiasaldiayalahora.co\/wp-content\/uploads\/2026\/04\/imagen-del-tirador-cena-corresponsales.jpg\" target=\"_blank\" rel=\"noopener\"><img loading=\"lazy\" decoding=\"async\" class=\"alignnone size-large wp-image-583862\" src=\"https:\/\/noticiasaldiayalahora.co\/wp-content\/uploads\/2026\/04\/imagen-del-tirador-cena-corresponsales-768x1024.jpg\" alt=\"\" width=\"768\" height=\"1024\" srcset=\"https:\/\/noticiasaldiayalahora.co\/wp-content\/uploads\/2026\/04\/imagen-del-tirador-cena-corresponsales-768x1024.jpg 768w, https:\/\/noticiasaldiayalahora.co\/wp-content\/uploads\/2026\/04\/imagen-del-tirador-cena-corresponsales-225x300.jpg 225w, https:\/\/noticiasaldiayalahora.co\/wp-content\/uploads\/2026\/04\/imagen-del-tirador-cena-corresponsales.jpg 1024w\" sizes=\"auto, (max-width: 768px) 100vw, 768px\"\/><\/a><\/p>\n<blockquote class=\"twitter-tweet\">\n<p dir=\"ltr\" lang=\"es\">Trump publica una foto del detenido por el tiroteo contra el <a href=\"https:\/\/t.co\/t0wYsUiEFr\">pic.twitter.com\/t0wYsUiEFr<\/a><\/p>\n<p>\u2014 David Alandete (@alandete) <a href=\"https:\/\/twitter.com\/alandete\/status\/2048228431129690525?ref_src=twsrc%5Etfw\" target=\"_blank\" rel=\"noopener\">April 26, 2026<\/a><\/p>\n<\/blockquote>\n<p>El presidente de EE.UU., Donald Trump, respondi\u00f3 a una pregunta sobre si el incidente ocurrido la noche de este s\u00e1bado durante la Cena de Corresponsales de la Casa Blanca podr\u00eda estar relacionado con la guerra contra Ir\u00e1n.<\/p>\n<div id=\"attachment_583863\" style=\"width: 1034px\" class=\"wp-caption alignnone\"><a href=\"https:\/\/noticiasaldiayalahora.co\/wp-content\/uploads\/2026\/04\/agentes-policiales-cena-corresponsales.jpg\" target=\"_blank\" rel=\"noopener\"><img loading=\"lazy\" decoding=\"async\" aria-describedby=\"caption-attachment-583863\" class=\"size-large wp-image-583863\" src=\"https:\/\/noticiasaldiayalahora.co\/wp-content\/uploads\/2026\/04\/agentes-policiales-cena-corresponsales-1024x577.jpg\" alt=\"\" width=\"1024\" height=\"577\" srcset=\"https:\/\/noticiasaldiayalahora.co\/wp-content\/uploads\/2026\/04\/agentes-policiales-cena-corresponsales-1024x577.jpg 1024w, https:\/\/noticiasaldiayalahora.co\/wp-content\/uploads\/2026\/04\/agentes-policiales-cena-corresponsales-300x169.jpg 300w, https:\/\/noticiasaldiayalahora.co\/wp-content\/uploads\/2026\/04\/agentes-policiales-cena-corresponsales-768x433.jpg 768w, https:\/\/noticiasaldiayalahora.co\/wp-content\/uploads\/2026\/04\/agentes-policiales-cena-corresponsales-777x437.jpg 777w, https:\/\/noticiasaldiayalahora.co\/wp-content\/uploads\/2026\/04\/agentes-policiales-cena-corresponsales-180x101.jpg 180w, https:\/\/noticiasaldiayalahora.co\/wp-content\/uploads\/2026\/04\/agentes-policiales-cena-corresponsales-260x146.jpg 260w, https:\/\/noticiasaldiayalahora.co\/wp-content\/uploads\/2026\/04\/agentes-policiales-cena-corresponsales-373x210.jpg 373w, https:\/\/noticiasaldiayalahora.co\/wp-content\/uploads\/2026\/04\/agentes-policiales-cena-corresponsales-120x67.jpg 120w, https:\/\/noticiasaldiayalahora.co\/wp-content\/uploads\/2026\/04\/agentes-policiales-cena-corresponsales.jpg 1104w\" sizes=\"auto, (max-width: 1024px) 100vw, 1024px\"\/><\/a><\/p>\n<p id=\"caption-attachment-583863\" class=\"wp-caption-text\">Varios agentes montan guardia tras un incidente ocurrido durante la cena anual de la Asociaci\u00f3n de Corresponsales de la Casa Blanca, en Washington, D. C., el 25 de abril de 2026.<\/p>\n<\/div>\n<p><a href=\"https:\/\/noticiasaldiayalahora.co\/wp-content\/uploads\/2026\/04\/Agentes-del-Servicio-Secreto-de-EEUU-1.png\" target=\"_blank\" rel=\"noopener\"><img loading=\"lazy\" decoding=\"async\" class=\"alignnone size-full wp-image-583850\" src=\"https:\/\/noticiasaldiayalahora.co\/wp-content\/uploads\/2026\/04\/Agentes-del-Servicio-Secreto-de-EEUU-1.png\" alt=\"\" width=\"881\" height=\"490\" srcset=\"https:\/\/noticiasaldiayalahora.co\/wp-content\/uploads\/2026\/04\/Agentes-del-Servicio-Secreto-de-EEUU-1.png 881w, https:\/\/noticiasaldiayalahora.co\/wp-content\/uploads\/2026\/04\/Agentes-del-Servicio-Secreto-de-EEUU-1-300x167.png 300w, https:\/\/noticiasaldiayalahora.co\/wp-content\/uploads\/2026\/04\/Agentes-del-Servicio-Secreto-de-EEUU-1-768x427.png 768w, https:\/\/noticiasaldiayalahora.co\/wp-content\/uploads\/2026\/04\/Agentes-del-Servicio-Secreto-de-EEUU-1-180x101.png 180w, https:\/\/noticiasaldiayalahora.co\/wp-content\/uploads\/2026\/04\/Agentes-del-Servicio-Secreto-de-EEUU-1-260x146.png 260w, https:\/\/noticiasaldiayalahora.co\/wp-content\/uploads\/2026\/04\/Agentes-del-Servicio-Secreto-de-EEUU-1-120x67.png 120w\" sizes=\"auto, (max-width: 881px) 100vw, 881px\"\/><\/a><\/p>\n<blockquote class=\"twitter-tweet\">\n<p dir=\"ltr\" lang=\"es\"> <a href=\"https:\/\/twitter.com\/hashtag\/%C3%9AltimaHora?src=hash&amp;ref_src=twsrc%5Etfw\" target=\"_blank\" rel=\"noopener\">#\u00daltimaHora<\/a> <\/p>\n<p> El vicepresidente de EEUU, JD Vance fue sacado a la fuerza por su equipo de seguridad tras el atentado contra Trump.<a href=\"https:\/\/twitter.com\/hashtag\/EEUU?src=hash&amp;ref_src=twsrc%5Etfw\" target=\"_blank\" rel=\"noopener\">#EEUU<\/a> <a href=\"https:\/\/twitter.com\/hashtag\/Urgente?src=hash&amp;ref_src=twsrc%5Etfw\" target=\"_blank\" rel=\"noopener\">#Urgente<\/a> <a href=\"https:\/\/t.co\/4XeLEynRx8\">pic.twitter.com\/4XeLEynRx8<\/a><\/p>\n<p>\u2014  (@polianalitica) <a href=\"https:\/\/twitter.com\/polianalitica\/status\/2048245313903706258?ref_src=twsrc%5Etfw\" target=\"_blank\" rel=\"noopener\">April 26, 2026<\/a><\/p>\n<\/blockquote>\n<p><a href=\"https:\/\/noticiasaldiayalahora.co\/wp-content\/uploads\/2026\/04\/Agentes-militares-cena-de-corresponsales.jpg\" target=\"_blank\" rel=\"noopener\"><img loading=\"lazy\" decoding=\"async\" class=\"alignnone size-large wp-image-583864\" src=\"https:\/\/noticiasaldiayalahora.co\/wp-content\/uploads\/2026\/04\/Agentes-militares-cena-de-corresponsales-1024x577.jpg\" alt=\"\" width=\"1024\" height=\"577\" srcset=\"https:\/\/noticiasaldiayalahora.co\/wp-content\/uploads\/2026\/04\/Agentes-militares-cena-de-corresponsales-1024x577.jpg 1024w, https:\/\/noticiasaldiayalahora.co\/wp-content\/uploads\/2026\/04\/Agentes-militares-cena-de-corresponsales-300x169.jpg 300w, https:\/\/noticiasaldiayalahora.co\/wp-content\/uploads\/2026\/04\/Agentes-militares-cena-de-corresponsales-768x433.jpg 768w, https:\/\/noticiasaldiayalahora.co\/wp-content\/uploads\/2026\/04\/Agentes-militares-cena-de-corresponsales-777x437.jpg 777w, https:\/\/noticiasaldiayalahora.co\/wp-content\/uploads\/2026\/04\/Agentes-militares-cena-de-corresponsales-180x101.jpg 180w, https:\/\/noticiasaldiayalahora.co\/wp-content\/uploads\/2026\/04\/Agentes-militares-cena-de-corresponsales-260x146.jpg 260w, https:\/\/noticiasaldiayalahora.co\/wp-content\/uploads\/2026\/04\/Agentes-militares-cena-de-corresponsales-373x210.jpg 373w, https:\/\/noticiasaldiayalahora.co\/wp-content\/uploads\/2026\/04\/Agentes-militares-cena-de-corresponsales-120x67.jpg 120w, https:\/\/noticiasaldiayalahora.co\/wp-content\/uploads\/2026\/04\/Agentes-militares-cena-de-corresponsales.jpg 1104w\" sizes=\"auto, (max-width: 1024px) 100vw, 1024px\"\/><\/a><\/p>\n<div id=\"attachment_583865\" style=\"width: 1034px\" class=\"wp-caption alignnone\"><a href=\"https:\/\/noticiasaldiayalahora.co\/wp-content\/uploads\/2026\/04\/agentes-policiales-a-las-afueras-del-Hilton-cena-de-corresponsales.jpg\" target=\"_blank\" rel=\"noopener\"><img loading=\"lazy\" decoding=\"async\" aria-describedby=\"caption-attachment-583865\" class=\"size-large wp-image-583865\" src=\"https:\/\/noticiasaldiayalahora.co\/wp-content\/uploads\/2026\/04\/agentes-policiales-a-las-afueras-del-Hilton-cena-de-corresponsales-1024x577.jpg\" alt=\"\" width=\"1024\" height=\"577\" srcset=\"https:\/\/noticiasaldiayalahora.co\/wp-content\/uploads\/2026\/04\/agentes-policiales-a-las-afueras-del-Hilton-cena-de-corresponsales-1024x577.jpg 1024w, https:\/\/noticiasaldiayalahora.co\/wp-content\/uploads\/2026\/04\/agentes-policiales-a-las-afueras-del-Hilton-cena-de-corresponsales-300x169.jpg 300w, https:\/\/noticiasaldiayalahora.co\/wp-content\/uploads\/2026\/04\/agentes-policiales-a-las-afueras-del-Hilton-cena-de-corresponsales-768x433.jpg 768w, https:\/\/noticiasaldiayalahora.co\/wp-content\/uploads\/2026\/04\/agentes-policiales-a-las-afueras-del-Hilton-cena-de-corresponsales-777x437.jpg 777w, https:\/\/noticiasaldiayalahora.co\/wp-content\/uploads\/2026\/04\/agentes-policiales-a-las-afueras-del-Hilton-cena-de-corresponsales-180x101.jpg 180w, https:\/\/noticiasaldiayalahora.co\/wp-content\/uploads\/2026\/04\/agentes-policiales-a-las-afueras-del-Hilton-cena-de-corresponsales-260x146.jpg 260w, https:\/\/noticiasaldiayalahora.co\/wp-content\/uploads\/2026\/04\/agentes-policiales-a-las-afueras-del-Hilton-cena-de-corresponsales-373x210.jpg 373w, https:\/\/noticiasaldiayalahora.co\/wp-content\/uploads\/2026\/04\/agentes-policiales-a-las-afueras-del-Hilton-cena-de-corresponsales-120x67.jpg 120w, https:\/\/noticiasaldiayalahora.co\/wp-content\/uploads\/2026\/04\/agentes-policiales-a-las-afueras-del-Hilton-cena-de-corresponsales.jpg 1104w\" sizes=\"auto, (max-width: 1024px) 100vw, 1024px\"\/><\/a><\/p>\n<p id=\"caption-attachment-583865\" class=\"wp-caption-text\">Agentes de seguridad frente al edificio donde se estaba llevando a cabo la Cena de Corresponsales de la Casa Blanca, el 25 de abril de 2026.<\/p>\n<\/div>\n<p>Era la primera vez que Trump asist\u00eda a la cena de corresponsales como presidente en su segundo mandato. El mandatario hab\u00eda llegado al sal\u00f3n subterr\u00e1neo del Washington Hilton al son de \u201cHail to the Chief\u201d y salud\u00f3 a periodistas en el estrado, deteni\u00e9ndose tambi\u00e9n a elogiar a la secretaria de prensa de la Casa Blanca, Karoline Leavitt. El evento reun\u00eda a cientos de periodistas destacados, celebridades y l\u00edderes nacionales que aguardaban el discurso presidencial cuando los disparos interrumpieron la velada.<\/p>\n<p>Unos 30 minutos despu\u00e9s del incidente, Trump ya hab\u00eda publicado en Truth Social: \u201cToda una velada en Washington. El Servicio Secreto y las fuerzas del orden hicieron un trabajo fant\u00e1stico. Actuaron r\u00e1pido y con valent\u00eda. El tirador fue detenido y recomend\u00e9 que el show contin\u00fae, pero me guiar\u00e9 por lo que decidan las fuerzas del orden\u201d. M\u00e1s tarde prometi\u00f3 repetir la cena en un plazo de 30 d\u00edas: \u201cLa haremos m\u00e1s grande y mejor. No vamos a dejar que nadie se apodere de nuestra sociedad. No vamos a cancelar las cosas\u201d.<\/p>\n<p><a href=\"https:\/\/noticiasaldiayalahora.co\/wp-content\/uploads\/2026\/04\/Screenshot-2026-04-25-23.22.06.png\" target=\"_blank\" rel=\"noopener\"><img loading=\"lazy\" decoding=\"async\" class=\"alignnone size-full wp-image-583868\" src=\"https:\/\/noticiasaldiayalahora.co\/wp-content\/uploads\/2026\/04\/Screenshot-2026-04-25-23.22.06.png\" alt=\"\" width=\"700\" height=\"471\" srcset=\"https:\/\/noticiasaldiayalahora.co\/wp-content\/uploads\/2026\/04\/Screenshot-2026-04-25-23.22.06.png 700w, https:\/\/noticiasaldiayalahora.co\/wp-content\/uploads\/2026\/04\/Screenshot-2026-04-25-23.22.06-300x202.png 300w\" sizes=\"auto, (max-width: 700px) 100vw, 700px\"\/><\/a> <a href=\"https:\/\/noticiasaldiayalahora.co\/wp-content\/uploads\/2026\/04\/Screenshot-2026-04-25-23.22.23.png\" target=\"_blank\" rel=\"noopener\"><img loading=\"lazy\" decoding=\"async\" class=\"alignnone size-large wp-image-583869\" src=\"https:\/\/noticiasaldiayalahora.co\/wp-content\/uploads\/2026\/04\/Screenshot-2026-04-25-23.22.23.png\" alt=\"\" width=\"700\" height=\"441\" srcset=\"https:\/\/noticiasaldiayalahora.co\/wp-content\/uploads\/2026\/04\/Screenshot-2026-04-25-23.22.23.png 700w, https:\/\/noticiasaldiayalahora.co\/wp-content\/uploads\/2026\/04\/Screenshot-2026-04-25-23.22.23-300x189.png 300w\" sizes=\"auto, (max-width: 700px) 100vw, 700px\"\/><\/a> <a href=\"https:\/\/noticiasaldiayalahora.co\/wp-content\/uploads\/2026\/04\/marco-rubio.png\" target=\"_blank\" rel=\"noopener\"><img loading=\"lazy\" decoding=\"async\" class=\"alignnone size-large wp-image-583870\" src=\"https:\/\/noticiasaldiayalahora.co\/wp-content\/uploads\/2026\/04\/marco-rubio.png\" alt=\"\" width=\"700\" height=\"441\" srcset=\"https:\/\/noticiasaldiayalahora.co\/wp-content\/uploads\/2026\/04\/marco-rubio.png 700w, https:\/\/noticiasaldiayalahora.co\/wp-content\/uploads\/2026\/04\/marco-rubio-300x189.png 300w\" sizes=\"auto, (max-width: 700px) 100vw, 700px\"\/><\/a> <a href=\"https:\/\/noticiasaldiayalahora.co\/wp-content\/uploads\/2026\/04\/Screenshot-2026-04-25-23.22.42.png\" target=\"_blank\" rel=\"noopener\"><img loading=\"lazy\" decoding=\"async\" class=\"alignnone size-large wp-image-583871\" src=\"https:\/\/noticiasaldiayalahora.co\/wp-content\/uploads\/2026\/04\/Screenshot-2026-04-25-23.22.42.png\" alt=\"\" width=\"700\" height=\"441\" srcset=\"https:\/\/noticiasaldiayalahora.co\/wp-content\/uploads\/2026\/04\/Screenshot-2026-04-25-23.22.42.png 700w, https:\/\/noticiasaldiayalahora.co\/wp-content\/uploads\/2026\/04\/Screenshot-2026-04-25-23.22.42-300x189.png 300w\" sizes=\"auto, (max-width: 700px) 100vw, 700px\"\/><\/a> <a href=\"https:\/\/noticiasaldiayalahora.co\/wp-content\/uploads\/2026\/04\/Screenshot-2026-04-25-23.23.00.png\" target=\"_blank\" rel=\"noopener\"><img loading=\"lazy\" decoding=\"async\" class=\"alignnone size-large wp-image-583872\" src=\"https:\/\/noticiasaldiayalahora.co\/wp-content\/uploads\/2026\/04\/Screenshot-2026-04-25-23.23.00.png\" alt=\"\" width=\"700\" height=\"441\" srcset=\"https:\/\/noticiasaldiayalahora.co\/wp-content\/uploads\/2026\/04\/Screenshot-2026-04-25-23.23.00.png 700w, https:\/\/noticiasaldiayalahora.co\/wp-content\/uploads\/2026\/04\/Screenshot-2026-04-25-23.23.00-300x189.png 300w\" sizes=\"auto, (max-width: 700px) 100vw, 700px\"\/><\/a> <a href=\"https:\/\/noticiasaldiayalahora.co\/wp-content\/uploads\/2026\/04\/Screenshot-2026-04-25-23.23.12.png\" target=\"_blank\" rel=\"noopener\"><img loading=\"lazy\" decoding=\"async\" class=\"alignnone size-large wp-image-583873\" src=\"https:\/\/noticiasaldiayalahora.co\/wp-content\/uploads\/2026\/04\/Screenshot-2026-04-25-23.23.12.png\" alt=\"\" width=\"700\" height=\"441\" srcset=\"https:\/\/noticiasaldiayalahora.co\/wp-content\/uploads\/2026\/04\/Screenshot-2026-04-25-23.23.12.png 700w, https:\/\/noticiasaldiayalahora.co\/wp-content\/uploads\/2026\/04\/Screenshot-2026-04-25-23.23.12-300x189.png 300w\" sizes=\"auto, (max-width: 700px) 100vw, 700px\"\/><\/a> <a href=\"https:\/\/noticiasaldiayalahora.co\/wp-content\/uploads\/2026\/04\/Screenshot-2026-04-25-23.21.53.png\" target=\"_blank\" rel=\"noopener\"><img loading=\"lazy\" decoding=\"async\" class=\"alignnone size-large wp-image-583874\" src=\"https:\/\/noticiasaldiayalahora.co\/wp-content\/uploads\/2026\/04\/Screenshot-2026-04-25-23.21.53.png\" alt=\"\" width=\"744\" height=\"510\" srcset=\"https:\/\/noticiasaldiayalahora.co\/wp-content\/uploads\/2026\/04\/Screenshot-2026-04-25-23.21.53.png 744w, https:\/\/noticiasaldiayalahora.co\/wp-content\/uploads\/2026\/04\/Screenshot-2026-04-25-23.21.53-300x206.png 300w\" sizes=\"auto, (max-width: 744px) 100vw, 744px\"\/><\/a><\/p>\n<\/p><\/div>\n<p><script async src=\"\/\/platform.twitter.com\/widgets.js\" charset=\"utf-8\"><\/script><br \/>\n<br \/><a href=\"https:\/\/noticiasaldiayalahora.co\/internacionales\/imagenes-del-tirador-detenido-en-la-cena-de-corresponsales-de-la-casa-blanca\/\" class=\" target=\" title=\"Im\u00e1genes del tirador detenido en la cena de corresponsales de la Casa Blanca\" target=\"_blank\" rel=\"noopener\">Ver fuente<\/a><\/p>\n","protected":false},"excerpt":{"rendered":"<p>La agencia AP ha difundido una imagen del hombre armado detenido este s\u00e1bado por los Servicios de Seguridad tras el incidente vivido en el hotel Washington Hilton, durante la Cena de la Asociaci\u00f3n de Corresponsales de la Casa Blanca, cuando el presidente de EE.UU., Donald Trump, tuvo que ser evacuado a toda prisa del escenario [&hellip;]<\/p>\n","protected":false},"author":2,"featured_media":128586,"comment_status":"open","ping_status":"closed","sticky":false,"template":"","format":"standard","meta":{"footnotes":""},"categories":[6],"tags":[],"class_list":["post-128585","post","type-post","status-publish","format-standard","has-post-thumbnail","hentry","category-internacionales"],"_links":{"self":[{"href":"https:\/\/enfoquenoticioso.com\/index.php?rest_route=\/wp\/v2\/posts\/128585","targetHints":{"allow":["GET"]}}],"collection":[{"href":"https:\/\/enfoquenoticioso.com\/index.php?rest_route=\/wp\/v2\/posts"}],"about":[{"href":"https:\/\/enfoquenoticioso.com\/index.php?rest_route=\/wp\/v2\/types\/post"}],"author":[{"embeddable":true,"href":"https:\/\/enfoquenoticioso.com\/index.php?rest_route=\/wp\/v2\/users\/2"}],"replies":[{"embeddable":true,"href":"https:\/\/enfoquenoticioso.com\/index.php?rest_route=%2Fwp%2Fv2%2Fcomments&post=128585"}],"version-history":[{"count":0,"href":"https:\/\/enfoquenoticioso.com\/index.php?rest_route=\/wp\/v2\/posts\/128585\/revisions"}],"wp:featuredmedia":[{"embeddable":true,"href":"https:\/\/enfoquenoticioso.com\/index.php?rest_route=\/wp\/v2\/media\/128586"}],"wp:attachment":[{"href":"https:\/\/enfoquenoticioso.com\/index.php?rest_route=%2Fwp%2Fv2%2Fmedia&parent=128585"}],"wp:term":[{"taxonomy":"category","embeddable":true,"href":"https:\/\/enfoquenoticioso.com\/index.php?rest_route=%2Fwp%2Fv2%2Fcategories&post=128585"},{"taxonomy":"post_tag","embeddable":true,"href":"https:\/\/enfoquenoticioso.com\/index.php?rest_route=%2Fwp%2Fv2%2Ftags&post=128585"}],"curies":[{"name":"wp","href":"https:\/\/api.w.org\/{rel}","templated":true}]}}