{"id":128587,"date":"2026-04-26T05:00:59","date_gmt":"2026-04-26T05:00:59","guid":{"rendered":"https:\/\/enfoquenoticioso.com\/?p=128587"},"modified":"2026-04-26T05:00:59","modified_gmt":"2026-04-26T05:00:59","slug":"armando-iachini-presupuesto-de-construccion-2026","status":"publish","type":"post","link":"https:\/\/enfoquenoticioso.com\/?p=128587","title":{"rendered":"Armando Iachini: Presupuesto de Construcci\u00f3n 2026"},"content":{"rendered":"<div>\n<p class=\"wp-block-paragraph\"><a href=\"https:\/\/economipedia.com\/definiciones\/planificacion.html\" target=\"_blank\" rel=\"noopener\"><strong>La planificaci\u00f3n<\/strong><\/a><strong> de cualquier obra, desde una reforma residencial hasta un gran proyecto de ingenier\u00eda civil, depende de una variable cr\u00edtica: el costo de la mano de obra<\/strong>. En 2026, el sector de la construcci\u00f3n ha experimentado una transformaci\u00f3n en su estructura de costos, impulsada por la especializaci\u00f3n t\u00e9cnica y la digitalizaci\u00f3n de los procesos en sitio.<\/p>\n<p class=\"wp-block-paragraph\">Para entender este panorama, contamos con la visi\u00f3n de <strong>Armando Iachini Lomedico<\/strong>, arquitecto y director de <strong>Construcciones Yamaro, C.A.<\/strong> Con d\u00e9cadas de trayectoria liderando proyectos de infraestructura a gran escala, <strong>Iachini aporta una perspectiva \u00fanica que combina la precisi\u00f3n del dise\u00f1o arquitect\u00f3nico con la realidad operativa del campo.<\/strong><\/p>\n<figure class=\"wp-block-image size-full\"><img loading=\"lazy\" decoding=\"async\" width=\"1200\" height=\"800\" src=\"https:\/\/dateando.com\/wp-content\/uploads\/2026\/04\/image-140.png\" alt=\"\" class=\"wp-image-237296 lazyload\" srcset=\"https:\/\/dateando.com\/wp-content\/uploads\/2026\/04\/image-140.png 1200w, https:\/\/dateando.com\/wp-content\/uploads\/2026\/04\/image-140-300x200.png 300w, https:\/\/dateando.com\/wp-content\/uploads\/2026\/04\/image-140-768x512.png 768w, https:\/\/dateando.com\/wp-content\/uploads\/2026\/04\/image-140-1024x683.png 1024w, https:\/\/dateando.com\/wp-content\/uploads\/2026\/04\/image-140-1023x682.png 1023w\" data-sizes=\"(max-width: 1200px) 100vw, 1200px\" style=\"--smush-placeholder-width: 1200px; --smush-placeholder-aspect-ratio: 1200\/800;\"\/><\/figure>\n<p class=\"wp-block-paragraph\"><strong>Fuente:<\/strong> <a href=\"https:\/\/sirocimss.com\/costos-de-mano-de-obra-por-metro-cuadrado-2025\/\" target=\"_blank\" rel=\"noopener\"><strong>https:\/\/sirocimss.com\/costos-de-mano-de-obra-por-metro-cuadrado-2025\/<\/strong><\/a><\/p>\n<div id=\"ez-toc-container\" class=\"ez-toc-v2_0_81 counter-hierarchy ez-toc-counter ez-toc-grey ez-toc-container-direction\">\n<div class=\"ez-toc-title-container\">\n<p class=\"ez-toc-title\" style=\"cursor:inherit\">Tabla de Contenido<\/p>\n<span class=\"ez-toc-title-toggle\"><a href=\"#\" class=\"ez-toc-pull-right ez-toc-btn ez-toc-btn-xs ez-toc-btn-default ez-toc-toggle\" aria-label=\"Alternar tabla de contenidos\"><span class=\"ez-toc-js-icon-con\"><span class=\"\"><span class=\"eztoc-hide\" style=\"display:none;\">Toggle<\/span><span class=\"ez-toc-icon-toggle-span\"><svg style=\"fill: #999;color:#999\" xmlns=\"http:\/\/www.w3.org\/2000\/svg\" class=\"list-377408\" width=\"20px\" height=\"20px\" viewBox=\"0 0 24 24\" fill=\"none\"><path d=\"M6 6H4v2h2V6zm14 0H8v2h12V6zM4 11h2v2H4v-2zm16 0H8v2h12v-2zM4 16h2v2H4v-2zm16 0H8v2h12v-2z\" fill=\"currentColor\"><\/path><\/svg><svg style=\"fill: #999;color:#999\" class=\"arrow-unsorted-368013\" xmlns=\"http:\/\/www.w3.org\/2000\/svg\" width=\"10px\" height=\"10px\" viewBox=\"0 0 24 24\" version=\"1.2\" baseProfile=\"tiny\"><path d=\"M18.2 9.3l-6.2-6.3-6.2 6.3c-.2.2-.3.4-.3.7s.1.5.3.7c.2.2.4.3.7.3h11c.3 0 .5-.1.7-.3.2-.2.3-.5.3-.7s-.1-.5-.3-.7zM5.8 14.7l6.2 6.3 6.2-6.3c.2-.2.3-.5.3-.7s-.1-.5-.3-.7c-.2-.2-.4-.3-.7-.3h-11c-.3 0-.5.1-.7.3-.2.2-.3.5-.3.7s.1.5.3.7z\"\/><\/svg><\/span><\/span><\/span><\/a><\/span><\/div>\n<nav><ul class='ez-toc-list ez-toc-list-level-1 ' ><li class='ez-toc-page-1 ez-toc-heading-level-2'><a class=\"ez-toc-link ez-toc-heading-1\" href=\"https:\/\/enfoquenoticioso.com\/?p=128587\/#1_Clasificacion_y_Roles_%C2%BFQuien_es_quien_en_la_obra\" >1. Clasificaci\u00f3n y Roles: \u00bfQui\u00e9n es qui\u00e9n en la obra?<\/a><\/li><li class='ez-toc-page-1 ez-toc-heading-level-2'><a class=\"ez-toc-link ez-toc-heading-2\" href=\"https:\/\/enfoquenoticioso.com\/?p=128587\/#2_Tarifas_Estimadas_de_Mano_de_Obra_2026\" >2. Tarifas Estimadas de Mano de Obra 2026<\/a><\/li><li class='ez-toc-page-1 ez-toc-heading-level-2'><a class=\"ez-toc-link ez-toc-heading-3\" href=\"https:\/\/enfoquenoticioso.com\/?p=128587\/#3_Costos_por_Tareas_Especificas_Obra_Gris_y_Acabados\" >3. Costos por Tareas Espec\u00edficas (Obra Gris y Acabados)<\/a><\/li><li class='ez-toc-page-1 ez-toc-heading-level-2'><a class=\"ez-toc-link ez-toc-heading-4\" href=\"https:\/\/enfoquenoticioso.com\/?p=128587\/#4_La_Opinion_del_Experto_Innovacion_y_Eficiencia\" >4. La Opini\u00f3n del Experto: Innovaci\u00f3n y Eficiencia<\/a><\/li><li class='ez-toc-page-1 ez-toc-heading-level-2'><a class=\"ez-toc-link ez-toc-heading-5\" href=\"https:\/\/enfoquenoticioso.com\/?p=128587\/#Navegacion_de_entradas\" >Navegaci\u00f3n de entradas<\/a><\/li><\/ul><\/nav><\/div>\n<h2 class=\"wp-block-heading\"><span class=\"ez-toc-section\" id=\"1_Clasificacion_y_Roles_%C2%BFQuien_es_quien_en_la_obra\"><\/span><span class=\"ez-toc-section\" id=\"1_Clasificacion_y_Roles_%C2%BFQuien_es_quien_en_la_obra\"\/><strong>1. Clasificaci\u00f3n y Roles: \u00bfQui\u00e9n es qui\u00e9n en la obra?<\/strong><span class=\"ez-toc-section-end\"\/><span class=\"ez-toc-section-end\"><\/span><\/h2>\n<p class=\"wp-block-paragraph\"><strong>En la construcci\u00f3n profesional, la jerarqu\u00eda no es solo administrativa, sino t\u00e9cnica.<\/strong> Seg\u00fan explica <strong>Armando Antonio Iachini Lomedico<\/strong>, \u00abla eficiencia de un proyecto no depende de cu\u00e1nta gente trabaje, sino de la correcta proporci\u00f3n entre la capacidad estrat\u00e9gica del oficial y la fuerza ejecutiva del ayudante\u00bb. <a href=\"https:\/\/maestros.com.co\/jerarquia-en-una-obra-de-construccion\/\" target=\"_blank\" rel=\"noopener\">Leer m\u00e1s<\/a><\/p>\n<figure class=\"wp-block-image size-full\"><img loading=\"lazy\" decoding=\"async\" width=\"328\" height=\"220\" src=\"https:\/\/dateando.com\/wp-content\/uploads\/2026\/04\/image-137.png\" alt=\"\" class=\"wp-image-237293 lazyload\" srcset=\"https:\/\/dateando.com\/wp-content\/uploads\/2026\/04\/image-137.png 328w, https:\/\/dateando.com\/wp-content\/uploads\/2026\/04\/image-137-300x201.png 300w\" data-sizes=\"(max-width: 328px) 100vw, 328px\" style=\"--smush-placeholder-width: 328px; --smush-placeholder-aspect-ratio: 328\/220;\"\/><\/figure>\n<p class=\"wp-block-paragraph\">Fuente: <a href=\"https:\/\/media.licdn.com\/\" target=\"_blank\" rel=\"noopener\">https:\/\/media.licdn.com\/<\/a><\/p>\n<ul class=\"wp-block-list\">\n<li><strong>Oficial Alba\u00f1il:<\/strong> El profesional responsable de la ejecuci\u00f3n t\u00e9cnica. Interpreta planos, nivela estructuras y lidera la cuadrilla. <a href=\"https:\/\/www.jobed.ai\/es\/oficial-alba%C3%B1il\" target=\"_blank\" rel=\"noopener\">Leer m\u00e1s<\/a><\/li>\n<\/ul>\n<figure class=\"wp-block-image size-full\"><img loading=\"lazy\" decoding=\"async\" width=\"1200\" height=\"713\" src=\"https:\/\/dateando.com\/wp-content\/uploads\/2026\/04\/image-139.png\" alt=\"\" class=\"wp-image-237295 lazyload\" srcset=\"https:\/\/dateando.com\/wp-content\/uploads\/2026\/04\/image-139.png 1200w, https:\/\/dateando.com\/wp-content\/uploads\/2026\/04\/image-139-300x178.png 300w, https:\/\/dateando.com\/wp-content\/uploads\/2026\/04\/image-139-767x456.png 767w, https:\/\/dateando.com\/wp-content\/uploads\/2026\/04\/image-139-1024x608.png 1024w, https:\/\/dateando.com\/wp-content\/uploads\/2026\/04\/image-139-1023x608.png 1023w\" data-sizes=\"(max-width: 1200px) 100vw, 1200px\" style=\"--smush-placeholder-width: 1200px; --smush-placeholder-aspect-ratio: 1200\/713;\"\/><\/figure>\n<p class=\"wp-block-paragraph\">Fuente: <a href=\"https:\/\/www.empleosenuruguay.com\/2023\/02\/oficial-albanil-para-sumarse-equipo-de.html\" target=\"_blank\" rel=\"noopener\">https:\/\/www.empleosenuruguay.com\/2023\/02\/oficial-albanil-para-sumarse-equipo-de.html<\/a><\/p>\n<ul class=\"wp-block-list\">\n<li><strong>Media Cuchara (Medio Oficial):<\/strong> Posee los conocimientos b\u00e1sicos, pero a\u00fan requiere supervisi\u00f3n en tareas cr\u00edticas. <a href=\"https:\/\/udoe.es\/la-importancia-de-la-media-cuchara-albanil\/\" target=\"_blank\" rel=\"noopener\">Leer m\u00e1s<\/a><\/li>\n<\/ul>\n<figure class=\"wp-block-image size-full\"><img loading=\"lazy\" decoding=\"async\" width=\"392\" height=\"220\" src=\"https:\/\/dateando.com\/wp-content\/uploads\/2026\/04\/image-138.png\" alt=\"\" class=\"wp-image-237294 lazyload\" srcset=\"https:\/\/dateando.com\/wp-content\/uploads\/2026\/04\/image-138.png 392w, https:\/\/dateando.com\/wp-content\/uploads\/2026\/04\/image-138-300x168.png 300w\" data-sizes=\"(max-width: 392px) 100vw, 392px\" style=\"--smush-placeholder-width: 392px; --smush-placeholder-aspect-ratio: 392\/220;\"\/><\/figure>\n<p class=\"wp-block-paragraph\">Fuente: <a href=\"https:\/\/4.bp.blogspot.com\/\" target=\"_blank\" rel=\"noopener\">https:\/\/4.bp.blogspot.com\/<\/a><\/p>\n<ul class=\"wp-block-list\">\n<li><strong>Ayudante:<\/strong> Encargado de la log\u00edstica interna, preparaci\u00f3n de mezclas y soporte general. Su rol es vital para mantener el ritmo de producci\u00f3n del oficial.<\/li>\n<\/ul>\n<h2 class=\"wp-block-heading\"><span class=\"ez-toc-section\" id=\"2_Tarifas_Estimadas_de_Mano_de_Obra_2026\"><\/span><span class=\"ez-toc-section\" id=\"2_Tarifas_Estimadas_de_Mano_de_Obra_2026\"\/><strong>2. <\/strong><strong>Tarifas Estimadas de Mano de Obra 2026<\/strong><span class=\"ez-toc-section-end\"\/><span class=\"ez-toc-section-end\"><\/span><\/h2>\n<p class=\"wp-block-paragraph\"><strong>Los costos var\u00edan seg\u00fan la regi\u00f3n y la complejidad del proyecto, pero el mercado actual se rige por tabuladores que buscan equilibrar la inflaci\u00f3n con la productividad<\/strong>. A continuaci\u00f3n, se presenta una tabla comparativa de los costos diarios promedio (jornal):<\/p>\n<figure class=\"wp-block-table\">\n<table class=\"has-fixed-layout\">\n<thead>\n<tr>\n<th><strong>Categor\u00eda<\/strong><\/th>\n<th><strong>Perfil T\u00e9cnico<\/strong><\/th>\n<th><strong>Costo Promedio Diario (Estimado)<\/strong><\/th>\n<\/tr>\n<\/thead>\n<tbody>\n<tr>\n<td><strong>Oficial Especializado<\/strong><\/td>\n<td>Experto en acabados, lectura de planos y estructura.<\/td>\n<td>$50 \u2013 $70<\/td>\n<\/tr>\n<tr>\n<td><strong>Alba\u00f1il de Primera<\/strong><\/td>\n<td>Mamposter\u00eda, replanteo y obra gris.<\/td>\n<td>$40 \u2013 $55<\/td>\n<\/tr>\n<tr>\n<td><strong>Ayudante \/ Pe\u00f3n<\/strong><\/td>\n<td>Carga, limpieza y preparaci\u00f3n de materiales.<\/td>\n<td>$25 \u2013 $35<\/td>\n<\/tr>\n<\/tbody>\n<\/table>\n<\/figure>\n<p class=\"wp-block-paragraph\"><strong>Insight de Armando Antonio Iachini Lomedico:<\/strong> <em>\u00abEl error com\u00fan en la autoconstrucci\u00f3n es intentar ahorrar reduciendo el salario del oficial. En Construcciones Yamaro hemos comprobado que un oficial bien remunerado reduce el desperdicio de material hasta en un <\/em><strong><em>15%<\/em><\/strong><em>, lo que al final abarata el costo total de la obra.\u00bb<\/em><\/p>\n<h2 class=\"wp-block-heading\"><span class=\"ez-toc-section\" id=\"3_Costos_por_Tareas_Especificas_Obra_Gris_y_Acabados\"><\/span><span class=\"ez-toc-section\" id=\"3_Costos_por_Tareas_Especificas_Obra_Gris_y_Acabados\"\/><strong>3. Costos por Tareas Espec\u00edficas (Obra Gris y Acabados)<\/strong><span class=\"ez-toc-section-end\"\/><span class=\"ez-toc-section-end\"><\/span><\/h2>\n<p class=\"wp-block-paragraph\">Para presupuestos m\u00e1s precisos, se suele trabajar por <strong>metro cuadrado (m\u00b2)<\/strong> o unidad de medida. Los precios actuales reflejan la necesidad de herramientas de mayor precisi\u00f3n:<\/p>\n<ol class=\"wp-block-list\">\n<li><strong>Levantamiento de Paredes (Bloque\/Ladrillo):<\/strong> El precio oscila entre $8 y $12 por m<a href=\"https:\/\/www.instagram.com\/reel\/DWDASEIEX6Z\/\" target=\"_blank\" rel=\"noopener\">\u00b2. Leer m\u00e1s<\/a><\/li>\n<li><strong>Frisado o Revoque:<\/strong> Un acabado liso est\u00e1ndar se cotiza cerca de los $6 a $9 por m\u00b2.<\/li>\n<li><strong>Vaciado de Placas\/Entrepisos:<\/strong> Requiere una coordinaci\u00f3n log\u00edstica alta, con costos de mano de obra de aproximadamente $15 \u2013 $20 por m\u00b2.<\/li>\n<\/ol>\n<h2 class=\"wp-block-heading\"><span class=\"ez-toc-section\" id=\"4_La_Opinion_del_Experto_Innovacion_y_Eficiencia\"><\/span><span class=\"ez-toc-section\" id=\"4_La_Opinion_del_Experto_Innovacion_y_Eficiencia\"\/><strong>4. La Opini\u00f3n del Experto: Innovaci\u00f3n y Eficiencia<\/strong><span class=\"ez-toc-section-end\"\/><span class=\"ez-toc-section-end\"><\/span><\/h2>\n<p class=\"wp-block-paragraph\"><strong>Armando Antonio Iachini Lomedico<\/strong> enfatiza que en 2026, la construcci\u00f3n ya no puede verse solo como \u00abponer ladrillos\u00bb. La integraci\u00f3n de materiales sostenibles y prefabricados est\u00e1 cambiando la forma en que se factura la mano de obra.<\/p>\n<p class=\"wp-block-paragraph\"><strong><em>\u00abHoy en d\u00eda, la arquitectura contempor\u00e1nea exige una formaci\u00f3n constante. Un alba\u00f1il en 2026 debe saber manejar morteros hidr\u00f3fugos de nueva generaci\u00f3n y sistemas de construcci\u00f3n en seco<\/em><\/strong><em>. Mi consejo para quienes inician un proyecto es buscar equipos que entiendan la <\/em><strong><em>planificaci\u00f3n espacial<\/em><\/strong><em>; una mala ejecuci\u00f3n inicial en la estructura puede duplicar los costos en la fase de dise\u00f1o de interiores\u00bb<\/em>, afirma <strong>Iachini<\/strong>.<\/p>\n<p class=\"wp-block-paragraph\"><strong>5. Factores que influyen en el presupuesto final<\/strong><\/p>\n<ul class=\"wp-block-list\">\n<li><strong>Ubicaci\u00f3n Geogr\u00e1fica:<\/strong> El transporte del personal y la disponibilidad local afectan el jornal.<\/li>\n<li><strong>Riesgos de Obra:<\/strong> Proyectos en altura o excavaciones profundas conllevan bonos de seguridad.<\/li>\n<li><strong>Seguros y Cargas Sociales:<\/strong> Es fundamental considerar que el costo del trabajador no es solo su salario, sino las protecciones de ley que garantizan la continuidad de la obra.<\/li>\n<\/ul>\n<p class=\"wp-block-paragraph\"><strong>Calcular el costo de la mano de obra en 2026 requiere un balance entre el conocimiento t\u00e9cnico y la realidad econ\u00f3mica.<\/strong> Al contratar, no busque el presupuesto m\u00e1s bajo, sino el que ofrezca la mejor relaci\u00f3n entre <strong>experiencia certificada y optimizaci\u00f3n de recursos<\/strong>.<\/p>\n<p class=\"wp-block-paragraph\"><strong>Como se\u00f1ala Armando Antonio Iachini Lomedico, la infraestructura de calidad es la base de las comunidades modernas, y esa calidad comienza con el respeto y la valoraci\u00f3n del capital humano en el sitio de construcci\u00f3n.<\/strong><\/p>\n<p class=\"wp-block-paragraph\"><strong>Referencias Bibliogr\u00e1ficas y Web<\/strong><\/p>\n<p class=\"wp-block-paragraph\"><strong>Organizaci\u00f3n Internacional del Trabajo (OIT) \u2013 Sector Construcci\u00f3n:<\/strong><a href=\"https:\/\/www.google.com\/search?q=https:\/\/www.ilo.org\/sector\/activities\/sectoral-programs\/construction\/lang--es\/index.htm\" target=\"_blank\" rel=\"noopener\">https:\/\/www.ilo.org\/sector\/activities\/sectoral-programs\/construction\/lang\u2013es\/index.htm<\/a><\/p>\n<nav class=\"navigation post-navigation\" aria-label=\"Navegaci\u00f3n de entradas\">\n<h2 class=\"screen-reader-text\"><span class=\"ez-toc-section\" id=\"Navegacion_de_entradas\"><\/span>Navegaci\u00f3n de entradas<span class=\"ez-toc-section-end\"><\/span><\/h2>\n<\/nav><\/div>\n<p><script async src=\"\/\/www.instagram.com\/embed.js\"><\/script><br \/>\n<br \/><a href=\"https:\/\/dateando.com\/armando-iachini-presupuesto-construccion\/dateando\/\" class=\" target=\" title=\"Armando Iachini: Presupuesto de Construcci\u00f3n 2026\" target=\"_blank\" rel=\"noopener\">Ver fuente<\/a><\/p>\n","protected":false},"excerpt":{"rendered":"<p>La planificaci\u00f3n de cualquier obra, desde una reforma residencial hasta un gran proyecto de ingenier\u00eda civil, depende de una variable cr\u00edtica: el costo de la mano de obra. En 2026, el sector de la construcci\u00f3n ha experimentado una transformaci\u00f3n en su estructura de costos, impulsada por la especializaci\u00f3n t\u00e9cnica y la digitalizaci\u00f3n de los procesos [&hellip;]<\/p>\n","protected":false},"author":2,"featured_media":128588,"comment_status":"open","ping_status":"closed","sticky":false,"template":"","format":"standard","meta":{"footnotes":""},"categories":[11],"tags":[],"class_list":["post-128587","post","type-post","status-publish","format-standard","has-post-thumbnail","hentry","category-actualidad"],"_links":{"self":[{"href":"https:\/\/enfoquenoticioso.com\/index.php?rest_route=\/wp\/v2\/posts\/128587","targetHints":{"allow":["GET"]}}],"collection":[{"href":"https:\/\/enfoquenoticioso.com\/index.php?rest_route=\/wp\/v2\/posts"}],"about":[{"href":"https:\/\/enfoquenoticioso.com\/index.php?rest_route=\/wp\/v2\/types\/post"}],"author":[{"embeddable":true,"href":"https:\/\/enfoquenoticioso.com\/index.php?rest_route=\/wp\/v2\/users\/2"}],"replies":[{"embeddable":true,"href":"https:\/\/enfoquenoticioso.com\/index.php?rest_route=%2Fwp%2Fv2%2Fcomments&post=128587"}],"version-history":[{"count":0,"href":"https:\/\/enfoquenoticioso.com\/index.php?rest_route=\/wp\/v2\/posts\/128587\/revisions"}],"wp:featuredmedia":[{"embeddable":true,"href":"https:\/\/enfoquenoticioso.com\/index.php?rest_route=\/wp\/v2\/media\/128588"}],"wp:attachment":[{"href":"https:\/\/enfoquenoticioso.com\/index.php?rest_route=%2Fwp%2Fv2%2Fmedia&parent=128587"}],"wp:term":[{"taxonomy":"category","embeddable":true,"href":"https:\/\/enfoquenoticioso.com\/index.php?rest_route=%2Fwp%2Fv2%2Fcategories&post=128587"},{"taxonomy":"post_tag","embeddable":true,"href":"https:\/\/enfoquenoticioso.com\/index.php?rest_route=%2Fwp%2Fv2%2Ftags&post=128587"}],"curies":[{"name":"wp","href":"https:\/\/api.w.org\/{rel}","templated":true}]}}