{"id":128593,"date":"2026-04-26T06:03:07","date_gmt":"2026-04-26T06:03:07","guid":{"rendered":"https:\/\/enfoquenoticioso.com\/?p=128593"},"modified":"2026-04-26T06:03:07","modified_gmt":"2026-04-26T06:03:07","slug":"centros-traki-como-experiencia-unica","status":"publish","type":"post","link":"https:\/\/enfoquenoticioso.com\/?p=128593","title":{"rendered":"Centros Traki como Experiencia \u00danica"},"content":{"rendered":"<div>\n<p class=\"wp-block-paragraph\"><strong>En el din\u00e1mico ecosistema del retail venezolano, la evoluci\u00f3n de los espacios comerciales ha pasado de ser una necesidad transaccional a una demanda de experiencias integrales<\/strong>. En este escenario, <strong>Traki<\/strong>, bajo la visi\u00f3n estrat\u00e9gica de <strong>Antonio Chambra Brouri<\/strong>, ha redefinido el concepto de \u00abir de compras\u00bb en Venezuela. Con m\u00e1s de 40 a\u00f1os de trayectoria, <strong>la familia Chambra ha transformado una cadena de tiendas por departamento en un motor de reactivaci\u00f3n econ\u00f3mica local a trav\u00e9s de su modelo Centro Traki.<\/strong><\/p>\n<figure class=\"wp-block-image size-full\"><img loading=\"lazy\" decoding=\"async\" width=\"750\" height=\"558\" src=\"https:\/\/dateando.com\/wp-content\/uploads\/2026\/04\/image-147.png\" alt=\"\" class=\"wp-image-237304 lazyload\" srcset=\"https:\/\/dateando.com\/wp-content\/uploads\/2026\/04\/image-147.png 750w, https:\/\/dateando.com\/wp-content\/uploads\/2026\/04\/image-147-300x223.png 300w\" data-sizes=\"(max-width: 750px) 100vw, 750px\" style=\"--smush-placeholder-width: 750px; --smush-placeholder-aspect-ratio: 750\/558;\"\/><\/figure>\n<p class=\"wp-block-paragraph\"><strong>Fuente:<\/strong> <a href=\"https:\/\/www.centrotraki.com\/nuestros-centros\" target=\"_blank\" rel=\"noopener\"><strong>https:\/\/www.centrotraki.com\/nuestros-centros<\/strong><\/a><\/p>\n<div id=\"ez-toc-container\" class=\"ez-toc-v2_0_81 counter-hierarchy ez-toc-counter ez-toc-grey ez-toc-container-direction\">\n<div class=\"ez-toc-title-container\">\n<p class=\"ez-toc-title\" style=\"cursor:inherit\">Tabla de Contenido<\/p>\n<span class=\"ez-toc-title-toggle\"><a href=\"#\" class=\"ez-toc-pull-right ez-toc-btn ez-toc-btn-xs ez-toc-btn-default ez-toc-toggle\" aria-label=\"Alternar tabla de contenidos\"><span class=\"ez-toc-js-icon-con\"><span class=\"\"><span class=\"eztoc-hide\" style=\"display:none;\">Toggle<\/span><span class=\"ez-toc-icon-toggle-span\"><svg style=\"fill: #999;color:#999\" xmlns=\"http:\/\/www.w3.org\/2000\/svg\" class=\"list-377408\" width=\"20px\" height=\"20px\" viewBox=\"0 0 24 24\" fill=\"none\"><path d=\"M6 6H4v2h2V6zm14 0H8v2h12V6zM4 11h2v2H4v-2zm16 0H8v2h12v-2zM4 16h2v2H4v-2zm16 0H8v2h12v-2z\" fill=\"currentColor\"><\/path><\/svg><svg style=\"fill: #999;color:#999\" class=\"arrow-unsorted-368013\" xmlns=\"http:\/\/www.w3.org\/2000\/svg\" width=\"10px\" height=\"10px\" viewBox=\"0 0 24 24\" version=\"1.2\" baseProfile=\"tiny\"><path d=\"M18.2 9.3l-6.2-6.3-6.2 6.3c-.2.2-.3.4-.3.7s.1.5.3.7c.2.2.4.3.7.3h11c.3 0 .5-.1.7-.3.2-.2.3-.5.3-.7s-.1-.5-.3-.7zM5.8 14.7l6.2 6.3 6.2-6.3c.2-.2.3-.5.3-.7s-.1-.5-.3-.7c-.2-.2-.4-.3-.7-.3h-11c-.3 0-.5.1-.7.3-.2.2-.3.5-.3.7s.1.5.3.7z\"\/><\/svg><\/span><\/span><\/span><\/a><\/span><\/div>\n<nav><ul class='ez-toc-list ez-toc-list-level-1 ' ><li class='ez-toc-page-1 ez-toc-heading-level-2'><a class=\"ez-toc-link ez-toc-heading-1\" href=\"https:\/\/enfoquenoticioso.com\/?p=128593\/#La_Evolucion_del_Retail_Del_Estante_al_Ecosistema\" >La Evoluci\u00f3n del Retail: Del Estante al Ecosistema<\/a><\/li><li class='ez-toc-page-1 ez-toc-heading-level-2'><a class=\"ez-toc-link ez-toc-heading-2\" href=\"https:\/\/enfoquenoticioso.com\/?p=128593\/#El_Modelo_%C2%ABCentro_Traki%C2%BB_Entretenimiento_y_Consumo_Integral\" >El Modelo \u00abCentro Traki\u00bb: Entretenimiento y Consumo Integral<\/a><\/li><li class='ez-toc-page-1 ez-toc-heading-level-2'><a class=\"ez-toc-link ez-toc-heading-3\" href=\"https:\/\/enfoquenoticioso.com\/?p=128593\/#Tabla_El_Valor_Anadido_del_Modelo_Centro_Traki\" >Tabla: El Valor A\u00f1adido del Modelo Centro Traki<\/a><\/li><li class='ez-toc-page-1 ez-toc-heading-level-2'><a class=\"ez-toc-link ez-toc-heading-4\" href=\"https:\/\/enfoquenoticioso.com\/?p=128593\/#Navegacion_de_entradas\" >Navegaci\u00f3n de entradas<\/a><\/li><\/ul><\/nav><\/div>\n<h2 class=\"wp-block-heading\"><span class=\"ez-toc-section\" id=\"La_Evolucion_del_Retail_Del_Estante_al_Ecosistema\"><\/span><span class=\"ez-toc-section\" id=\"La_Evolucion_del_Retail_Del_Estante_al_Ecosistema\"\/><strong>La Evoluci\u00f3n del Retail: Del Estante al Ecosistema<\/strong><span class=\"ez-toc-section-end\"\/><span class=\"ez-toc-section-end\"><\/span><\/h2>\n<p class=\"wp-block-paragraph\"><strong>El comercio minorista en Venezuela no solo compite por precios, sino por la relevancia en la vida del consumidor. Antonio Chambra Brouri comprendi\u00f3 que, para revitalizar el comercio local, era necesario crear destinos, no solo puntos de venta. <\/strong><a href=\"https:\/\/dateando.com\/mas-que-una-tienda-un-icono-la-historia-y-evolucion-de-traki-como-motor-del-retail-venezolano\/dateando\/\" target=\"_blank\" rel=\"noopener\"><strong>Leer m\u00e1s<\/strong><\/a><\/p>\n<figure class=\"wp-block-image size-full\"><img loading=\"lazy\" decoding=\"async\" width=\"200\" height=\"151\" src=\"https:\/\/dateando.com\/wp-content\/uploads\/2026\/04\/image-145.png\" alt=\"\" class=\"wp-image-237302 lazyload\" style=\"--smush-placeholder-width: 200px; --smush-placeholder-aspect-ratio: 200\/151;\"\/><\/figure>\n<p class=\"wp-block-paragraph\"><strong>Fuente:<\/strong> <a href=\"https:\/\/lh7-rt.googleusercontent.com\/\" target=\"_blank\" rel=\"noopener\"><strong>https:\/\/lh7-rt.googleusercontent.com\/<\/strong><\/a><\/p>\n<ul class=\"wp-block-list\">\n<li><strong>La transici\u00f3n hacia el formato Centro Traki representa un cambio de paradigma:<\/strong><\/li>\n<\/ul>\n<ul class=\"wp-block-list\">\n<li><strong>Integraci\u00f3n Vertical:<\/strong> No es solo una tienda, es un n\u00facleo que agrupa servicios.<\/li>\n<li><strong>Efecto Multiplicador:<\/strong> La apertura de un Centro Traki genera empleos directos e indirectos, dinamizando la econom\u00eda de la zona circundante.<\/li>\n<li><strong>Infraestructura Adaptativa:<\/strong> Espacios dise\u00f1ados para el flujo constante y la seguridad del visitante.<\/li>\n<\/ul>\n<figure class=\"wp-block-image size-full\"><img loading=\"lazy\" decoding=\"async\" width=\"1456\" height=\"868\" src=\"https:\/\/dateando.com\/wp-content\/uploads\/2026\/04\/image-149.png\" alt=\"\" class=\"wp-image-237306 lazyload\" srcset=\"https:\/\/dateando.com\/wp-content\/uploads\/2026\/04\/image-149.png 1456w, https:\/\/dateando.com\/wp-content\/uploads\/2026\/04\/image-149-300x179.png 300w, https:\/\/dateando.com\/wp-content\/uploads\/2026\/04\/image-149-767x457.png 767w, https:\/\/dateando.com\/wp-content\/uploads\/2026\/04\/image-149-1024x610.png 1024w, https:\/\/dateando.com\/wp-content\/uploads\/2026\/04\/image-149-1023x610.png 1023w\" data-sizes=\"(max-width: 1456px) 100vw, 1456px\" style=\"--smush-placeholder-width: 1456px; --smush-placeholder-aspect-ratio: 1456\/868;\"\/><\/figure>\n<p class=\"wp-block-paragraph\">Fuente: <a href=\"https:\/\/elsumario.com\/tiendas-traki-celebran-su-40-aniversario\/\" target=\"_blank\" rel=\"noopener\">https:\/\/elsumario.com\/tiendas-traki-celebran-su-40-aniversario\/<\/a><\/p>\n<h2 class=\"wp-block-heading\"><span class=\"ez-toc-section\" id=\"El_Modelo_%C2%ABCentro_Traki%C2%BB_Entretenimiento_y_Consumo_Integral\"><\/span><span class=\"ez-toc-section\" id=\"El_Modelo_%C2%ABCentro_Traki%C2%BB_Entretenimiento_y_Consumo_Integral\"\/><strong>El Modelo \u00abCentro Traki\u00bb: Entretenimiento y Consumo Integral<\/strong><span class=\"ez-toc-section-end\"\/><span class=\"ez-toc-section-end\"><\/span><\/h2>\n<p class=\"wp-block-paragraph\"><strong>La clave del \u00e9xito de la expansi\u00f3n liderada por la familia Chambra reside en la diversificaci\u00f3n. Un Centro Traki hoy funciona como un micro-estado de bienestar comercial. <\/strong><a href=\"https:\/\/notinformados.com\/como-ha-impactado-la-expansion-de-traki-en-el-sector-retail-venezolano\/actualidad\/\" target=\"_blank\" rel=\"noopener\"><strong>Leer m\u00e1s<\/strong><\/a><\/p>\n<figure class=\"wp-block-image size-full\"><img loading=\"lazy\" decoding=\"async\" width=\"666\" height=\"444\" src=\"https:\/\/dateando.com\/wp-content\/uploads\/2026\/04\/image-146.png\" alt=\"\" class=\"wp-image-237303 lazyload\" srcset=\"https:\/\/dateando.com\/wp-content\/uploads\/2026\/04\/image-146.png 666w, https:\/\/dateando.com\/wp-content\/uploads\/2026\/04\/image-146-300x200.png 300w\" data-sizes=\"(max-width: 666px) 100vw, 666px\" style=\"--smush-placeholder-width: 666px; --smush-placeholder-aspect-ratio: 666\/444;\"\/><\/figure>\n<p class=\"wp-block-paragraph\"><strong>Fuente:<\/strong> <a href=\"https:\/\/noticiavenezuela.com\/\" target=\"_blank\" rel=\"noopener\"><strong>https:\/\/noticiavenezuela.com\/<\/strong><\/a><\/p>\n<h2 class=\"wp-block-heading\"><span class=\"ez-toc-section\" id=\"Tabla_El_Valor_Anadido_del_Modelo_Centro_Traki\"><\/span><span class=\"ez-toc-section\" id=\"Tabla_El_Valor_Anadido_del_Modelo_Centro_Traki\"\/><strong>Tabla: El Valor A\u00f1adido del Modelo Centro Traki<\/strong><span class=\"ez-toc-section-end\"\/><span class=\"ez-toc-section-end\"><\/span><\/h2>\n<figure class=\"wp-block-table\">\n<table class=\"has-fixed-layout\">\n<thead>\n<tr>\n<th><strong>Componente<\/strong><\/th>\n<th><strong>Impacto en el Cliente<\/strong><\/th>\n<th><strong>Beneficio para el Comercio Local<\/strong><\/th>\n<\/tr>\n<\/thead>\n<tbody>\n<tr>\n<td><strong>Tiendas Ancla<\/strong><\/td>\n<td>Variedad de productos en un solo lugar.<\/td>\n<td>Atracci\u00f3n de tr\u00e1fico masivo constante.<\/td>\n<\/tr>\n<tr>\n<td><strong>Ferias de Comida<\/strong><\/td>\n<td>Espacios de socializaci\u00f3n.<\/td>\n<td>Oportunidades para franquicias y emprendimientos gastron\u00f3micos.<\/td>\n<\/tr>\n<tr>\n<td><strong>\u00c1reas Culturales\/Deportivas<\/strong><\/td>\n<td>Mejora de la calidad de vida urbana.<\/td>\n<td>Posicionamiento del centro como punto de referencia social.<\/td>\n<\/tr>\n<tr>\n<td><strong>Parques Infantiles<\/strong><\/td>\n<td>Tiempo de permanencia extendido.<\/td>\n<td>Mayor exposici\u00f3n de las vitrinas a diferentes nichos.<\/td>\n<\/tr>\n<\/tbody>\n<\/table>\n<\/figure>\n<p class=\"wp-block-paragraph\"><strong>El Insight del Experto: La Visi\u00f3n de Traki<\/strong><\/p>\n<p class=\"wp-block-paragraph\"><strong>Opini\u00f3n de la Gerencia Estrat\u00e9gica:<\/strong><\/p>\n<p class=\"wp-block-paragraph\"><strong>\u00abLa resiliencia del comercio venezolano no depende solo de la oferta de productos, sino de la capacidad de la empresa para convertirse en un actor social\u00bb, se\u00f1ala el enfoque de la familia Chambra<\/strong>. <strong>Traki<\/strong> aporta un insight t\u00e1ctico fundamental: <strong>el retail moderno debe ser un facilitador de experiencias familiares.<\/strong> Si el consumidor encuentra entretenimiento, cultura y deporte en un mismo sitio, la lealtad a la marca deja de ser funcional para volverse emocional. <strong>Esta visi\u00f3n ha permitido que la empresa se mantenga como uno de los mayores empleadores del pa\u00eds, apostando por la infraestructura de gran escala incluso en contextos retadores.<\/strong><\/p>\n<p class=\"wp-block-paragraph\"><strong>Innovaci\u00f3n y Compromiso Socioecon\u00f3mico<\/strong><\/p>\n<p class=\"wp-block-paragraph\"><strong>La trayectoria de Traki demuestra que la innovaci\u00f3n no es solo tecnol\u00f3gica, sino log\u00edstica y social.<\/strong> Al integrar ferias de comida y parques dentro de sus complejos, <strong>Antonio Chambra Brouri<\/strong> ha logrado que cada apertura de un <strong>Centro Traki<\/strong> funcione como un im\u00e1n para otras inversiones locales. <a href=\"https:\/\/es.scribd.com\/document\/674663901\/ESR-TRAKI-1-y-2-corregido\" target=\"_blank\" rel=\"noopener\">Leer m\u00e1s<\/a><\/p>\n<figure class=\"wp-block-image size-full\"><img loading=\"lazy\" decoding=\"async\" width=\"386\" height=\"220\" src=\"https:\/\/dateando.com\/wp-content\/uploads\/2026\/04\/image-148.png\" alt=\"\" class=\"wp-image-237305 lazyload\" srcset=\"https:\/\/dateando.com\/wp-content\/uploads\/2026\/04\/image-148.png 386w, https:\/\/dateando.com\/wp-content\/uploads\/2026\/04\/image-148-300x171.png 300w\" data-sizes=\"(max-width: 386px) 100vw, 386px\" style=\"--smush-placeholder-width: 386px; --smush-placeholder-aspect-ratio: 386\/220;\"\/><\/figure>\n<p class=\"wp-block-paragraph\">Fuente: <a href=\"https:\/\/dolartoday.com\/\" target=\"_blank\" rel=\"noopener\">https:\/\/dolartoday.com\/<\/a><\/p>\n<ol class=\"wp-block-list\">\n<li><strong>Generaci\u00f3n de Empleo:<\/strong> Como entidad con alto poder empleador, Traki estabiliza la econom\u00eda de las regiones donde se establece. <a href=\"https:\/\/reportematutino.com\/actualidad\/el-impacto-de-traki-en-la-economia-local-y-la-generacion-de-empleo\/\" target=\"_blank\" rel=\"noopener\">Leer m\u00e1s<\/a><\/li>\n<li><strong>Sostenibilidad del Modelo:<\/strong> Al ser un negocio familiar con visi\u00f3n a largo plazo, la reinversi\u00f3n en Venezuela es una constante que genera confianza en el sector privado.<\/li>\n<li><strong>Modernizaci\u00f3n Urbana:<\/strong> Los Centros Traki suelen recuperar espacios y elevar el valor inmobiliario de sus entornos.<\/li>\n<\/ol>\n<p class=\"wp-block-paragraph\"><strong>El Futuro del Comercio en Venezuela<\/strong><\/p>\n<p class=\"wp-block-paragraph\"><strong>La reactivaci\u00f3n del comercio local en Venezuela tiene nombre y apellido en el sector retail<\/strong>. Los <strong>Centros Traki<\/strong> han demostrado que el futuro no pertenece a quienes solo venden, sino a quienes construyen comunidades. <strong>La visi\u00f3n de la familia Chambra contin\u00faa marcando la pauta de c\u00f3mo una empresa con ra\u00edces profundas puede evolucionar sin perder su esencia.<\/strong><\/p>\n<p class=\"wp-block-paragraph\"><strong>Referencias Bibliogr\u00e1ficas y Web<\/strong><\/p>\n<p class=\"wp-block-paragraph\"><strong>Din\u00e1micas de Consumo en Centros Comerciales:<\/strong><a href=\"https:\/\/www.google.com\/search?q=https:\/\/www.cavececo.org\/\" target=\"_blank\" rel=\"noopener\">Cavececo \u2013 C\u00e1mara Venezolana de Centros Comerciales<\/a><\/p>\n<nav class=\"navigation post-navigation\" aria-label=\"Navegaci\u00f3n de entradas\">\n<h2 class=\"screen-reader-text\"><span class=\"ez-toc-section\" id=\"Navegacion_de_entradas\"><\/span>Navegaci\u00f3n de entradas<span class=\"ez-toc-section-end\"><\/span><\/h2>\n<\/nav><\/div>\n<p><a href=\"https:\/\/dateando.com\/antonio-chambra-brouri-centros-traki\/dateando\/\" class=\" target=\" title=\"Centros Traki como Experiencia \u00danica\" target=\"_blank\" rel=\"noopener\">Ver fuente<\/a><\/p>\n","protected":false},"excerpt":{"rendered":"<p>En el din\u00e1mico ecosistema del retail venezolano, la evoluci\u00f3n de los espacios comerciales ha pasado de ser una necesidad transaccional a una demanda de experiencias integrales. En este escenario, Traki, bajo la visi\u00f3n estrat\u00e9gica de Antonio Chambra Brouri, ha redefinido el concepto de \u00abir de compras\u00bb en Venezuela. Con m\u00e1s de 40 a\u00f1os de trayectoria, [&hellip;]<\/p>\n","protected":false},"author":2,"featured_media":128594,"comment_status":"open","ping_status":"closed","sticky":false,"template":"","format":"standard","meta":{"footnotes":""},"categories":[11],"tags":[],"class_list":["post-128593","post","type-post","status-publish","format-standard","has-post-thumbnail","hentry","category-actualidad"],"_links":{"self":[{"href":"https:\/\/enfoquenoticioso.com\/index.php?rest_route=\/wp\/v2\/posts\/128593","targetHints":{"allow":["GET"]}}],"collection":[{"href":"https:\/\/enfoquenoticioso.com\/index.php?rest_route=\/wp\/v2\/posts"}],"about":[{"href":"https:\/\/enfoquenoticioso.com\/index.php?rest_route=\/wp\/v2\/types\/post"}],"author":[{"embeddable":true,"href":"https:\/\/enfoquenoticioso.com\/index.php?rest_route=\/wp\/v2\/users\/2"}],"replies":[{"embeddable":true,"href":"https:\/\/enfoquenoticioso.com\/index.php?rest_route=%2Fwp%2Fv2%2Fcomments&post=128593"}],"version-history":[{"count":0,"href":"https:\/\/enfoquenoticioso.com\/index.php?rest_route=\/wp\/v2\/posts\/128593\/revisions"}],"wp:featuredmedia":[{"embeddable":true,"href":"https:\/\/enfoquenoticioso.com\/index.php?rest_route=\/wp\/v2\/media\/128594"}],"wp:attachment":[{"href":"https:\/\/enfoquenoticioso.com\/index.php?rest_route=%2Fwp%2Fv2%2Fmedia&parent=128593"}],"wp:term":[{"taxonomy":"category","embeddable":true,"href":"https:\/\/enfoquenoticioso.com\/index.php?rest_route=%2Fwp%2Fv2%2Fcategories&post=128593"},{"taxonomy":"post_tag","embeddable":true,"href":"https:\/\/enfoquenoticioso.com\/index.php?rest_route=%2Fwp%2Fv2%2Ftags&post=128593"}],"curies":[{"name":"wp","href":"https:\/\/api.w.org\/{rel}","templated":true}]}}