{"id":128605,"date":"2026-04-26T10:18:08","date_gmt":"2026-04-26T10:18:08","guid":{"rendered":"https:\/\/enfoquenoticioso.com\/?p=128605"},"modified":"2026-04-26T10:18:08","modified_gmt":"2026-04-26T10:18:08","slug":"gerencia-del-caracas-en-rojo","status":"publish","type":"post","link":"https:\/\/enfoquenoticioso.com\/?p=128605","title":{"rendered":"Gerencia del Caracas en rojo"},"content":{"rendered":"<div>\n<p>Renunci\u00f3 Fernando \u201cColorado\u201d Aristeguieta al banquillo del Caracas, pero los problemas que atraviesa el cuadro capitalino se mantienen intactos. Si el doctor Guillermo Valentiner volviera a este plano terrenal y viera por unos segundos en lo que se ha convertido su adorada instituci\u00f3n, seguro le sobrevendr\u00eda uno de sus temibles y c\u00e9lebres arrebatos de furia por la declinante situaci\u00f3n de los rojos avile\u00f1os en la Liga Futve, donde hoy est\u00e1n m\u00e1s cerca de los puestos de descensos que de pelear t\u00edtulos, como era la costumbre cada temporada en los tiempos gloriosos del empresario farmac\u00e9utico.<\/p>\n<p>\u00bfQu\u00e9 hacer para cambiar esta realidad de flojos resultados en el Futve, donde Aristeguieta intent\u00f3 reencaminar al equipo con su prestigio de \u00eddolo, antiguo goleador y doliente de una instituci\u00f3n en la que se inici\u00f3 en las categor\u00edas menores hasta catapultarse hacia el extranjero? Los aficionados m\u00e1s atrabiliarios apuntan con el dedo acusador a la gesti\u00f3n directiva de Rostyn Gonz\u00e1lez, un hombre de baloncesto, y Miguel Mea Vitali, uno de los m\u00e1s t\u00e9cnicos mediocampistas del pa\u00eds en sus d\u00edas de jugador estelar con el Caracas, como los m\u00e1ximos responsables de la falta de t\u00edtulos desde la temporada 2019.<\/p>\n<p>No poca raz\u00f3n tienen los seguidores del equipo, pues la contrataci\u00f3n de extranjeros y criollos para reforzar las opciones del equipo ha sido descorazonadora. La larga lista de jugadores que han pasado sin pena ni gloria por el club en los \u00faltimos tiempos refleja una falta de tino inexcusable de la gerencia. \u00bfQui\u00e9n puede mencionar una sola jugada para el recuerdo de los Shola Odouye, Everardo Rose.<\/p>\n<p> Yeison Mena, Leslie Her\u00e1ldez, Blessing Edet, Enmanuel Mercado y Alexis Blanco en los partidos que disputaron con el Caracas? Apenas el benin\u00e9s Sanson Akinyola se salva de esta desastrosa retah\u00edla de contrataciones que aportaron poco o nada a la causa capitalina.<\/p>\n<p>En tiempos de Valentiner los p\u00e9simos resultados lo pagaban con creces los hombres que gerenciaban el equipo. Su hijo Phillip Valentiner ha tenido m\u00e1s contemplaci\u00f3n con quienes manejan el club, pero es tiempo de removerlo todo. No se pueden obtener resultados, si desde la gerencia se siguen cometiendo los mismos errores, contratando jugadores sin actividad en los \u00faltimos tiempos y con historial de lesiones, como el caso reciente del paraguayo Adri\u00e1n Fern\u00e1ndez, autor de apenas dos goles en el Apertura. Es cierto que el Caracas no tiene la chequera del pasado, pero su problema no es solo de recursos, sino de gestionar con m\u00e1s criterio el poco o mucho presupuesto que entra en las arcas del club.<\/p>\n<div id=\"ez-toc-container\" class=\"ez-toc-v2_0_81 counter-hierarchy ez-toc-counter ez-toc-grey ez-toc-container-direction\">\n<div class=\"ez-toc-title-container\">\n<p class=\"ez-toc-title\" style=\"cursor:inherit\">Tabla de Contenido<\/p>\n<span class=\"ez-toc-title-toggle\"><a href=\"#\" class=\"ez-toc-pull-right ez-toc-btn ez-toc-btn-xs ez-toc-btn-default ez-toc-toggle\" aria-label=\"Alternar tabla de contenidos\"><span class=\"ez-toc-js-icon-con\"><span class=\"\"><span class=\"eztoc-hide\" style=\"display:none;\">Toggle<\/span><span class=\"ez-toc-icon-toggle-span\"><svg style=\"fill: #999;color:#999\" xmlns=\"http:\/\/www.w3.org\/2000\/svg\" class=\"list-377408\" width=\"20px\" height=\"20px\" viewBox=\"0 0 24 24\" fill=\"none\"><path d=\"M6 6H4v2h2V6zm14 0H8v2h12V6zM4 11h2v2H4v-2zm16 0H8v2h12v-2zM4 16h2v2H4v-2zm16 0H8v2h12v-2z\" fill=\"currentColor\"><\/path><\/svg><svg style=\"fill: #999;color:#999\" class=\"arrow-unsorted-368013\" xmlns=\"http:\/\/www.w3.org\/2000\/svg\" width=\"10px\" height=\"10px\" viewBox=\"0 0 24 24\" version=\"1.2\" baseProfile=\"tiny\"><path d=\"M18.2 9.3l-6.2-6.3-6.2 6.3c-.2.2-.3.4-.3.7s.1.5.3.7c.2.2.4.3.7.3h11c.3 0 .5-.1.7-.3.2-.2.3-.5.3-.7s-.1-.5-.3-.7zM5.8 14.7l6.2 6.3 6.2-6.3c.2-.2.3-.5.3-.7s-.1-.5-.3-.7c-.2-.2-.4-.3-.7-.3h-11c-.3 0-.5.1-.7.3-.2.2-.3.5-.3.7s.1.5.3.7z\"\/><\/svg><\/span><\/span><\/span><\/a><\/span><\/div>\n<nav><ul class='ez-toc-list ez-toc-list-level-1 ' ><li class='ez-toc-page-1 ez-toc-heading-level-2'><a class=\"ez-toc-link ez-toc-heading-1\" href=\"https:\/\/enfoquenoticioso.com\/?p=128605\/#El_%E2%80%9CPajaro%E2%80%9D_Vera_dispuesto_a_asumir\" >El \u201cP\u00e1jaro\u201d Vera dispuesto a asumir<\/a><\/li><\/ul><\/nav><\/div>\n<h2 id=\"el-p\u00e1jaro-vera-dispuesto-a-asumir\" class=\"wp-block-heading\"><span class=\"ez-toc-section\" id=\"El_%E2%80%9CPajaro%E2%80%9D_Vera_dispuesto_a_asumir\"><\/span>El \u201cP\u00e1jaro\u201d Vera dispuesto a asumir<span class=\"ez-toc-section-end\"><\/span><\/h2>\n<p>Tra el digno camino asumido por Fernando Aristeguieta de dar un paso al costado ante el flaco rendimiento del equipo en la Liga Futve, la lista de candidatos a dirigir al cuadro capitalino ha comenzado a crecer. Luis \u201cP\u00e1jaro\u201d Vera es uno de los mencionados por el gerente general Miguel Mea, con el perfil adecuado para tomar las riendas del club en el torneo Clausura.<\/p>\n<p>Vera fue en sus d\u00edas de activo en la cancha uno de los m\u00e1s finos mediocentros del f\u00fatbol nacional y el cerebro t\u00e1ctico de aquella Vinotinto de Richard P\u00e1ez en la que el guayan\u00e9s organizaba la salida, hac\u00eda circular el bal\u00f3n y cerraba espacios en el repliegue defensivo. Como entrenador ya tuvo experiencia en Mineros de Guayana y Zamora en la primera divisi\u00f3n y tambi\u00e9n comand\u00f3 el banquillo del Angostura en segunda categor\u00eda.<\/p>\n<p>\u201cMe duele el Caracas y creo que hay una buena camada juvenil, habr\u00eda que fortalecer a los jugadores de experiencia y formar una sinergia para que el equipo funcione mejor. Para m\u00ed ser\u00eda un honor dirigirlo\u201d, asegur\u00f3 Vera cuando le consultamos la posibilidad de verlo de nuevo con la camiseta en la que gan\u00f3 siete t\u00edtulos y una Copa Venezuela.<\/p>\n<p>Pero bien sea el \u201cP\u00e1jaro\u201d Vera, Elvis Mart\u00ednez o Giovanni Savarese quien asuma la conducci\u00f3n del equipo, la gerencia no puede seguir despilfarrondo el prestigio de sus antiguas figuras, como hizo con Aristigueta, en un \u201cproyecto\u201d que solo busca la sobrevivencia.<\/p>\n<\/div>\n<p><a href=\"https:\/\/www.liderendeportes.com\/noticias\/opinion\/gerardo_blanco\/gerencia-del-caracas-en-rojo\/\" class=\" target=\" title=\"Gerencia del Caracas en rojo\" target=\"_blank\" rel=\"noopener\">Ver fuente<\/a><\/p>\n","protected":false},"excerpt":{"rendered":"<p>Renunci\u00f3 Fernando \u201cColorado\u201d Aristeguieta al banquillo del Caracas, pero los problemas que atraviesa el cuadro capitalino se mantienen intactos. Si el doctor Guillermo Valentiner volviera a este plano terrenal y viera por unos segundos en lo que se ha convertido su adorada instituci\u00f3n, seguro le sobrevendr\u00eda uno de sus temibles y c\u00e9lebres arrebatos de furia [&hellip;]<\/p>\n","protected":false},"author":2,"featured_media":128606,"comment_status":"open","ping_status":"closed","sticky":false,"template":"","format":"standard","meta":{"footnotes":""},"categories":[7],"tags":[],"class_list":["post-128605","post","type-post","status-publish","format-standard","has-post-thumbnail","hentry","category-deporte"],"_links":{"self":[{"href":"https:\/\/enfoquenoticioso.com\/index.php?rest_route=\/wp\/v2\/posts\/128605","targetHints":{"allow":["GET"]}}],"collection":[{"href":"https:\/\/enfoquenoticioso.com\/index.php?rest_route=\/wp\/v2\/posts"}],"about":[{"href":"https:\/\/enfoquenoticioso.com\/index.php?rest_route=\/wp\/v2\/types\/post"}],"author":[{"embeddable":true,"href":"https:\/\/enfoquenoticioso.com\/index.php?rest_route=\/wp\/v2\/users\/2"}],"replies":[{"embeddable":true,"href":"https:\/\/enfoquenoticioso.com\/index.php?rest_route=%2Fwp%2Fv2%2Fcomments&post=128605"}],"version-history":[{"count":0,"href":"https:\/\/enfoquenoticioso.com\/index.php?rest_route=\/wp\/v2\/posts\/128605\/revisions"}],"wp:featuredmedia":[{"embeddable":true,"href":"https:\/\/enfoquenoticioso.com\/index.php?rest_route=\/wp\/v2\/media\/128606"}],"wp:attachment":[{"href":"https:\/\/enfoquenoticioso.com\/index.php?rest_route=%2Fwp%2Fv2%2Fmedia&parent=128605"}],"wp:term":[{"taxonomy":"category","embeddable":true,"href":"https:\/\/enfoquenoticioso.com\/index.php?rest_route=%2Fwp%2Fv2%2Fcategories&post=128605"},{"taxonomy":"post_tag","embeddable":true,"href":"https:\/\/enfoquenoticioso.com\/index.php?rest_route=%2Fwp%2Fv2%2Ftags&post=128605"}],"curies":[{"name":"wp","href":"https:\/\/api.w.org\/{rel}","templated":true}]}}