{"id":128611,"date":"2026-04-26T11:47:32","date_gmt":"2026-04-26T11:47:32","guid":{"rendered":"https:\/\/enfoquenoticioso.com\/?p=128611"},"modified":"2026-04-26T11:47:32","modified_gmt":"2026-04-26T11:47:32","slug":"varias-poblaciones-quedaron-incomunicadas-en-venezuela","status":"publish","type":"post","link":"https:\/\/enfoquenoticioso.com\/?p=128611","title":{"rendered":"Varias poblaciones quedaron incomunicadas en Venezuela"},"content":{"rendered":"<div id=\"post-583892\">&#13;<br \/>\n\t\t\t&#13;<\/p>\n<div class=\"entry-thumbnail\">\n<img width=\"777\" height=\"437\" src=\"https:\/\/noticiasaldiayalahora.co\/wp-content\/uploads\/2026\/04\/LLUVIAS-777x437.jpg\" class=\"attachment-content-single size-content-single wp-post-image\" alt=\"\" decoding=\"async\" loading=\"lazy\" srcset=\"https:\/\/noticiasaldiayalahora.co\/wp-content\/uploads\/2026\/04\/LLUVIAS-777x437.jpg 777w, https:\/\/noticiasaldiayalahora.co\/wp-content\/uploads\/2026\/04\/LLUVIAS-300x169.jpg 300w, https:\/\/noticiasaldiayalahora.co\/wp-content\/uploads\/2026\/04\/LLUVIAS-768x432.jpg 768w, https:\/\/noticiasaldiayalahora.co\/wp-content\/uploads\/2026\/04\/LLUVIAS-180x101.jpg 180w, https:\/\/noticiasaldiayalahora.co\/wp-content\/uploads\/2026\/04\/LLUVIAS-260x146.jpg 260w, https:\/\/noticiasaldiayalahora.co\/wp-content\/uploads\/2026\/04\/LLUVIAS-373x210.jpg 373w, https:\/\/noticiasaldiayalahora.co\/wp-content\/uploads\/2026\/04\/LLUVIAS-120x67.jpg 120w, https:\/\/noticiasaldiayalahora.co\/wp-content\/uploads\/2026\/04\/LLUVIAS.jpg 860w\" sizes=\"auto, (max-width: 777px) 100vw, 777px\"\/><\/div>\n<p>\t&#13;<\/p>\n<div class=\"advertisement\">\n<div class=\"sb-widget post-ad\">\n<p style=\"font-size: 10px; color: #999; margin: 0 0 10px 0; text-transform: uppercase; font-family: sans-serif;\">Publicidad \/ Contenido Patrocinado<\/p>\n<\/div><\/div>\n<p>&#13;<\/p>\n<p class=\"entry-meta\">\n<span class=\"entry-meta-author vcard author\">Por: <a class=\"fn\" href=\"https:\/\/noticiasaldiayalahora.co\/author\/redaccion\/\" target=\"_blank\" rel=\"noopener\">Redacci\u00f3n Noticias al Dia y a la Hora<\/a><\/span><br \/>\n<span class=\"entry-meta-date updated\">26 abril, 2026<\/span>\n<\/p>\n<p>\t&#13;<\/p>\n<div class=\"entry-content clearfix\">\n<p>Habitantes del estado Lara se mantienen en situaci\u00f3n de m\u00e1xima alerta debido al incremento dr\u00e1stico del caudal en diversas quebradas y zonas de paso del municipio Mor\u00e1n, a causa de las persistentes lluvias que han ca\u00eddo desde el viernes en la entidad, que han dejado a varias poblaciones incomunicadas por el colapso de las v\u00edas.<span id=\"more-583892\"\/><\/p>\n<p>La potencia de las corrientes se intensific\u00f3 considerablemente al caer la tarde del viernes en la entidad crepuscular. Incluso, la corriente arrastr\u00f3 grandes vol\u00famenes de vegetaci\u00f3n, sedimentos y escombros, seg\u00fan confirmaron testigos presenciales que observaron el avance del lodo y los restos vegetales por las v\u00edas.<\/p>\n<p><iframe loading=\"lazy\" style=\"border: none; overflow: hidden;\" src=\"https:\/\/www.facebook.com\/plugins\/video.php?height=476&amp;href=https%3A%2F%2Fwww.facebook.com%2Freel%2F941129915562227%2F&amp;show_text=true&amp;width=268&amp;t=0\" width=\"268\" height=\"591\" frameborder=\"0\" scrolling=\"no\" allowfullscreen=\"allowfullscreen\"><\/iframe><\/p>\n<p>Medios locales se\u00f1alaron que los sectores de Hato Arriba, Cujizal, Yerbabuena y Barbacoas sufrieron los golpes m\u00e1s fuertes de las lluvias durante el transcurso de la jornada. Los videos difundidos en redes sociales muestran c\u00f3mo la corriente cubri\u00f3 por completo extensas \u00e1reas de siembra y caminos vecinales, afectando el tr\u00e1nsito en la zona productiva.<\/p>\n<div id=\"ez-toc-container\" class=\"ez-toc-v2_0_81 counter-hierarchy ez-toc-counter ez-toc-grey ez-toc-container-direction\">\n<div class=\"ez-toc-title-container\">\n<p class=\"ez-toc-title\" style=\"cursor:inherit\">Tabla de Contenido<\/p>\n<span class=\"ez-toc-title-toggle\"><a href=\"#\" class=\"ez-toc-pull-right ez-toc-btn ez-toc-btn-xs ez-toc-btn-default ez-toc-toggle\" aria-label=\"Alternar tabla de contenidos\"><span class=\"ez-toc-js-icon-con\"><span class=\"\"><span class=\"eztoc-hide\" style=\"display:none;\">Toggle<\/span><span class=\"ez-toc-icon-toggle-span\"><svg style=\"fill: #999;color:#999\" xmlns=\"http:\/\/www.w3.org\/2000\/svg\" class=\"list-377408\" width=\"20px\" height=\"20px\" viewBox=\"0 0 24 24\" fill=\"none\"><path d=\"M6 6H4v2h2V6zm14 0H8v2h12V6zM4 11h2v2H4v-2zm16 0H8v2h12v-2zM4 16h2v2H4v-2zm16 0H8v2h12v-2z\" fill=\"currentColor\"><\/path><\/svg><svg style=\"fill: #999;color:#999\" class=\"arrow-unsorted-368013\" xmlns=\"http:\/\/www.w3.org\/2000\/svg\" width=\"10px\" height=\"10px\" viewBox=\"0 0 24 24\" version=\"1.2\" baseProfile=\"tiny\"><path d=\"M18.2 9.3l-6.2-6.3-6.2 6.3c-.2.2-.3.4-.3.7s.1.5.3.7c.2.2.4.3.7.3h11c.3 0 .5-.1.7-.3.2-.2.3-.5.3-.7s-.1-.5-.3-.7zM5.8 14.7l6.2 6.3 6.2-6.3c.2-.2.3-.5.3-.7s-.1-.5-.3-.7c-.2-.2-.4-.3-.7-.3h-11c-.3 0-.5.1-.7.3-.2.2-.3.5-.3.7s.1.5.3.7z\"\/><\/svg><\/span><\/span><\/span><\/a><\/span><\/div>\n<nav><ul class='ez-toc-list ez-toc-list-level-1 ' ><li class='ez-toc-page-1 ez-toc-heading-level-3'><a class=\"ez-toc-link ez-toc-heading-1\" href=\"https:\/\/enfoquenoticioso.com\/?p=128611\/#PREOCUPACION_EN_HABITANTES_POR_LAS_LLUVIAS\" >PREOCUPACI\u00d3N EN HABITANTES POR LAS LLUVIAS<\/a><\/li><\/ul><\/nav><\/div>\n<h3 id=\"preocupacion-en-habitantes-de-lara-por-las-lluvias\" class=\"rb-heading-index-1-284723\"><span class=\"ez-toc-section\" id=\"PREOCUPACION_EN_HABITANTES_POR_LAS_LLUVIAS\"><\/span>PREOCUPACI\u00d3N EN HABITANTES POR LAS LLUVIAS<span class=\"ez-toc-section-end\"><\/span><\/h3>\n<p><iframe loading=\"lazy\" style=\"border: none; overflow: hidden;\" src=\"https:\/\/www.facebook.com\/plugins\/video.php?height=476&amp;href=https%3A%2F%2Fwww.facebook.com%2Freel%2F1608873260404677%2F&amp;show_text=true&amp;width=268&amp;t=0\" width=\"268\" height=\"591\" frameborder=\"0\" scrolling=\"no\" allowfullscreen=\"allowfullscreen\"><\/iframe><br \/>Los habitantes de la regi\u00f3n manifestaron su profunda preocupaci\u00f3n debido a que el flujo de agua no muestra se\u00f1ales de disminuci\u00f3n mientras contin\u00faan las lluvias. El nivel h\u00eddrico ya super\u00f3 ampliamente los registros observados al inicio del d\u00eda, lo que amenaza la estabilidad de las tierras y los cultivos de los agricultores.<\/p>\n<p>Ante la magnitud de la emergencia en el eje Barbacoas-Hato Arriba, las autoridades hicieron un llamado urgente a todas las comunidades locales. Asimismo, pidieron a los ciudadanos evitar estrictamente el cruce de quebradas y mantenerse alejados de las riberas para prevenir tragedias personales por la fuerza del agua.<\/p>\n<p><iframe loading=\"lazy\" style=\"border: none; overflow: hidden;\" src=\"https:\/\/www.facebook.com\/plugins\/video.php?height=476&amp;href=https%3A%2F%2Fwww.facebook.com%2Freel%2F851177410605121%2F&amp;show_text=true&amp;width=264&amp;t=0\" width=\"264\" height=\"591\" frameborder=\"0\" scrolling=\"no\" allowfullscreen=\"allowfullscreen\"><\/iframe><\/p>\n<p>De igual forma, se inst\u00f3 a los organismos de Protecci\u00f3n Civil y a las autoridades competentes a ejecutar una evaluaci\u00f3n de los da\u00f1os en las comunidades afectadas de Lara. El objetivo es atender a las familias damnificadas y monitorear los puntos cr\u00edticos donde la infraestructura vial y agr\u00edcola corre el riesgo de verse comprometida.<\/p>\n<\/p><\/div>\n<p>\t&#13;<br \/>\n&#13;<br \/>\n\t<!-- Taboola Below Article con Etiqueta -->&#13;<\/p>\n<div style=\"margin-top: 20px;\">\n<p style=\"font-size: 10px; color: #999; margin: 0 0 5px 0; text-transform: uppercase; font-family: sans-serif;\">Contenido Patrocinado \/ Recomendado para ti<\/p>\n<\/p><\/div>\n<p>&#13;<br \/>\n&#13;<br \/>\n\t\t&#13;\n<\/p><\/div>\n<p><a href=\"https:\/\/noticiasaldiayalahora.co\/sucesos\/alerta-maxima-tras-fuertes-lluvias-varias-poblaciones-quedaron-incomunicadas-en-venezuela\/\" class=\" target=\" title=\"Varias poblaciones quedaron incomunicadas en Venezuela\" target=\"_blank\" rel=\"noopener\">Ver fuente<\/a><\/p>\n","protected":false},"excerpt":{"rendered":"<p>&#13; &#13; &#13; Publicidad \/ Contenido Patrocinado &#13; Por: Redacci\u00f3n Noticias al Dia y a la Hora 26 abril, 2026 &#13; Habitantes del estado Lara se mantienen en situaci\u00f3n de m\u00e1xima alerta debido al incremento dr\u00e1stico del caudal en diversas quebradas y zonas de paso del municipio Mor\u00e1n, a causa de las persistentes lluvias que [&hellip;]<\/p>\n","protected":false},"author":2,"featured_media":128612,"comment_status":"open","ping_status":"closed","sticky":false,"template":"","format":"standard","meta":{"footnotes":""},"categories":[5],"tags":[],"class_list":["post-128611","post","type-post","status-publish","format-standard","has-post-thumbnail","hentry","category-sucesos"],"_links":{"self":[{"href":"https:\/\/enfoquenoticioso.com\/index.php?rest_route=\/wp\/v2\/posts\/128611","targetHints":{"allow":["GET"]}}],"collection":[{"href":"https:\/\/enfoquenoticioso.com\/index.php?rest_route=\/wp\/v2\/posts"}],"about":[{"href":"https:\/\/enfoquenoticioso.com\/index.php?rest_route=\/wp\/v2\/types\/post"}],"author":[{"embeddable":true,"href":"https:\/\/enfoquenoticioso.com\/index.php?rest_route=\/wp\/v2\/users\/2"}],"replies":[{"embeddable":true,"href":"https:\/\/enfoquenoticioso.com\/index.php?rest_route=%2Fwp%2Fv2%2Fcomments&post=128611"}],"version-history":[{"count":0,"href":"https:\/\/enfoquenoticioso.com\/index.php?rest_route=\/wp\/v2\/posts\/128611\/revisions"}],"wp:featuredmedia":[{"embeddable":true,"href":"https:\/\/enfoquenoticioso.com\/index.php?rest_route=\/wp\/v2\/media\/128612"}],"wp:attachment":[{"href":"https:\/\/enfoquenoticioso.com\/index.php?rest_route=%2Fwp%2Fv2%2Fmedia&parent=128611"}],"wp:term":[{"taxonomy":"category","embeddable":true,"href":"https:\/\/enfoquenoticioso.com\/index.php?rest_route=%2Fwp%2Fv2%2Fcategories&post=128611"},{"taxonomy":"post_tag","embeddable":true,"href":"https:\/\/enfoquenoticioso.com\/index.php?rest_route=%2Fwp%2Fv2%2Ftags&post=128611"}],"curies":[{"name":"wp","href":"https:\/\/api.w.org\/{rel}","templated":true}]}}