{"id":128613,"date":"2026-04-26T12:23:46","date_gmt":"2026-04-26T12:23:46","guid":{"rendered":"https:\/\/enfoquenoticioso.com\/?p=128613"},"modified":"2026-04-26T12:23:46","modified_gmt":"2026-04-26T12:23:46","slug":"numero-de-muertos-en-colombia-por-ataque-con-cilindro-bomba-aumento-a-14","status":"publish","type":"post","link":"https:\/\/enfoquenoticioso.com\/?p=128613","title":{"rendered":"N\u00famero de muertos en Colombia por ataque con cilindro bomba aumento a 14"},"content":{"rendered":"<div>\n<p>La violencia en el suroeste de Colombia se intensific\u00f3 este s\u00e1bado con un atentado con cilindro bomba en la V\u00eda Panamericana que dej\u00f3 al menos 14 civiles muertos y 38 heridos, entre ellos cinco menores de edad, seg\u00fan informaron autoridades regionales. El ataque ocurri\u00f3 en el sector conocido como El T\u00fanel, en el municipio de Cajib\u00edo, departamento del Cauca, donde el artefacto explosivo impact\u00f3 un autob\u00fas y varios veh\u00edculos que transitaban por la zona.<\/p>\n<p>De acuerdo con el Ej\u00e9rcito, el atentado fue perpetrado por guerrilleros de la columna Jaime Mart\u00ednez, perteneciente a las disidencias de las antiguas Farc, quienes habr\u00edan lanzado el cilindro cargado de explosivos en medio de un bloqueo en la v\u00eda. La explosi\u00f3n destruy\u00f3 el autob\u00fas, afect\u00f3 al menos otros 15 veh\u00edculos y dej\u00f3 un amplio cr\u00e1ter en la carretera, principal conexi\u00f3n del suroeste del pa\u00eds, recogi\u00f3 Swissinfo.<\/p>\n<p>El gobernador del Cauca, Octavio Guzm\u00e1n, confirm\u00f3 el aumento de v\u00edctimas a trav\u00e9s de su cuenta en X: \u201cHasta el momento, reportamos 14 personas muertas y m\u00e1s de 38 personas heridas\u201d. Las cifras iniciales daban cuenta de siete fallecidos y 17 lesionados, pero fueron actualizadas conforme avanzaron las labores de rescate.<\/p>\n<p>El presidente colombiano, Gustavo Petro, conden\u00f3 el hecho y se\u00f1al\u00f3 que \u201clos que atentaron y mataron\u201d a los civiles \u201cson terroristas, fascistas y narcotraficantes\u201d. Por su parte, el comandante de las Fuerzas Militares, general Hugo Alejandro L\u00f3pez, afirm\u00f3 que en el lugar del ataque exist\u00eda un bloqueo instalado por ese grupo armado, mientras a pocos kil\u00f3metros se registraban enfrentamientos con unidades del Ej\u00e9rcito.<\/p>\n<p>El oficial calific\u00f3 el atentado como \u201cuna acci\u00f3n terrorista clara\u201d atribuida a las estructuras lideradas por alias Iv\u00e1n Mordisco, jefe del Estado Mayor Central, principal disidencia de las FARC.<\/p>\n<p>La ofensiva armada se produce en medio de una nueva escalada de violencia en los departamentos de Cauca, Valle del Cauca y Nari\u00f1o, donde en las \u00faltimas 48 horas se han registrado al menos 26 acciones violentas, seg\u00fan el balance militar. El viernes, dos ataques con explosivos fueron dirigidos contra instalaciones militares en Cali y Palmira, sin dejar v\u00edctimas.<\/p>\n<p>Este s\u00e1bado, antes del atentado en Cajib\u00edo, tambi\u00e9n fue atacado el radar del Cerro Santana, en El Tambo, lo que gener\u00f3 da\u00f1os en el sistema de control a\u00e9reo, de acuerdo con la Aeron\u00e1utica Civil.<\/p>\n<p>El Cauca, una regi\u00f3n estrat\u00e9gica entre la cordillera de los Andes y el oc\u00e9ano Pac\u00edfico, ha sido hist\u00f3ricamente escenario de disputas armadas por el control de rutas del narcotr\u00e1fico. El gobernador Guzm\u00e1n denunci\u00f3 que en las \u00faltimas horas se han registrado acciones violentas en m\u00faltiples municipios y calific\u00f3 la situaci\u00f3n como \u201cuna ofensiva directa contra la vida, contra un pueblo indefenso\u201d.<\/p>\n<p>Diversos sectores pol\u00edticos y organismos internacionales condenaron el atentado. El jefe de la Misi\u00f3n de la ONU en Colombia, Miroslav Jenca, expres\u00f3 su rechazo a los hechos y llam\u00f3 a los grupos armados a desescalar la violencia y respetar a la poblaci\u00f3n civil. En la misma l\u00ednea, la Oficina del Alto Comisionado de Naciones Unidas para los Derechos Humanos conden\u00f3 \u201cenf\u00e1ticamente los ataques indiscriminados\u201d registrados en la regi\u00f3n.<\/p>\n<\/p><\/div>\n<p><a href=\"https:\/\/noticiasaldiayalahora.co\/internacionales\/numero-de-muertos-en-colombia-por-ataque-con-cilindro-bomba-aumento-a-14\/\" class=\" target=\" title=\"N\u00famero de muertos en Colombia por ataque con cilindro bomba aumento a 14\" target=\"_blank\" rel=\"noopener\">Ver fuente<\/a><\/p>\n","protected":false},"excerpt":{"rendered":"<p>La violencia en el suroeste de Colombia se intensific\u00f3 este s\u00e1bado con un atentado con cilindro bomba en la V\u00eda Panamericana que dej\u00f3 al menos 14 civiles muertos y 38 heridos, entre ellos cinco menores de edad, seg\u00fan informaron autoridades regionales. El ataque ocurri\u00f3 en el sector conocido como El T\u00fanel, en el municipio de [&hellip;]<\/p>\n","protected":false},"author":2,"featured_media":128614,"comment_status":"open","ping_status":"closed","sticky":false,"template":"","format":"standard","meta":{"footnotes":""},"categories":[6],"tags":[],"class_list":["post-128613","post","type-post","status-publish","format-standard","has-post-thumbnail","hentry","category-internacionales"],"_links":{"self":[{"href":"https:\/\/enfoquenoticioso.com\/index.php?rest_route=\/wp\/v2\/posts\/128613","targetHints":{"allow":["GET"]}}],"collection":[{"href":"https:\/\/enfoquenoticioso.com\/index.php?rest_route=\/wp\/v2\/posts"}],"about":[{"href":"https:\/\/enfoquenoticioso.com\/index.php?rest_route=\/wp\/v2\/types\/post"}],"author":[{"embeddable":true,"href":"https:\/\/enfoquenoticioso.com\/index.php?rest_route=\/wp\/v2\/users\/2"}],"replies":[{"embeddable":true,"href":"https:\/\/enfoquenoticioso.com\/index.php?rest_route=%2Fwp%2Fv2%2Fcomments&post=128613"}],"version-history":[{"count":0,"href":"https:\/\/enfoquenoticioso.com\/index.php?rest_route=\/wp\/v2\/posts\/128613\/revisions"}],"wp:featuredmedia":[{"embeddable":true,"href":"https:\/\/enfoquenoticioso.com\/index.php?rest_route=\/wp\/v2\/media\/128614"}],"wp:attachment":[{"href":"https:\/\/enfoquenoticioso.com\/index.php?rest_route=%2Fwp%2Fv2%2Fmedia&parent=128613"}],"wp:term":[{"taxonomy":"category","embeddable":true,"href":"https:\/\/enfoquenoticioso.com\/index.php?rest_route=%2Fwp%2Fv2%2Fcategories&post=128613"},{"taxonomy":"post_tag","embeddable":true,"href":"https:\/\/enfoquenoticioso.com\/index.php?rest_route=%2Fwp%2Fv2%2Ftags&post=128613"}],"curies":[{"name":"wp","href":"https:\/\/api.w.org\/{rel}","templated":true}]}}