{"id":128617,"date":"2026-04-26T12:51:54","date_gmt":"2026-04-26T12:51:54","guid":{"rendered":"https:\/\/enfoquenoticioso.com\/?p=128617"},"modified":"2026-04-26T12:51:54","modified_gmt":"2026-04-26T12:51:54","slug":"el-mapa-de-lesionados-a-46-dias-del-mundial","status":"publish","type":"post","link":"https:\/\/enfoquenoticioso.com\/?p=128617","title":{"rendered":"el mapa de lesionados a 46 d\u00edas del Mundial"},"content":{"rendered":"<div>\n<p class=\"paragraph\">Solo faltan\u00a0<b>46 d\u00edas<\/b>\u00a0para que\u00a0<b>M\u00e9xico\u00a0<\/b>y\u00a0<b>Sud\u00e1frica\u00a0<\/b>den el puntapi\u00e9 inicial del\u00a0<b>Mundial 2026<\/b>, que se celebrar\u00e1 en el pa\u00eds azteca, junto a Estados Unidos y Canad\u00e1. Y la cita tendr\u00e1 ausentes de relieve internacional, sumado a otros futbolistas que afrontan una recuperaci\u00f3n a contrarreloj para decir presente en el gran evento.<\/p>\n<p class=\"paragraph\">La reciente lesi\u00f3n de\u00a0<b>Lamine Yamal<\/b>\u00a0tras convertir el \u00fanico gol del Barcelona en su victoria contra Celta de Vigo encendi\u00f3 las alarmas en Espa\u00f1a porque el juvenil tendr\u00eda un m\u00ednimo de recuperaci\u00f3n de \u201ccinco semanas\u201d por una \u201c<b>rotura en el isquiotibial izquierdo<\/b>\u201d, seg\u00fan precis\u00f3 la prensa de ese pa\u00eds, y llegar\u00eda con lo justo a la Copa del Mundo.\u00a0<b>Cabe remarcar que hay 10 bajas confirmadas y 12 futbolistas entre algodones<\/b>.<\/p>\n<p class=\"paragraph\">La n\u00f3mina de ausencias involucra a varias selecciones afectadas por esta situaci\u00f3n.\u00a0<b>Una de ellas es Brasil, que no podr\u00e1 contar con Rodrygo<\/b>, ya que el extremo del Real Madrid sufri\u00f3 la\u00a0<b>rotura del ligamento cruzado anterior y del menisco externo de la pierna derecha<\/b>\u00a0durante un partido con su club.<\/p>\n<div class=\"visual__image\"><picture><source srcset=\"https:\/\/www.infobae.com\/resizer\/v2\/2CITMS66SFAXZAMD5E2SZJWIPI.png?auth=c44791b69240ae149ac87548e6fa25e5d654a78c2b1b1b63ea358bdacb1ad96a&amp;smart=true&amp;width=992&amp;height=554&amp;quality=85\" media=\"(min-width: 1000px)\"\/><source srcset=\"https:\/\/www.infobae.com\/resizer\/v2\/2CITMS66SFAXZAMD5E2SZJWIPI.png?auth=c44791b69240ae149ac87548e6fa25e5d654a78c2b1b1b63ea358bdacb1ad96a&amp;smart=true&amp;width=768&amp;height=429&amp;quality=85\" media=\"(min-width: 768px)\"\/><source srcset=\"https:\/\/www.infobae.com\/resizer\/v2\/2CITMS66SFAXZAMD5E2SZJWIPI.png?auth=c44791b69240ae149ac87548e6fa25e5d654a78c2b1b1b63ea358bdacb1ad96a&amp;smart=true&amp;width=577&amp;height=322&amp;quality=85\" media=\"(min-width: 580px)\"\/><source srcset=\"https:\/\/www.infobae.com\/resizer\/v2\/2CITMS66SFAXZAMD5E2SZJWIPI.png?auth=c44791b69240ae149ac87548e6fa25e5d654a78c2b1b1b63ea358bdacb1ad96a&amp;smart=true&amp;width=420&amp;height=234&amp;quality=85\" media=\"(min-width: 350px)\"\/><source srcset=\"https:\/\/www.infobae.com\/resizer\/v2\/2CITMS66SFAXZAMD5E2SZJWIPI.png?auth=c44791b69240ae149ac87548e6fa25e5d654a78c2b1b1b63ea358bdacb1ad96a&amp;smart=true&amp;width=350&amp;height=195&amp;quality=85\" media=\"(min-width: 80px)\"\/><img loading=\"lazy\" decoding=\"async\" class=\"global-image\" src=\"https:\/\/www.infobae.com\/resizer\/v2\/2CITMS66SFAXZAMD5E2SZJWIPI.png?auth=c44791b69240ae149ac87548e6fa25e5d654a78c2b1b1b63ea358bdacb1ad96a&amp;smart=true&amp;width=350&amp;height=195&amp;quality=85\" alt=\"Infograf\u00eda sobre lesiones de Neymar, Rodrygo, Lamine Yamal y Cuti Romero, con gr\u00e1ficos m\u00e9dicos, futbolistas y trofeo del Mundial.\" width=\"2752\" height=\"1536\"\/><\/picture>La imagen muestra un resumen de las lesiones y tiempos de recuperaci\u00f3n de figuras como Neymar, Rodrygo, Cristian Cuti Romero y Lamine Yamal, generando incertidumbre para el Mundial. (Imagen Ilustrativa Infobae)<\/div>\n<p class=\"paragraph\">Adem\u00e1s, el entrenador\u00a0<b>Lionel Scaloni<\/b>\u00a0tiene dos variantes menos a la hora de decidir:\u00a0<b>Juan Foyth<\/b>\u00a0y\u00a0<b>Joaqu\u00edn Panichelli<\/b>. El defensor se\u00a0rompi\u00f3 el tend\u00f3n de Aquiles izquierdo\u00a0en enero pasado con Villarreal, mientras que el delantero del Racing de Estrasburgo sufri\u00f3 la\u00a0<b>ruptura del ligamento cruzado anterior de su rodilla derecha<\/b>\u00a0durante una pr\u00e1ctica con la\u00a0<i>Albiceleste.<\/i><\/p>\n<p class=\"paragraph\">En el plano europeo, Espa\u00f1a ya sabe que no podr\u00e1 contar con Samu Omorodion, centroatacante del Porto de Portugal, que\u00a0<b>ser\u00e1 baja por una lesi\u00f3n id\u00e9ntica a la de Panichelli<\/b>.<\/p>\n<p class=\"paragraph\">Esto se agrega a que\u00a0<b>Francia perder\u00e1 a Hugo Ekitike<\/b>\u00a0por una\u00a0<b>rotura del tend\u00f3n de Aquiles\u00a0<\/b>de su pierna derecha y\u00a0<b>Alemania tach\u00f3 a Serge Gnabry<\/b>, despu\u00e9s de que el mediapunta del\u00a0<b>Bayern M\u00fanich<\/b>\u00a0tuvo una\u00a0<b>ruptura en el aductor derecho<\/b>\u00a0mientras pateaban penales en un entrenamiento del conjunto b\u00e1varo. Adem\u00e1s,\u00a0<i>ESPN<\/i>\u00a0confirm\u00f3 que\u00a0<b>Jack Grealish<\/b>\u00a0tampoco ser\u00e1 considerado en\u00a0<b>Inglaterra\u00a0<\/b>tras ser operado el 9 de febrero por\u00a0<b>una fractura de estr\u00e9s en el pie izquierdo<\/b>.<\/p>\n<p class=\"paragraph\">Por otro lado, la selecci\u00f3n de M\u00e9xico sufri\u00f3 una baja sensible para el Mundial 2026 porque\u00a0<b>su arquero, Luis Malag\u00f3n, se rompi\u00f3 el tend\u00f3n de Aquiles izquierdo<\/b>. En la esfera asi\u00e1tica,\u00a0<b>Jap\u00f3n\u00a0<\/b>perder\u00e1 a una de sus principales figuras,\u00a0<b>Takumi Minamino<\/b>, por una\u00a0<b>rotura del ligamento cruzado anterior de la rodilla izquierda<\/b>. El mismo cuadro m\u00e9dico afect\u00f3 al ghan\u00e9s\u00a0<b>Mohamed Salisu\u00a0<\/b>y el m\u00e9dico de la selecci\u00f3n africana,\u00a0<b>Prince Pambo<\/b>, ya confirm\u00f3 su desafectaci\u00f3n.<\/p>\n<div class=\"visual__image\"><picture><source srcset=\"https:\/\/www.infobae.com\/resizer\/v2\/VKRS4P53NRC2DMIFDFLU3BZ4JQ.png?auth=48b652177f127d77220786214766bd578eb516fa6f13cef1f457f564cda409b4&amp;smart=true&amp;width=992&amp;height=554&amp;quality=85\" media=\"(min-width: 1000px)\"\/><source srcset=\"https:\/\/www.infobae.com\/resizer\/v2\/VKRS4P53NRC2DMIFDFLU3BZ4JQ.png?auth=48b652177f127d77220786214766bd578eb516fa6f13cef1f457f564cda409b4&amp;smart=true&amp;width=768&amp;height=429&amp;quality=85\" media=\"(min-width: 768px)\"\/><source srcset=\"https:\/\/www.infobae.com\/resizer\/v2\/VKRS4P53NRC2DMIFDFLU3BZ4JQ.png?auth=48b652177f127d77220786214766bd578eb516fa6f13cef1f457f564cda409b4&amp;smart=true&amp;width=577&amp;height=322&amp;quality=85\" media=\"(min-width: 580px)\"\/><source srcset=\"https:\/\/www.infobae.com\/resizer\/v2\/VKRS4P53NRC2DMIFDFLU3BZ4JQ.png?auth=48b652177f127d77220786214766bd578eb516fa6f13cef1f457f564cda409b4&amp;smart=true&amp;width=420&amp;height=234&amp;quality=85\" media=\"(min-width: 350px)\"\/><source srcset=\"https:\/\/www.infobae.com\/resizer\/v2\/VKRS4P53NRC2DMIFDFLU3BZ4JQ.png?auth=48b652177f127d77220786214766bd578eb516fa6f13cef1f457f564cda409b4&amp;smart=true&amp;width=350&amp;height=195&amp;quality=85\" media=\"(min-width: 80px)\"\/><img loading=\"lazy\" decoding=\"async\" class=\"global-image\" src=\"https:\/\/www.infobae.com\/resizer\/v2\/VKRS4P53NRC2DMIFDFLU3BZ4JQ.png?auth=48b652177f127d77220786214766bd578eb516fa6f13cef1f457f564cda409b4&amp;smart=true&amp;width=350&amp;height=195&amp;quality=85\" alt=\"Infograf\u00eda sobre lesiones en el Mundial 2026, con un futbolista vendado, \u00edconos m\u00e9dicos, 10 bajas confirmadas y camisetas de selecciones como Argentina y Brasil.\" width=\"2752\" height=\"1536\"\/><\/picture>Con el Mundial 2026 a 46 d\u00edas, selecciones como Argentina, Espa\u00f1a, Francia, Alemania y Brasil enfrentan la preocupaci\u00f3n de 10 bajas confirmadas y 12 jugadores en duda por lesiones. (Imagen Ilustrativa Infobae)<\/div>\n<p class=\"paragraph\">En el plano de las dudas, los flashes se van con\u00a0<b>Lamine Yamal<\/b>. El joven de 18 a\u00f1os es el futbolista m\u00e1s importante del \u00faltimo campe\u00f3n de la\u00a0<b>Eurocopa\u00a0<\/b>y los dirigidos por\u00a0<b>Luis De la Fuente<\/b> son candidatos con \u00e9l en la cancha. Adem\u00e1s, no es el \u00fanico entre algodones.<\/p>\n<p class=\"paragraph\"><b>Mikel Merino<\/b>, otro de los campeones europeos, fue sometido a una operaci\u00f3n a principios de febrero debido a una fractura por estr\u00e9s, explic\u00f3 su padre Miguel, quien desconoci\u00f3 los plazos para el regreso de su hijo, en charla con el programa\u00a0<i>El Larguero<\/i>. Hasta el momento, el volante no ha sido convocado por Mikel Arteta en el Arsenal desde su \u00faltimo partido el 25 de enero.\u00a0<b>Se especulaba con una ausencia de tres meses fuera de las canchas<\/b>, pero ese lapso est\u00e1 por cumplirse.<\/p>\n<p class=\"paragraph\">Por otro lado, las alarmas en Argentina est\u00e1n puestas en c\u00f3mo llegar\u00e1n\u00a0<b>Cristian Romero<\/b>\u00a0y\u00a0<b>Lautaro Mart\u00ednez<\/b>\u00a0a la Copa del Mundo. En especial, los focos est\u00e1n puestos en el\u00a0<i>Cuti<\/i>\u00a0porque el defensor del Tottenham\u00a0<b>sufri\u00f3 una lesi\u00f3n en el ligamento lateral<\/b><b>\u00a0a mediados de este mes y va a estar afuera entre 5 a 8 semanas<\/b>. El peor diagn\u00f3stico lo har\u00eda llegar con lo justo al debut de la\u00a0<i>Scaloneta\u00a0<\/i>ante Argelia el 16 de junio en Kansas.<\/p>\n<div class=\"visual__image\"><picture><source srcset=\"https:\/\/www.infobae.com\/resizer\/v2\/EJXZKUZXPBBBHDKTS5RNX34C74.JPG?auth=64d0cf5822cdaf5535184a996af4dac92220cb97aa28d83b7a8ec0b8211a3491&amp;smart=true&amp;width=992&amp;height=687&amp;quality=85\" media=\"(min-width: 1000px)\"\/><source srcset=\"https:\/\/www.infobae.com\/resizer\/v2\/EJXZKUZXPBBBHDKTS5RNX34C74.JPG?auth=64d0cf5822cdaf5535184a996af4dac92220cb97aa28d83b7a8ec0b8211a3491&amp;smart=true&amp;width=768&amp;height=532&amp;quality=85\" media=\"(min-width: 768px)\"\/><source srcset=\"https:\/\/www.infobae.com\/resizer\/v2\/EJXZKUZXPBBBHDKTS5RNX34C74.JPG?auth=64d0cf5822cdaf5535184a996af4dac92220cb97aa28d83b7a8ec0b8211a3491&amp;smart=true&amp;width=577&amp;height=400&amp;quality=85\" media=\"(min-width: 580px)\"\/><source srcset=\"https:\/\/www.infobae.com\/resizer\/v2\/EJXZKUZXPBBBHDKTS5RNX34C74.JPG?auth=64d0cf5822cdaf5535184a996af4dac92220cb97aa28d83b7a8ec0b8211a3491&amp;smart=true&amp;width=420&amp;height=291&amp;quality=85\" media=\"(min-width: 350px)\"\/><source srcset=\"https:\/\/www.infobae.com\/resizer\/v2\/EJXZKUZXPBBBHDKTS5RNX34C74.JPG?auth=64d0cf5822cdaf5535184a996af4dac92220cb97aa28d83b7a8ec0b8211a3491&amp;smart=true&amp;width=350&amp;height=243&amp;quality=85\" media=\"(min-width: 80px)\"\/><img loading=\"lazy\" decoding=\"async\" class=\"global-image\" src=\"https:\/\/www.infobae.com\/resizer\/v2\/EJXZKUZXPBBBHDKTS5RNX34C74.JPG?auth=64d0cf5822cdaf5535184a996af4dac92220cb97aa28d83b7a8ec0b8211a3491&amp;smart=true&amp;width=350&amp;height=243&amp;quality=85\" alt=\"Cuti Romero se retir\u00f3 de la cancha entre l\u00e1grimas (Cr\u00e9dito: Reuters\/Scott Heppell)\" width=\"2973\" height=\"2060\"\/><\/picture>Cuti Romero se retir\u00f3 de la cancha entre l\u00e1grimas (Cr\u00e9dito: Reuters\/Scott Heppell)<\/div>\n<p class=\"paragraph\">Por otro lado,\u00a0<b>el\u00a0<\/b><i><b>Toro<\/b><\/i><b>\u00a0Mart\u00ednez<\/b>\u00a0se resinti\u00f3 de su lesi\u00f3n en el s\u00f3leo izquierdo y reci\u00e9n podr\u00eda volver a jugar en el Inter de Mil\u00e1n en mayo. Esto lo llev\u00f3 a perderse las\u00a0semifinales de la Copa Italia ante el Como de Nico Paz\u00a0y volvi\u00f3 a ser puesto en el centro de la escena porque en Qatar 2022 tambi\u00e9n sufri\u00f3 molestias f\u00edsicas que le impidieron rendir en plenitud.<\/p>\n<p class=\"paragraph\">En diferente sinton\u00eda,\u00a0<b>Brasil\u00a0<\/b>sum\u00f3 otros dolores de cabeza m\u00e1s all\u00e1 de\u00a0<b>Rodrygo<\/b>.\u00a0<i>The Athletic<\/i>\u00a0asegur\u00f3 que\u00a0<b>Estevao\u00a0<\/b>est\u00e1<b>\u00a0\u201cpr\u00e1cticamente descartado\u201d<\/b>\u00a0del Mundial por una\u00a0<b>lesi\u00f3n muscular de grado 4<\/b>, aunque todav\u00eda no hubo una confirmaci\u00f3n sobre los plazos de recuperaci\u00f3n. Se suma que\u00a0<b>Eder Militao<\/b>\u00a0ya no jugar\u00e1 por lo que resta de la temporada con\u00a0<b>Real Madrid<\/b>\u00a0por una lesi\u00f3n en el\u00a0<b>b\u00edceps femoral<\/b>\u00a0y, desde Espa\u00f1a, afirman que\u00a0se perder\u00eda la cita mundialista.<\/p>\n<p class=\"paragraph\">Estos nombres han sido considerados por el entrenador\u00a0<b>Carlo Ancelotti\u00a0<\/b>en su ciclo, pero hay uno que nunca fue convocado y nadie se anima a descartar:\u00a0<b>Neymar<\/b>. El hombre del Santos de Brasil sufri\u00f3 varias lesiones en estos \u00faltimos a\u00f1os de su carrera y\u00a0el\u00a0<i>Peixe<\/i>\u00a0dise\u00f1\u00f3 un plan\u00a0para que pueda ser convocado por el DT, quien\u00a0le hizo un inesperado gui\u00f1o en los \u00faltimos d\u00edas: \u201c<b>A\u00fan tiene dos meses para demostrar que tiene las cualidades para disputar el pr\u00f3ximo Mundial<\/b>\u201d.<\/p>\n<div class=\"visual__image\"><picture><source srcset=\"https:\/\/www.infobae.com\/resizer\/v2\/7PEWYBPJOFH43NSHRDRKXVU3VA.JPG?auth=91ce414ed53c3d6bcfca3423a7cf049ffc56667488ec4177b702eea4409c29ec&amp;smart=true&amp;width=992&amp;height=668&amp;quality=85\" media=\"(min-width: 1000px)\"\/><source srcset=\"https:\/\/www.infobae.com\/resizer\/v2\/7PEWYBPJOFH43NSHRDRKXVU3VA.JPG?auth=91ce414ed53c3d6bcfca3423a7cf049ffc56667488ec4177b702eea4409c29ec&amp;smart=true&amp;width=768&amp;height=517&amp;quality=85\" media=\"(min-width: 768px)\"\/><source srcset=\"https:\/\/www.infobae.com\/resizer\/v2\/7PEWYBPJOFH43NSHRDRKXVU3VA.JPG?auth=91ce414ed53c3d6bcfca3423a7cf049ffc56667488ec4177b702eea4409c29ec&amp;smart=true&amp;width=577&amp;height=389&amp;quality=85\" media=\"(min-width: 580px)\"\/><source srcset=\"https:\/\/www.infobae.com\/resizer\/v2\/7PEWYBPJOFH43NSHRDRKXVU3VA.JPG?auth=91ce414ed53c3d6bcfca3423a7cf049ffc56667488ec4177b702eea4409c29ec&amp;smart=true&amp;width=420&amp;height=283&amp;quality=85\" media=\"(min-width: 350px)\"\/><source srcset=\"https:\/\/www.infobae.com\/resizer\/v2\/7PEWYBPJOFH43NSHRDRKXVU3VA.JPG?auth=91ce414ed53c3d6bcfca3423a7cf049ffc56667488ec4177b702eea4409c29ec&amp;smart=true&amp;width=350&amp;height=236&amp;quality=85\" media=\"(min-width: 80px)\"\/><img loading=\"lazy\" decoding=\"async\" class=\"global-image\" src=\"https:\/\/www.infobae.com\/resizer\/v2\/7PEWYBPJOFH43NSHRDRKXVU3VA.JPG?auth=91ce414ed53c3d6bcfca3423a7cf049ffc56667488ec4177b702eea4409c29ec&amp;smart=true&amp;width=350&amp;height=236&amp;quality=85\" alt=\"Neymar mantiene la ilusi\u00f3n de ser parte del Scratch tras las bajas de Rodrygo y la muy probable ausencia de Estevao (Cr\u00e9dito: Reuters\/Thiago Bernardes)\" width=\"6086\" height=\"4098\"\/><\/picture>Neymar mantiene la ilusi\u00f3n de ser parte del Scratch tras las bajas de Rodrygo y la muy probable ausencia de Estevao (Cr\u00e9dito: Reuters\/Thiago Bernardes)<\/div>\n<p class=\"paragraph\">La selecci\u00f3n de\u00a0<b>Croacia\u00a0<\/b>tambi\u00e9n integra la lista de 12 dudas para la Copa del Mundo. Una de sus figuras defensivas,\u00a0<b>Josko Gvardiol<\/b>, se destac\u00f3 en 2022 hasta ser bailado por\u00a0<b>Lionel Messi<\/b>\u00a0en semifinales, pero su realidad dista mucho de aquella. Est\u00e1 en plena recuperaci\u00f3n de una\u00a0<b>fractura de tibia en la pierna derecha<\/b>\u00a0ocurrida el 4 de enero con\u00a0<b>Manchester City<\/b>\u00a0ante\u00a0<b>Chelsea<\/b>. Seg\u00fan portales m\u00e9dicos especializados, los plazos van de 4 a 6 meses de rehabilitaci\u00f3n y la\u00a0<b>Premier League<\/b> termina a fines de mayo.<\/p>\n<p class=\"paragraph\">La recorrida europea finaliza con\u00a0<b>Marc-Andr\u00e9 ter Stegen\u00a0<\/b>y\u00a0<b>Reece James<\/b>. El arquero del Barcelona ingres\u00f3 al quir\u00f3fano en febrero pasado para tratar una lesi\u00f3n en el isquiotibial izquierdo. Declar\u00f3 que ser\u00e1 baja\u00a0<b>\u201cdurante varios meses\u201d<\/b>\u00a0a trav\u00e9s de sus redes sociales, pero no profundiz\u00f3 en los plazos. Mientras tanto, James qued\u00f3 apartado de los \u00faltimos seis compromisos del Chelsea por molestias musculares y es una inc\u00f3gnita si podr\u00e1 estar en la selecci\u00f3n de Inglaterra.<\/p>\n<p class=\"paragraph\">En consonancia,\u00a0<b>Wataru Endo<\/b>\u00a0comunic\u00f3 que sufri\u00f3 una\u00a0<b>\u201clesi\u00f3n de ligamentos\u201d<\/b> y estar\u00eda a disposici\u00f3n del combinado de Jap\u00f3n a fines de mayo, aunque cualquier demora en la recuperaci\u00f3n complicar\u00eda su presencia en el Mundial.<\/p>\n<p class=\"paragraph\">Por \u00faltimo,\u00a0<b>Joaqu\u00edn Piquerez<\/b>\u00a0est\u00e1 en la misma situaci\u00f3n porque el futbolista del\u00a0<b>Palmeiras\u00a0<\/b>y la selecci\u00f3n de Uruguay fue operado en abril pasado tras sufrir\u00a0<b>una rotura de ligamentos en su tobillo derecho<\/b>. El cuadro m\u00e9dico parece grave, pero\u00a0<i>ESPN Brasil<\/i>\u00a0inform\u00f3 que hay posibilidades de que sea convocado por Marcelo Bielsa.<\/p>\n<div class=\"visual__image\"><picture><source srcset=\"https:\/\/www.infobae.com\/resizer\/v2\/5BWB4PS6LFC2BCXRNTYVAXHBHU.jpg?auth=618e9c14a398b7a37625acb187de0fd484f15cc55189d53ae31850cd9a1b8b37&amp;smart=true&amp;width=992&amp;height=1240&amp;quality=85\" media=\"(min-width: 1000px)\"\/><source srcset=\"https:\/\/www.infobae.com\/resizer\/v2\/5BWB4PS6LFC2BCXRNTYVAXHBHU.jpg?auth=618e9c14a398b7a37625acb187de0fd484f15cc55189d53ae31850cd9a1b8b37&amp;smart=true&amp;width=768&amp;height=960&amp;quality=85\" media=\"(min-width: 768px)\"\/><source srcset=\"https:\/\/www.infobae.com\/resizer\/v2\/5BWB4PS6LFC2BCXRNTYVAXHBHU.jpg?auth=618e9c14a398b7a37625acb187de0fd484f15cc55189d53ae31850cd9a1b8b37&amp;smart=true&amp;width=577&amp;height=721&amp;quality=85\" media=\"(min-width: 580px)\"\/><source srcset=\"https:\/\/www.infobae.com\/resizer\/v2\/5BWB4PS6LFC2BCXRNTYVAXHBHU.jpg?auth=618e9c14a398b7a37625acb187de0fd484f15cc55189d53ae31850cd9a1b8b37&amp;smart=true&amp;width=420&amp;height=525&amp;quality=85\" media=\"(min-width: 350px)\"\/><source srcset=\"https:\/\/www.infobae.com\/resizer\/v2\/5BWB4PS6LFC2BCXRNTYVAXHBHU.jpg?auth=618e9c14a398b7a37625acb187de0fd484f15cc55189d53ae31850cd9a1b8b37&amp;smart=true&amp;width=350&amp;height=438&amp;quality=85\" media=\"(min-width: 80px)\"\/><img loading=\"lazy\" decoding=\"async\" class=\"global-image\" src=\"https:\/\/www.infobae.com\/resizer\/v2\/5BWB4PS6LFC2BCXRNTYVAXHBHU.jpg?auth=618e9c14a398b7a37625acb187de0fd484f15cc55189d53ae31850cd9a1b8b37&amp;smart=true&amp;width=350&amp;height=438&amp;quality=85\" alt=\"Imagen 5BWB4PS6LFC2BCXRNTYVAXHBHU\" width=\"1080\" height=\"1350\"\/><\/picture><\/div>\n<p class=\"paragraph\"><b>\u2022 Grupo A<\/b>: M\u00e9xico, Sud\u00e1frica, Corea del Sur y Rep\u00fablica Checa<\/p>\n<p class=\"paragraph\"><b>\u2022 Grupo B<\/b>: Canad\u00e1, Qatar, Suiza y Bosnia y Herzegovina<\/p>\n<p class=\"paragraph\"><b>\u2022 Grupo C<\/b>: Brasil, Marruecos, Hait\u00ed y Escocia<\/p>\n<p class=\"paragraph\"><b>\u2022 Grupo D<\/b>: Estados Unidos, Paraguay, Australia y Turqu\u00eda<\/p>\n<p class=\"paragraph\"><b>\u2022 Grupo E<\/b>: Alemania, Curazao, Costa de Marfil y Ecuador<\/p>\n<p class=\"paragraph\"><b>\u2022 Grupo F<\/b>: Pa\u00edses Bajos, Jap\u00f3n, T\u00fanez y Suecia<\/p>\n<p class=\"paragraph\"><b>\u2022 Grupo G<\/b>: B\u00e9lgica, Egipto, Ir\u00e1n y Nueva Zelanda<\/p>\n<p class=\"paragraph\"><b>\u2022 Grupo H<\/b>: Espa\u00f1a, Cabo Verde, Arabia Saudita y Uruguay<\/p>\n<p class=\"paragraph\"><b>\u2022 Grupo I<\/b>: Francia, Senegal, Noruega e Irak<\/p>\n<p class=\"paragraph\"><b>\u2022 Grupo J<\/b>: Argentina, Argelia, Austria y Jordania<\/p>\n<p class=\"paragraph\"><b>\u2022 Grupo K<\/b>: Portugal, Uzbekist\u00e1n, Colombia y<b>\u00a0<\/b>Rep\u00fablica Democr\u00e1tica del Congo<\/p>\n<p class=\"paragraph\"><b>\u2022 Grupo L<\/b>: Inglaterra, Croacia, Ghana y Panam\u00e1<\/p>\n<p>por <strong>INFOBAE<\/strong><\/p>\n<\/p><\/div>\n<p><a href=\"https:\/\/noticiasaldiayalahora.co\/deportes\/confirman-10-bajas-12-dudas-y-varias-selecciones-en-alerta-maxima-el-mapa-de-lesionados-a-46-dias-del-mundial\/\" class=\" target=\" title=\"el mapa de lesionados a 46 d\u00edas del Mundial\" target=\"_blank\" rel=\"noopener\">Ver fuente<\/a><\/p>\n","protected":false},"excerpt":{"rendered":"<p>Solo faltan\u00a046 d\u00edas\u00a0para que\u00a0M\u00e9xico\u00a0y\u00a0Sud\u00e1frica\u00a0den el puntapi\u00e9 inicial del\u00a0Mundial 2026, que se celebrar\u00e1 en el pa\u00eds azteca, junto a Estados Unidos y Canad\u00e1. Y la cita tendr\u00e1 ausentes de relieve internacional, sumado a otros futbolistas que afrontan una recuperaci\u00f3n a contrarreloj para decir presente en el gran evento. La reciente lesi\u00f3n de\u00a0Lamine Yamal\u00a0tras convertir el \u00fanico [&hellip;]<\/p>\n","protected":false},"author":2,"featured_media":128618,"comment_status":"open","ping_status":"closed","sticky":false,"template":"","format":"standard","meta":{"footnotes":""},"categories":[7],"tags":[],"class_list":["post-128617","post","type-post","status-publish","format-standard","has-post-thumbnail","hentry","category-deporte"],"_links":{"self":[{"href":"https:\/\/enfoquenoticioso.com\/index.php?rest_route=\/wp\/v2\/posts\/128617","targetHints":{"allow":["GET"]}}],"collection":[{"href":"https:\/\/enfoquenoticioso.com\/index.php?rest_route=\/wp\/v2\/posts"}],"about":[{"href":"https:\/\/enfoquenoticioso.com\/index.php?rest_route=\/wp\/v2\/types\/post"}],"author":[{"embeddable":true,"href":"https:\/\/enfoquenoticioso.com\/index.php?rest_route=\/wp\/v2\/users\/2"}],"replies":[{"embeddable":true,"href":"https:\/\/enfoquenoticioso.com\/index.php?rest_route=%2Fwp%2Fv2%2Fcomments&post=128617"}],"version-history":[{"count":0,"href":"https:\/\/enfoquenoticioso.com\/index.php?rest_route=\/wp\/v2\/posts\/128617\/revisions"}],"wp:featuredmedia":[{"embeddable":true,"href":"https:\/\/enfoquenoticioso.com\/index.php?rest_route=\/wp\/v2\/media\/128618"}],"wp:attachment":[{"href":"https:\/\/enfoquenoticioso.com\/index.php?rest_route=%2Fwp%2Fv2%2Fmedia&parent=128617"}],"wp:term":[{"taxonomy":"category","embeddable":true,"href":"https:\/\/enfoquenoticioso.com\/index.php?rest_route=%2Fwp%2Fv2%2Fcategories&post=128617"},{"taxonomy":"post_tag","embeddable":true,"href":"https:\/\/enfoquenoticioso.com\/index.php?rest_route=%2Fwp%2Fv2%2Ftags&post=128617"}],"curies":[{"name":"wp","href":"https:\/\/api.w.org\/{rel}","templated":true}]}}