{"id":128619,"date":"2026-04-26T12:54:29","date_gmt":"2026-04-26T12:54:29","guid":{"rendered":"https:\/\/enfoquenoticioso.com\/?p=128619"},"modified":"2026-04-26T12:54:29","modified_gmt":"2026-04-26T12:54:29","slug":"que-pasara-con-el-bebe-de-la-exreina-de-belleza-tras-ser-asesinada-por-su-suegra","status":"publish","type":"post","link":"https:\/\/enfoquenoticioso.com\/?p=128619","title":{"rendered":"\u00bfQu\u00e9 pasar\u00e1 con el beb\u00e9 de la exreina de belleza tras ser asesinada por su suegra?"},"content":{"rendered":"<div>\n<p>Carolina Flores, una popular exreina de belleza mexicana de 27 a\u00f1os, fue\u00a0<strong>asesinada la semana pasada en manos de su suegra<\/strong>. Mientras que se mantiene la conmoci\u00f3n por el crimen, surgen dudas sobre el futuro de su beb\u00e9 de apenas ocho meses.<\/p>\n<p>Reyna Flores, madre de la modelo, habl\u00f3 con la presentadora Kerly Ru\u00edz en\u00a0<em>Univisi\u00f3n<\/em>. Entre los distintos temas que toc\u00f3, la mujer indic\u00f3 que\u00a0<strong>la beb\u00e9 se mantiene con Alejandro S\u00e1nchez<\/strong>, su padre y esposo de la modelo.<\/p>\n<p>Tras la muerte de su hija, la mujer se ofreci\u00f3 para cuidar al beb\u00e9, su nieto, temporalmente. Sin embargo, S\u00e1nchez rechaz\u00f3 la propuesta porque, antes de la tragedia, la pareja\u00a0<strong>hab\u00eda llegado a un acuerdo<\/strong>\u00a0para este tipo de casos.<\/p>\n<p>\u00abComo pareja siempre ten\u00edan este tipo de conversaciones de que \u2018si me llega a pasar a m\u00ed algo, yo quiero que pase esto\u2019. Entonces, en una de esas, ella le dijo a \u00e9l: \u2018<strong>Ni tu mam\u00e1 ni mi mam\u00e1 los van a cuidar<\/strong>\u2019. \u00c9l quiere hacer su voluntad al pie de la letra\u00bb, dijo Reyna Flores.<\/p>\n<p>Hasta el momento, las autoridades\u00a0<strong>no han tomado una decisi\u00f3n sobre el futuro del beb\u00e9<\/strong>. Se mantiene en manos de su padre, aunque todav\u00eda no est\u00e1 totalmente descartado que tenga alguna responsabilidad en el crimen.<\/p>\n<div id=\"ez-toc-container\" class=\"ez-toc-v2_0_81 counter-hierarchy ez-toc-counter ez-toc-grey ez-toc-container-direction\">\n<div class=\"ez-toc-title-container\">\n<p class=\"ez-toc-title\" style=\"cursor:inherit\">Tabla de Contenido<\/p>\n<span class=\"ez-toc-title-toggle\"><a href=\"#\" class=\"ez-toc-pull-right ez-toc-btn ez-toc-btn-xs ez-toc-btn-default ez-toc-toggle\" aria-label=\"Alternar tabla de contenidos\"><span class=\"ez-toc-js-icon-con\"><span class=\"\"><span class=\"eztoc-hide\" style=\"display:none;\">Toggle<\/span><span class=\"ez-toc-icon-toggle-span\"><svg style=\"fill: #999;color:#999\" xmlns=\"http:\/\/www.w3.org\/2000\/svg\" class=\"list-377408\" width=\"20px\" height=\"20px\" viewBox=\"0 0 24 24\" fill=\"none\"><path d=\"M6 6H4v2h2V6zm14 0H8v2h12V6zM4 11h2v2H4v-2zm16 0H8v2h12v-2zM4 16h2v2H4v-2zm16 0H8v2h12v-2z\" fill=\"currentColor\"><\/path><\/svg><svg style=\"fill: #999;color:#999\" class=\"arrow-unsorted-368013\" xmlns=\"http:\/\/www.w3.org\/2000\/svg\" width=\"10px\" height=\"10px\" viewBox=\"0 0 24 24\" version=\"1.2\" baseProfile=\"tiny\"><path d=\"M18.2 9.3l-6.2-6.3-6.2 6.3c-.2.2-.3.4-.3.7s.1.5.3.7c.2.2.4.3.7.3h11c.3 0 .5-.1.7-.3.2-.2.3-.5.3-.7s-.1-.5-.3-.7zM5.8 14.7l6.2 6.3 6.2-6.3c.2-.2.3-.5.3-.7s-.1-.5-.3-.7c-.2-.2-.4-.3-.7-.3h-11c-.3 0-.5.1-.7.3-.2.2-.3.5-.3.7s.1.5.3.7z\"\/><\/svg><\/span><\/span><\/span><\/a><\/span><\/div>\n<nav><ul class='ez-toc-list ez-toc-list-level-1 ' ><li class='ez-toc-page-1 ez-toc-heading-level-3'><a class=\"ez-toc-link ez-toc-heading-1\" href=\"https:\/\/enfoquenoticioso.com\/?p=128619\/#EL_ULTIMO_VIDEO_DE_CAROLINA\" >EL \u00daLTIMO VIDEO DE CAROLINA<\/a><\/li><\/ul><\/nav><\/div>\n<h3 id=\"el-ultimo-video-de-carolina\" class=\"rb-heading-index-0-284639\"><span class=\"ez-toc-section\" id=\"EL_ULTIMO_VIDEO_DE_CAROLINA\"><\/span><strong>EL \u00daLTIMO VIDEO DE CAROLINA<\/strong><span class=\"ez-toc-section-end\"><\/span><\/h3>\n<p>La modelo e influencer no escondi\u00f3 el amor que sent\u00eda por su beb\u00e9 y\u00a0<strong>comparti\u00f3 en numerosas ocasiones videos juntos<\/strong>. Tras la tragedia, el \u00faltimo metraje que hab\u00eda publicado se viraliz\u00f3 en redes sociales.<\/p>\n<p>\u00ab<strong>\u00bfT\u00fa qu\u00e9 vas a saber de amor si nunca te subieron los piecitos as\u00ed?<\/strong>\u00bb, indicaba el conmovedor video publicado por Carolina Flores. En las im\u00e1genes se ve a la modelo acostada con su beb\u00e9.<\/p>\n<p>Reportes extraoficiales indican que\u00a0<strong>Carolina Flores y su suegra<\/strong>\u00a0tuvieron problemas en los \u00faltimos meses. Aparentemente, llegaron a tener una buena relaci\u00f3n, pero el detonante del conflicto habr\u00eda sido el embarazo y nacimiento del beb\u00e9.<\/p>\n<\/p><\/div>\n<p><a href=\"https:\/\/noticiasaldiayalahora.co\/internacionales\/que-pasara-con-el-bebe-de-la-exreina-de-belleza-tras-ser-asesinada-por-su-suegra\/\" class=\" target=\" title=\"\u00bfQu\u00e9 pasar\u00e1 con el beb\u00e9 de la exreina de belleza tras ser asesinada por su suegra?\" target=\"_blank\" rel=\"noopener\">Ver fuente<\/a><\/p>\n","protected":false},"excerpt":{"rendered":"<p>Carolina Flores, una popular exreina de belleza mexicana de 27 a\u00f1os, fue\u00a0asesinada la semana pasada en manos de su suegra. Mientras que se mantiene la conmoci\u00f3n por el crimen, surgen dudas sobre el futuro de su beb\u00e9 de apenas ocho meses. Reyna Flores, madre de la modelo, habl\u00f3 con la presentadora Kerly Ru\u00edz en\u00a0Univisi\u00f3n. Entre [&hellip;]<\/p>\n","protected":false},"author":2,"featured_media":128620,"comment_status":"open","ping_status":"closed","sticky":false,"template":"","format":"standard","meta":{"footnotes":""},"categories":[6],"tags":[],"class_list":["post-128619","post","type-post","status-publish","format-standard","has-post-thumbnail","hentry","category-internacionales"],"_links":{"self":[{"href":"https:\/\/enfoquenoticioso.com\/index.php?rest_route=\/wp\/v2\/posts\/128619","targetHints":{"allow":["GET"]}}],"collection":[{"href":"https:\/\/enfoquenoticioso.com\/index.php?rest_route=\/wp\/v2\/posts"}],"about":[{"href":"https:\/\/enfoquenoticioso.com\/index.php?rest_route=\/wp\/v2\/types\/post"}],"author":[{"embeddable":true,"href":"https:\/\/enfoquenoticioso.com\/index.php?rest_route=\/wp\/v2\/users\/2"}],"replies":[{"embeddable":true,"href":"https:\/\/enfoquenoticioso.com\/index.php?rest_route=%2Fwp%2Fv2%2Fcomments&post=128619"}],"version-history":[{"count":0,"href":"https:\/\/enfoquenoticioso.com\/index.php?rest_route=\/wp\/v2\/posts\/128619\/revisions"}],"wp:featuredmedia":[{"embeddable":true,"href":"https:\/\/enfoquenoticioso.com\/index.php?rest_route=\/wp\/v2\/media\/128620"}],"wp:attachment":[{"href":"https:\/\/enfoquenoticioso.com\/index.php?rest_route=%2Fwp%2Fv2%2Fmedia&parent=128619"}],"wp:term":[{"taxonomy":"category","embeddable":true,"href":"https:\/\/enfoquenoticioso.com\/index.php?rest_route=%2Fwp%2Fv2%2Fcategories&post=128619"},{"taxonomy":"post_tag","embeddable":true,"href":"https:\/\/enfoquenoticioso.com\/index.php?rest_route=%2Fwp%2Fv2%2Ftags&post=128619"}],"curies":[{"name":"wp","href":"https:\/\/api.w.org\/{rel}","templated":true}]}}