{"id":128621,"date":"2026-04-26T13:17:11","date_gmt":"2026-04-26T13:17:11","guid":{"rendered":"https:\/\/enfoquenoticioso.com\/?p=128621"},"modified":"2026-04-26T13:17:11","modified_gmt":"2026-04-26T13:17:11","slug":"5-cosas-que-debes-saber-de-el-diablo-viste-de-prada-2-antes-de-ver-la-pelicula","status":"publish","type":"post","link":"https:\/\/enfoquenoticioso.com\/?p=128621","title":{"rendered":"5 cosas que debes saber de \u2018El diablo viste de Prada 2\u2019 antes de ver la\u00a0pel\u00edcula"},"content":{"rendered":"<figure><img loading=\"lazy\" decoding=\"async\" width=\"1024\" height=\"691\" src=\"https:\/\/i0.wp.com\/imgs.hipertextual.com\/wp-content\/uploads\/2026\/04\/the-devil-wears-prada-2-marketing-2270368033.jpg?fit=1024%2C691&amp;quality=70&amp;strip=all&amp;ssl=1\" class=\"attachment-rss-image-size size-rss-image-size wp-post-image\" alt=\"\" \/><\/figure>\n<p><em><a href=\"https:\/\/hipertextual.com\/cine-television\/maravilloso-trailer-de-el-diablo-viste-de-prada-2-con-anne-hathaway-meryl-streep-y-mas-regresos\/\" target=\"_blank\" rel=\"noopener\">El diablo viste de Prada 2<\/a><\/em> se ha convertido <a href=\"https:\/\/hipertextual.com\/cine-television\/el-diablo-viste-de-prada-2-todo-lo-que-sabemos-sobre-la-secuela\/\" target=\"_blank\" rel=\"noopener\">en todo un evento medi\u00e1tico<\/a> y de la cultura pop que sorprende por su alcance. Sin haberse estrenado a\u00fan, ya se predice que ser\u00e1 un \u00e9xito de taquilla considerable. Todo un logro para la secuela tard\u00eda de ic\u00f3nica cinta del 2006. Pero lo m\u00e1s interesante es el hecho de que la premisa sobre el mundo de la moda convertido en campo de batalla entre ambiciones no parece haber perdido vigencia. Tampoco brillo y capacidad para intrigar a los fan\u00e1ticos. Todo, en medio de especulaciones de c\u00f3mo la temible Miranda Priestly (<a href=\"https:\/\/hipertextual.com\/cine-television\/maravilloso-trailer-de-el-diablo-viste-de-prada-2-con-anne-hathaway-meryl-streep-y-mas-regresos\/\" target=\"_blank\" rel=\"noopener\">Meryl Streep<\/a>) <strong>enfrentar\u00e1 un panorama dominado por <em>influencers<\/em> y la popularidad en redes.&nbsp;<\/strong><\/p>\n<p>Pero m\u00e1s all\u00e1 de eso, la pel\u00edcula, que ha tenido una intensa campa\u00f1a de promoci\u00f3n h\u00e1bil y original, es un fen\u00f3meno en s\u00ed misma. En especial, porque demostr\u00f3 que la expectaci\u00f3n en torno al estreno nace principalmente de la nostalgia cultural. Tambi\u00e9n, del estatus de culto que la pel\u00edcula original de 2006 ha consolidado en las \u00faltimas dos d\u00e9cadas. No se trata solo de una secuela, sino del regreso de <strong>un fen\u00f3meno que transform\u00f3 la percepci\u00f3n del mundo editorial y la moda en el cine.\u00a0<\/strong><\/p>\n<p>Pero claro, el p\u00fablico est\u00e1 ansioso por ver c\u00f3mo personajes tan ic\u00f3nicos como los de su historia se adaptan al panorama medi\u00e1tico contempor\u00e1neo. En especial, cuando las revistas impresas luchan por sobrevivir frente al dominio de las redes sociales en la conversaci\u00f3n sobre la tendencia. De modo que la gran pregunta es si <em>El diablo viste de Prada 2<\/em> mantendr\u00e1 esa mezcla perfecta de humor \u00e1cido, elegancia y cr\u00edtica social que la defini\u00f3. <strong>Por lo pronto, todo parece indicar que s\u00ed.&nbsp;<\/strong><\/p>\n<div id=\"ez-toc-container\" class=\"ez-toc-v2_0_81 counter-hierarchy ez-toc-counter ez-toc-grey ez-toc-container-direction\">\n<div class=\"ez-toc-title-container\">\n<p class=\"ez-toc-title\" style=\"cursor:inherit\">Tabla de Contenido<\/p>\n<span class=\"ez-toc-title-toggle\"><a href=\"#\" class=\"ez-toc-pull-right ez-toc-btn ez-toc-btn-xs ez-toc-btn-default ez-toc-toggle\" aria-label=\"Alternar tabla de contenidos\"><span class=\"ez-toc-js-icon-con\"><span class=\"\"><span class=\"eztoc-hide\" style=\"display:none;\">Toggle<\/span><span class=\"ez-toc-icon-toggle-span\"><svg style=\"fill: #999;color:#999\" xmlns=\"http:\/\/www.w3.org\/2000\/svg\" class=\"list-377408\" width=\"20px\" height=\"20px\" viewBox=\"0 0 24 24\" fill=\"none\"><path d=\"M6 6H4v2h2V6zm14 0H8v2h12V6zM4 11h2v2H4v-2zm16 0H8v2h12v-2zM4 16h2v2H4v-2zm16 0H8v2h12v-2z\" fill=\"currentColor\"><\/path><\/svg><svg style=\"fill: #999;color:#999\" class=\"arrow-unsorted-368013\" xmlns=\"http:\/\/www.w3.org\/2000\/svg\" width=\"10px\" height=\"10px\" viewBox=\"0 0 24 24\" version=\"1.2\" baseProfile=\"tiny\"><path d=\"M18.2 9.3l-6.2-6.3-6.2 6.3c-.2.2-.3.4-.3.7s.1.5.3.7c.2.2.4.3.7.3h11c.3 0 .5-.1.7-.3.2-.2.3-.5.3-.7s-.1-.5-.3-.7zM5.8 14.7l6.2 6.3 6.2-6.3c.2-.2.3-.5.3-.7s-.1-.5-.3-.7c-.2-.2-.4-.3-.7-.3h-11c-.3 0-.5.1-.7.3-.2.2-.3.5-.3.7s.1.5.3.7z\"\/><\/svg><\/span><\/span><\/span><\/a><\/span><\/div>\n<nav><ul class='ez-toc-list ez-toc-list-level-1 ' ><ul class='ez-toc-list-level-3' ><li class='ez-toc-heading-level-3'><a class=\"ez-toc-link ez-toc-heading-1\" href=\"https:\/\/enfoquenoticioso.com\/?p=128621\/#Cumpliendo_una_promesa_para_una_gran_secuela\" >Cumpliendo una promesa para una gran secuela<\/a><\/li><\/ul><\/li><li class='ez-toc-page-1 ez-toc-heading-level-2'><a class=\"ez-toc-link ez-toc-heading-2\" href=\"https:\/\/enfoquenoticioso.com\/?p=128621\/#Regresa_lo_mejor_de_%E2%80%98El_diablo_viste_de_Prada\" >Regresa lo mejor de \u2018El diablo viste de Prada\u2019<\/a><\/li><li class='ez-toc-page-1 ez-toc-heading-level-2'><a class=\"ez-toc-link ez-toc-heading-3\" href=\"https:\/\/enfoquenoticioso.com\/?p=128621\/#La_trama_y_el_duelo_de_poder\" >La trama y el duelo de poder<\/a><\/li><li class='ez-toc-page-1 ez-toc-heading-level-2'><a class=\"ez-toc-link ez-toc-heading-4\" href=\"https:\/\/enfoquenoticioso.com\/?p=128621\/#Andy_Sachs_y_su_nuevo_rol\" >Andy Sachs y su nuevo rol<\/a><\/li><li class='ez-toc-page-1 ez-toc-heading-level-2'><a class=\"ez-toc-link ez-toc-heading-5\" href=\"https:\/\/enfoquenoticioso.com\/?p=128621\/#Produccion_y_diseno_de_alto_nivel\" >Producci\u00f3n y dise\u00f1o de alto nivel<\/a><\/li><li class='ez-toc-page-1 ez-toc-heading-level-2'><a class=\"ez-toc-link ez-toc-heading-6\" href=\"https:\/\/enfoquenoticioso.com\/?p=128621\/#Cameos_van_y_cameos_vienen_para_una_de_las_peliculas_del_ano\" >Cameos van y cameos vienen para una de las pel\u00edculas del a\u00f1o<\/a><\/li><\/ul><\/nav><\/div>\n<h3 class=\"wp-block-heading\" id=\"h-cumpliendo-una-promesa-para-una-gran-secuela\"><span class=\"ez-toc-section\" id=\"Cumpliendo_una_promesa_para_una_gran_secuela\"><\/span>Cumpliendo una promesa para una gran secuela <span class=\"ez-toc-section-end\"><\/span><\/h3>\n<p>A la vez, la cinta romper\u00e1 algunos esquemas e innovar\u00e1 en su ya conocida personalidad. Para explorar en el tema, te dejamos cinco cosas que deber\u00edas saber sobre <em>El diablo viste de Prada 2<\/em> antes de ver la pel\u00edcula. Sobre qui\u00e9n regresa (y qui\u00e9n no) para la secuela, hasta el enfoque que mantendr\u00e1 la cinta sobre el mundo de la moda. Todo para fan\u00e1ticos entusiastas e incluso el p\u00fablico generalista que quiere subir <strong>al barco de este estreno que promete marcar un hito cinematogr\u00e1fico.&nbsp;<\/strong><\/p>\n<h2 class=\"wp-block-heading\" id=\"h-regresa-lo-mejor-de-el-diablo-viste-de-nbsp-prada\"><span class=\"ez-toc-section\" id=\"Regresa_lo_mejor_de_%E2%80%98El_diablo_viste_de_Prada\"><\/span>Regresa lo mejor de \u2018El diablo viste de Prada\u2019<span class=\"ez-toc-section-end\"><\/span><\/h2>\n<figure class=\"wp-block-image alignwide size-full\"><img loading=\"lazy\" decoding=\"async\" data-recalc-dims=\"1\" width=\"780\" height=\"439\" src=\"https:\/\/i0.wp.com\/imgs.hipertextual.com\/wp-content\/uploads\/2026\/02\/the-devil-wears-prada-2-_1__1.jpg?resize=780%2C439&#038;quality=70&#038;strip=all&#038;ssl=1\" alt=\"\" class=\"wp-image-1873496\" \/><\/figure>\n<p>Claro est\u00e1, el factor determinante de este fervor es la confirmaci\u00f3n del elenco original para la secuela. Especialmente la participaci\u00f3n de Meryl Streep, <a href=\"https:\/\/hipertextual.com\/cine-television\/tres-razones-para-ver-la-idea-de-tenerte-lo-nuevo-de-anne-hathaway\/\" target=\"_blank\" rel=\"noopener\">Anne Hathaway<\/a> y <a href=\"https:\/\/hipertextual.com\/cine-television\/un-lugar-tranquilo-3-reparto-2027\/\" target=\"_blank\" rel=\"noopener\">Emily Blunt<\/a>. La qu\u00edmica entre estas actrices es el coraz\u00f3n de la historia, y la posibilidad de explorar <strong>la evoluci\u00f3n de sus din\u00e1micas de poder en una era post-<em>Runway<\/em> genera una intriga fascinante.<\/strong><\/p>\n<p>Por lo que la trama mostrar\u00e1 a una Miranda Priestly enfrentando el declive de su imperio. Por lo que deber\u00e1 enfrentar a una Emily Charlton (Blunt) convertida en una ejecutiva de alto nivel. Algo que a\u00f1ade una capa de justicia po\u00e9tica y modernidad al guion. Un giro que brinda a la cinta sustancia y tambi\u00e9n un comentario sagaz sobre la ambici\u00f3n femenina. A la vez, c\u00f3mo ha cambiado el mundo al que pertenec\u00eda Andy (Hathaway) <strong>cuando dej\u00f3 su tel\u00e9fono m\u00f3vil en la fuente de Par\u00eds.<\/strong><\/p>\n<p>Por supuesto, un elemento de enorme inter\u00e9s es que <em>El diablo viste de Prada 2<\/em> plantea un contexto de crisis medi\u00e1tica y transformaci\u00f3n cultural. Uno, adem\u00e1s, en el que el prestigio de la revista <em>Runway<\/em> ya no depende exclusivamente de la visi\u00f3n art\u00edstica de Miranda Priestly. Por lo que deber\u00e1 enfrentar algoritmos y m\u00e9tricas digitales. En este nuevo ecosistema, la pel\u00edcula explora la vulnerabilidad de una figura que antes era considerada intocable. As\u00ed que Miranda ahora debe navegar en un mundo donde el buen gusto es dictado por tendencias virales de <em><a href=\"https:\/\/hipertextual.com\/guias\/que-es-tiktok-pro\/\" target=\"_blank\" rel=\"noopener\">TikTok<\/a><\/em> y <strong>no solo por las p\u00e1ginas de una publicaci\u00f3n de lujo.&nbsp;<\/strong><\/p>\n<h2 class=\"wp-block-heading\" id=\"h-la-trama-y-el-duelo-de-nbsp-poder\"><span class=\"ez-toc-section\" id=\"La_trama_y_el_duelo_de_poder\"><\/span>La trama y el duelo de poder<span class=\"ez-toc-section-end\"><\/span><\/h2>\n<figure class=\"wp-block-image alignwide size-large\"><img loading=\"lazy\" decoding=\"async\" data-recalc-dims=\"1\" width=\"780\" height=\"520\" src=\"https:\/\/i0.wp.com\/imgs.hipertextual.com\/wp-content\/uploads\/2026\/04\/El-dianlo-viste-de-Prada-2-Hipertextual-1500x1000.jpg?resize=780%2C520&#038;quality=70&#038;strip=all&#038;ssl=1\" alt=\"\" class=\"wp-image-1882661\" \/><\/figure>\n<p>A pesar de los rumores, los diferentes avances dejaron algo claro: la cinta contar\u00e1 una historia nueva para el cine. As\u00ed que el argumento se aleja del libro secuela (<em>La venganza viste de Prada<\/em>) para centrarse en otra premisa m\u00e1s complicada. A saber: <strong>en una Miranda Priestly que se enfrenta al declive de las revistas impresas en la era digital.&nbsp;<\/strong><\/p>\n<p>En un giro ir\u00f3nico, Miranda se ve obligada a enfrentarse a su antigua asistente, Emily Charlton. Esta \u00faltima, ahora una poderosa ejecutiva en un gran grupo de lujo (estilo LVMH). Miranda necesita desesperadamente los contratos publicitarios que <strong>Emily controla, lo que invierte las din\u00e1micas de poder que vimos en la primera entrega.<\/strong><\/p>\n<figure class=\"wp-block-image alignwide size-large\"><img decoding=\"async\" data-recalc-dims=\"1\" loading=\"lazy\" width=\"780\" height=\"520\" src=\"https:\/\/i0.wp.com\/imgs.hipertextual.com\/wp-content\/uploads\/2026\/04\/The-devil-Wears-Prada-1500x1000.jpg?resize=780%2C520&#038;quality=70&#038;strip=all&#038;ssl=1\" alt=\"\" class=\"wp-image-1882662\" \/><\/figure>\n<p>Pero m\u00e1s interesante todav\u00eda es que, a juzgar por su ingeniosa campa\u00f1a de promoci\u00f3n, <em>El diablo viste de Prada 2<\/em> utilizar\u00e1 la tendencia digital a su favor. Durante su rodaje, la producci\u00f3n se convirti\u00f3 en centro de inter\u00e9s medi\u00e1tico y en m\u00e1s de una ocasi\u00f3n viral, al sugerir cameos de todo tipo de celebridades. Y aunque todav\u00eda no est\u00e1 confirmado el extremo, s\u00ed mostr\u00f3 la capacidad <strong>de la pel\u00edcula para volverse un fen\u00f3meno sin depender del todo de la original.&nbsp;<\/strong><\/p>\n<h2 class=\"wp-block-heading\" id=\"h-andy-sachs-y-su-nuevo-nbsp-rol\"><span class=\"ez-toc-section\" id=\"Andy_Sachs_y_su_nuevo_rol\"><\/span>Andy Sachs y su nuevo rol<span class=\"ez-toc-section-end\"><\/span><\/h2>\n<figure class=\"wp-block-image alignwide size-large\"><img decoding=\"async\" data-recalc-dims=\"1\" loading=\"lazy\" width=\"780\" height=\"520\" src=\"https:\/\/i0.wp.com\/imgs.hipertextual.com\/wp-content\/uploads\/2026\/04\/Anne-Hathaway-Devil-Wears-Prada-2-looks-01-1500x1000.jpg?resize=780%2C520&#038;quality=70&#038;strip=all&#038;ssl=1\" alt=\"\" class=\"wp-image-1882663\" \/><\/figure>\n<p>Aunque Andy termin\u00f3 la primera pel\u00edcula trabajando en un peri\u00f3dico, en esta secuela regresa a la industria de la moda. De hecho, en <em>El diablo viste de Prada 2<\/em>, el personaje vuelve a <em>Runway<\/em> no como una asistente asustada, sino como una editora de reportajes respetada. <strong>Tambi\u00e9n, con una voz propia en la industria.&nbsp;<\/strong><\/p>\n<p>Por lo que, tras a\u00f1os de construir su carrera fuera de la sombra de Miranda, Andy se convierte en una pieza clave para rescatar la revista del declive. Esta nueva etapa la muestra mucho m\u00e1s segura de su estilo y sus decisiones, manteniendo su integridad period\u00edstica. O al menos, es la forma en que los avances <strong>han mostrado al querido personaje interpretado por Anne Hathaway.<\/strong><\/p>\n<p>Adem\u00e1s, su relaci\u00f3n con el resto de los personajes tambi\u00e9n da un giro de 180 grados. Especialmente con Emily Charlton, quien ahora es una ejecutiva de alto nivel en un conglomerado de lujo. Andy se encuentra en una posici\u00f3n inc\u00f3moda. Mientras intenta salvar el legado de Miranda, <strong>debe lidiar con una Emily que tiene los recursos financieros para decidir el futuro de la revista.&nbsp;<\/strong><\/p>\n<h2 class=\"wp-block-heading\" id=\"h-produccion-y-diseno-de-alto-nbsp-nivel\"><span class=\"ez-toc-section\" id=\"Produccion_y_diseno_de_alto_nivel\"><\/span>Producci\u00f3n y dise\u00f1o de alto nivel<span class=\"ez-toc-section-end\"><\/span><\/h2>\n<figure class=\"wp-block-image alignwide size-large\"><img decoding=\"async\" data-recalc-dims=\"1\" loading=\"lazy\" width=\"780\" height=\"520\" src=\"https:\/\/i0.wp.com\/imgs.hipertextual.com\/wp-content\/uploads\/2026\/04\/El-demonio-viste-Prada-2-1500x1000.jpg?resize=780%2C520&#038;quality=70&#038;strip=all&#038;ssl=1\" alt=\"\" class=\"wp-image-1882664\" \/><\/figure>\n<p>&nbsp;El equipo creativo original est\u00e1 de vuelta, con el director David Frankel y la guionista Aline Brosh McKenna liderando el proyecto. El rodaje se llev\u00f3 a cabo en locaciones ic\u00f3nicas como Nueva York, Mil\u00e1n y Newark. <strong>Algo que asegur\u00f3 que la est\u00e9tica visual mantenga el glamour caracter\u00edstico de la franquicia.&nbsp;<\/strong><\/p>\n<p>Con un presupuesto estimado de entre 100 y 150 millones de d\u00f3lares, la producci\u00f3n promete vestuarios espectaculares de marcas como Chanel, Valentino y Prada, adem\u00e1s de una banda sonora que incluye colaboraciones de artistas como Doechii. <strong>Todo un deleite para fan\u00e1ticos de la cinta original o solo del mundo de la moda.\u00a0<\/strong><\/p>\n<h2 class=\"wp-block-heading\" id=\"h-cameos-van-y-cameos-vienen-para-una-de-las-peliculas-del-nbsp-ano-nbsp\"><span class=\"ez-toc-section\" id=\"Cameos_van_y_cameos_vienen_para_una_de_las_peliculas_del_ano\"><\/span>Cameos van y cameos vienen para una de las pel\u00edculas del a\u00f1o <span class=\"ez-toc-section-end\"><\/span><\/h2>\n<figure class=\"wp-block-image alignwide size-large\"><img decoding=\"async\" data-recalc-dims=\"1\" loading=\"lazy\" width=\"780\" height=\"439\" src=\"https:\/\/i0.wp.com\/imgs.hipertextual.com\/wp-content\/uploads\/2026\/04\/devil-wears-prada-2-feature-1500x844.jpg?resize=780%2C439&#038;quality=70&#038;strip=all&#038;ssl=1\" alt=\"\" class=\"wp-image-1882665\" \/><\/figure>\n<p>El estreno de <em>El diablo viste de Prada 2<\/em> ha desatado <a href=\"https:\/\/www.wmagazine.com\/culture\/the-devil-wears-prada-2-celebrity-cameos\" target=\"_blank\" rel=\"noopener\">una ola de rumores sobre apariciones especiales<\/a>, la mayor\u00eda no confirmadas, pero posibles. Entre los nombres m\u00e1s sonados destaca la posible participaci\u00f3n de Lady Gaga, quien ha sido vinculada al proyecto tras reportes de filmaciones en Mil\u00e1n. Algo que sugiere un papel relacionado con la alta costura europea. Asimismo, \u00edconos del modelaje como Heidi Klum, quien ya apareci\u00f3 en la primera pel\u00edcula, y nuevas figuras como Anok Yai y la <em>influencer<\/em> Paige DeSorbo. Ambas han sido vistas en el set de Nueva York. <strong>Lo que parece coincidir con la idea de que la cinta integrar\u00e1 a la nueva generaci\u00f3n de estrellas digitales.\u00a0<\/strong><\/p>\n<p>El mundo del dise\u00f1o tambi\u00e9n tendr\u00e1 una presencia fuerte con supuestos cameos de leyendas como Donatella Versace y Marc Jacobs. Un giro que subraya la relevancia de la pel\u00edcula dentro de la industria real. Adem\u00e1s, se especula sobre la inclusi\u00f3n de figuras medi\u00e1ticas de la vida real, como la periodista Kara Swisher y la exeditora de Vanity Fair, Tina Brown. Lo que podr\u00eda aportar un toque de realismo <strong>al conflicto sobre el declive de las revistas impresas frente al poder digital.\u00a0<\/strong><\/p>\n<p>Incluso estrellas de la m\u00fasica como Jon Batiste y la modelo Ashley Graham han sido mencionadas como parte de las sorpresas que depara el rodaje.&nbsp;Claro est\u00e1&nbsp;, uno de los puntos m\u00e1s debatidos es el posible regreso de Gisele B\u00fcndchen en su papel de Serena. Pero por ahora, m\u00e1s all\u00e1 de algunas insinuaciones de la agente de la exmodelo, nada es seguro al respecto. \u00bfUn dato curioso? Acaba de revelarse <a href=\"https:\/\/hipertextual.com\/cine-television\/euphoria-enciende-las-redes-con-el-desnudo-integral-de-sydney-sweeney-es-porno\/\" target=\"_blank\" rel=\"noopener\">que la pol\u00e9mica<\/a> <a href=\"https:\/\/hipertextual.com\/cine-television\/la-polemica-alrededor-de-sydney-sweeney-explicada-paso-a-paso\/\" target=\"_blank\" rel=\"noopener\">Sydney Sweeney<\/a> <strong>ten\u00eda un cameo en la pel\u00edcula, <a href=\"https:\/\/ew.com\/syndey-sweeney-cameo-cut-devil-wears-prada-2-11954299#:~:text=Entertainment%20Weekly%20has%20exclusively%20learned,which%20also%20featured%20Emily%20Blunt.\" target=\"_blank\" rel=\"noopener\">pero fue eliminado por diferencias creativas<\/a>. <\/strong><\/p>\n<p>Seguir leyendo: <a href=\"https:\/\/hipertextual.com\/cine-television\/5-cosas-que-debes-saber-de-el-diablo-viste-de-prada-2-antes-de-ver-la-pelicula\/\" target=\"_blank\" rel=\"noopener\">5 cosas que debes saber de \u2018El diablo viste de Prada 2\u2019 antes de ver la\u00a0pel\u00edcula<\/a><\/p>\n<p><a href=\"https:\/\/hipertextual.com\/cine-television\/5-cosas-que-debes-saber-de-el-diablo-viste-de-prada-2-antes-de-ver-la-pelicula\/\" class=\" target=\" title=\"5 cosas que debes saber de \u2018El diablo viste de Prada 2\u2019 antes de ver la\u00a0pel\u00edcula\" target=\"_blank\" rel=\"noopener\">Ver fuente<\/a><\/p>\n","protected":false},"excerpt":{"rendered":"<p>El diablo viste de Prada 2 se ha convertido en todo un evento medi\u00e1tico y de la cultura pop que sorprende por su alcance. Sin haberse estrenado a\u00fan, ya se predice que ser\u00e1 un \u00e9xito de taquilla considerable. Todo un logro para la secuela tard\u00eda de ic\u00f3nica cinta del 2006. Pero lo m\u00e1s interesante es [&hellip;]<\/p>\n","protected":false},"author":2,"featured_media":128622,"comment_status":"open","ping_status":"closed","sticky":false,"template":"","format":"standard","meta":{"footnotes":""},"categories":[9],"tags":[],"class_list":["post-128621","post","type-post","status-publish","format-standard","has-post-thumbnail","hentry","category-tecnologia"],"_links":{"self":[{"href":"https:\/\/enfoquenoticioso.com\/index.php?rest_route=\/wp\/v2\/posts\/128621","targetHints":{"allow":["GET"]}}],"collection":[{"href":"https:\/\/enfoquenoticioso.com\/index.php?rest_route=\/wp\/v2\/posts"}],"about":[{"href":"https:\/\/enfoquenoticioso.com\/index.php?rest_route=\/wp\/v2\/types\/post"}],"author":[{"embeddable":true,"href":"https:\/\/enfoquenoticioso.com\/index.php?rest_route=\/wp\/v2\/users\/2"}],"replies":[{"embeddable":true,"href":"https:\/\/enfoquenoticioso.com\/index.php?rest_route=%2Fwp%2Fv2%2Fcomments&post=128621"}],"version-history":[{"count":0,"href":"https:\/\/enfoquenoticioso.com\/index.php?rest_route=\/wp\/v2\/posts\/128621\/revisions"}],"wp:featuredmedia":[{"embeddable":true,"href":"https:\/\/enfoquenoticioso.com\/index.php?rest_route=\/wp\/v2\/media\/128622"}],"wp:attachment":[{"href":"https:\/\/enfoquenoticioso.com\/index.php?rest_route=%2Fwp%2Fv2%2Fmedia&parent=128621"}],"wp:term":[{"taxonomy":"category","embeddable":true,"href":"https:\/\/enfoquenoticioso.com\/index.php?rest_route=%2Fwp%2Fv2%2Fcategories&post=128621"},{"taxonomy":"post_tag","embeddable":true,"href":"https:\/\/enfoquenoticioso.com\/index.php?rest_route=%2Fwp%2Fv2%2Ftags&post=128621"}],"curies":[{"name":"wp","href":"https:\/\/api.w.org\/{rel}","templated":true}]}}