{"id":128631,"date":"2026-04-26T14:24:54","date_gmt":"2026-04-26T14:24:54","guid":{"rendered":"https:\/\/enfoquenoticioso.com\/?p=128631"},"modified":"2026-04-26T14:24:54","modified_gmt":"2026-04-26T14:24:54","slug":"eugenio-suarez-fue-puesto-en-lista-de-lesionados","status":"publish","type":"post","link":"https:\/\/enfoquenoticioso.com\/?p=128631","title":{"rendered":"Eugenio Su\u00e1rez fue puesto en lista de lesionados"},"content":{"rendered":"<div data-td-block-uid=\"tdi_72\">\n<div class=\"tdb-block-inner td-fix-index\">\n<p>Los Rojos de Cincinnati anunciaron que Eugenio Su\u00e1rez fue puesto en la lista de lesionados debido a una molestia f\u00edsica en la zona del oblicuo izquierdo, seg\u00fan la informaci\u00f3n dada por el conjunto este s\u00e1bado.<\/p>\n<p>Geno deber\u00e1 hacer una pausa obligatoria en su actividad esta temporada Rojos tom\u00f3 la decisi\u00f3n de inscribir al bateador designado en la lista de lesionados por 10 d\u00edas, con una retroactividad que comienza desde el pasado 23 de abril.<\/p>\n<figure class=\"wp-block-embed is-type-rich is-provider-twitter wp-block-embed-twitter\">\n<div class=\"wp-block-embed__wrapper\">\n<blockquote class=\"twitter-tweet\" data-width=\"550\" data-dnt=\"true\">\n<p lang=\"en\" dir=\"ltr\">Players Removed from <a href=\"https:\/\/twitter.com\/hashtag\/MLB?src=hash&amp;ref_src=twsrc%5Etfw\" target=\"_blank\" rel=\"noopener\">#MLB<\/a> 26-Man Roster <a href=\"https:\/\/twitter.com\/hashtag\/CincinnatiReds?src=hash&amp;ref_src=twsrc%5Etfw\" target=\"_blank\" rel=\"noopener\">#CincinnatiReds<\/a>:<br \/>-Eugenio Su\u00e1rez [Injured 10-Day]<br \/>-Kyle Nicolas [Reassigned to Minors]<\/p>\n<p>\u2014 MLB Roster Tracker (@MLBRosterStatus) <a href=\"https:\/\/twitter.com\/MLBRosterStatus\/status\/2048129990282428692?ref_src=twsrc%5Etfw\" target=\"_blank\" rel=\"noopener\">April 25, 2026<\/a><\/p><\/blockquote>\n<\/div>\n<\/figure>\n<p>\u201cEstaba tomando pr\u00e1ctica de bateo (el viernes) y sinti\u00f3 el costado. Hizo su \u00faltimo swing y como que lo sinti\u00f3. No pens\u00f3 que fuera nada. Fuimos y le hicimos una resonancia magn\u00e9tica y tiene una lesi\u00f3n leve del oblicuo. La esperanza es que, despu\u00e9s de posiblemente cinco o seis d\u00edas, si sus s\u00edntomas desaparecen, le hagamos im\u00e1genes otra vez\u201d, se\u00f1al\u00f3 el m\u00e1nager de los Rojos, Terry Francona.<\/p>\n<p>Tras el inconveniente, el criollo fue retirado del orden al bate minutos antes de comenzar el primer enfrentamiento de la serie frente a los Tigres de Detroit.<\/p>\n<p><strong>Lee tambi\u00e9n:<a href=\"http:\/\/Ildemaro Vargas no para y extiende su racha\">Ildemaro Vargas no para y extiende su racha<\/a><\/strong><\/p>\n<p>Actualmente Su\u00e1rez batea para .231 con tres jonrones, tres dobles y 11 carreras impulsadas en 25 juegos tras su regreso al conjunto de Cincinnati.<\/p>\n<\/div>\n<\/div>\n<p><script async src=\"\/\/platform.twitter.com\/widgets.js\" charset=\"utf-8\"><\/script><br \/>\n<br \/><a href=\"https:\/\/www.liderendeportes.com\/noticias\/venezolanos-mlb\/eugenio-suarez-fue-puesto-en-lista-de-lesionados\/\" class=\" target=\" title=\"Eugenio Su\u00e1rez fue puesto en lista de lesionados\" target=\"_blank\" rel=\"noopener\">Ver fuente<\/a><\/p>\n","protected":false},"excerpt":{"rendered":"<p>Los Rojos de Cincinnati anunciaron que Eugenio Su\u00e1rez fue puesto en la lista de lesionados debido a una molestia f\u00edsica en la zona del oblicuo izquierdo, seg\u00fan la informaci\u00f3n dada por el conjunto este s\u00e1bado. Geno deber\u00e1 hacer una pausa obligatoria en su actividad esta temporada Rojos tom\u00f3 la decisi\u00f3n de inscribir al bateador designado [&hellip;]<\/p>\n","protected":false},"author":2,"featured_media":128632,"comment_status":"open","ping_status":"closed","sticky":false,"template":"","format":"standard","meta":{"footnotes":""},"categories":[7],"tags":[],"class_list":["post-128631","post","type-post","status-publish","format-standard","has-post-thumbnail","hentry","category-deporte"],"_links":{"self":[{"href":"https:\/\/enfoquenoticioso.com\/index.php?rest_route=\/wp\/v2\/posts\/128631","targetHints":{"allow":["GET"]}}],"collection":[{"href":"https:\/\/enfoquenoticioso.com\/index.php?rest_route=\/wp\/v2\/posts"}],"about":[{"href":"https:\/\/enfoquenoticioso.com\/index.php?rest_route=\/wp\/v2\/types\/post"}],"author":[{"embeddable":true,"href":"https:\/\/enfoquenoticioso.com\/index.php?rest_route=\/wp\/v2\/users\/2"}],"replies":[{"embeddable":true,"href":"https:\/\/enfoquenoticioso.com\/index.php?rest_route=%2Fwp%2Fv2%2Fcomments&post=128631"}],"version-history":[{"count":0,"href":"https:\/\/enfoquenoticioso.com\/index.php?rest_route=\/wp\/v2\/posts\/128631\/revisions"}],"wp:featuredmedia":[{"embeddable":true,"href":"https:\/\/enfoquenoticioso.com\/index.php?rest_route=\/wp\/v2\/media\/128632"}],"wp:attachment":[{"href":"https:\/\/enfoquenoticioso.com\/index.php?rest_route=%2Fwp%2Fv2%2Fmedia&parent=128631"}],"wp:term":[{"taxonomy":"category","embeddable":true,"href":"https:\/\/enfoquenoticioso.com\/index.php?rest_route=%2Fwp%2Fv2%2Fcategories&post=128631"},{"taxonomy":"post_tag","embeddable":true,"href":"https:\/\/enfoquenoticioso.com\/index.php?rest_route=%2Fwp%2Fv2%2Ftags&post=128631"}],"curies":[{"name":"wp","href":"https:\/\/api.w.org\/{rel}","templated":true}]}}