{"id":128635,"date":"2026-04-26T15:21:05","date_gmt":"2026-04-26T15:21:05","guid":{"rendered":"https:\/\/enfoquenoticioso.com\/?p=128635"},"modified":"2026-04-26T15:21:05","modified_gmt":"2026-04-26T15:21:05","slug":"5-series-de-terror-perfectas-para-ver-si-te-gusta-from","status":"publish","type":"post","link":"https:\/\/enfoquenoticioso.com\/?p=128635","title":{"rendered":"5 series de terror perfectas para ver si te gusta\u00a0\u2018From\u2019"},"content":{"rendered":"<figure><img loading=\"lazy\" decoding=\"async\" width=\"1024\" height=\"614\" src=\"https:\/\/i0.wp.com\/imgs.hipertextual.com\/wp-content\/uploads\/2026\/04\/From-temporada-4.jpg?fit=1024%2C614&amp;quality=70&amp;strip=all&amp;ssl=1\" class=\"attachment-rss-image-size size-rss-image-size wp-post-image\" alt=\"From temporada 4\" \/><\/figure>\n<p><a href=\"https:\/\/hipertextual.com\/cine-television\/calendario-completo-from-temporada-4-explicado-numero-de-episodios-y-fechas-de-estreno\/\" target=\"_blank\" rel=\"noopener\"><em>From<\/em> se ha convertido en un \u00e9xito<\/a>, uno que el entusiasmo alrededor <a href=\"https:\/\/hipertextual.com\/cine-television\/a-que-hora-se-estrena-la-temporada-4-de-from\/\" target=\"_blank\" rel=\"noopener\">de su cuarta temporada <\/a>no ha hecho m\u00e1s que reafirmar. Por supuesto, no es una sorpresa para los amantes del terror. Desde su estreno en 2022, la historia de un pueblo que cualquiera puede encontrar pero nadie abandonar sorprendi\u00f3. No solo por recordar a cl\u00e1sicos como Lost (Perdidos), sino adem\u00e1s, construir un universo que entrega tras entrega no ha hecho m\u00e1s que hacerse m\u00e1s complicado. Tambi\u00e9n, m\u00e1s atractivo para los fan\u00e1ticos devotos que disfrutan creando teor\u00edas y analizando <strong>el tenebroso mundo de la producci\u00f3n desde todos los puntos de vista.&nbsp;<\/strong><\/p>\n<p>Claro est\u00e1, no se trata de un fen\u00f3meno \u00fanico. Con frecuencia, el g\u00e9nero de terror encuentra en el formato de serie una libertad narrativa que el cine. Algo que permite que una buena cantidad de historias encuentren en el formato la mejor posibilidad para explorar en universos complejos y retorcidos. Por un lado, gracias a la ventaja de la capacidad de construir una atm\u00f3sfera de tensi\u00f3n sostenida a lo largo de muchas horas. Mientras que una pel\u00edcula debe resolver su conflicto en apenas 120 minutos, <strong>una serie como <em>From<\/em> puede permitirse el lujo de cocinar a fuego lento el miedo.<\/strong><\/p>\n<p>Otra ventaja fundamental es la profundidad en el desarrollo de personajes, algo que genera una conexi\u00f3n emocional mucho m\u00e1s fuerte que aumenta el impacto del horror. Condiciones ideales para investigar situaciones misteriosas, enigmas de largo alcance y circunstancias terror\u00edficas. Como From ha demostrado. Pero no es la \u00fanica serie capaz de utilizar el formato epis\u00f3dico a su favor. Si eres amante del terror, esta lista con nuestras cinco recomendaciones para amantes del terror es para ti. De una rareza que te sorprender\u00e1 a un relato terror\u00edfico que te dar\u00e1 pesadillas. <strong>Todo para los fan\u00e1ticos de las historias espeluznantes.&nbsp;<\/strong><\/p>\n<div id=\"ez-toc-container\" class=\"ez-toc-v2_0_81 counter-hierarchy ez-toc-counter ez-toc-grey ez-toc-container-direction\">\n<div class=\"ez-toc-title-container\">\n<p class=\"ez-toc-title\" style=\"cursor:inherit\">Tabla de Contenido<\/p>\n<span class=\"ez-toc-title-toggle\"><a href=\"#\" class=\"ez-toc-pull-right ez-toc-btn ez-toc-btn-xs ez-toc-btn-default ez-toc-toggle\" aria-label=\"Alternar tabla de contenidos\"><span class=\"ez-toc-js-icon-con\"><span class=\"\"><span class=\"eztoc-hide\" style=\"display:none;\">Toggle<\/span><span class=\"ez-toc-icon-toggle-span\"><svg style=\"fill: #999;color:#999\" xmlns=\"http:\/\/www.w3.org\/2000\/svg\" class=\"list-377408\" width=\"20px\" height=\"20px\" viewBox=\"0 0 24 24\" fill=\"none\"><path d=\"M6 6H4v2h2V6zm14 0H8v2h12V6zM4 11h2v2H4v-2zm16 0H8v2h12v-2zM4 16h2v2H4v-2zm16 0H8v2h12v-2z\" fill=\"currentColor\"><\/path><\/svg><svg style=\"fill: #999;color:#999\" class=\"arrow-unsorted-368013\" xmlns=\"http:\/\/www.w3.org\/2000\/svg\" width=\"10px\" height=\"10px\" viewBox=\"0 0 24 24\" version=\"1.2\" baseProfile=\"tiny\"><path d=\"M18.2 9.3l-6.2-6.3-6.2 6.3c-.2.2-.3.4-.3.7s.1.5.3.7c.2.2.4.3.7.3h11c.3 0 .5-.1.7-.3.2-.2.3-.5.3-.7s-.1-.5-.3-.7zM5.8 14.7l6.2 6.3 6.2-6.3c.2-.2.3-.5.3-.7s-.1-.5-.3-.7c-.2-.2-.4-.3-.7-.3h-11c-.3 0-.5.1-.7.3-.2.2-.3.5-.3.7s.1.5.3.7z\"\/><\/svg><\/span><\/span><\/span><\/a><\/span><\/div>\n<nav><ul class='ez-toc-list ez-toc-list-level-1 ' ><li class='ez-toc-page-1 ez-toc-heading-level-2'><a class=\"ez-toc-link ez-toc-heading-1\" href=\"https:\/\/enfoquenoticioso.com\/?p=128635\/#Teacup_SkyShowtime\" >Teacup (SkyShowtime)<\/a><\/li><li class='ez-toc-page-1 ez-toc-heading-level-2'><a class=\"ez-toc-link ez-toc-heading-2\" href=\"https:\/\/enfoquenoticioso.com\/?p=128635\/#Silo_Apple_TV\" >Silo (Apple TV)<\/a><\/li><li class='ez-toc-page-1 ez-toc-heading-level-2'><a class=\"ez-toc-link ez-toc-heading-3\" href=\"https:\/\/enfoquenoticioso.com\/?p=128635\/#Misa_de_medianoche_Netflix\" >Misa de medianoche (Netflix)<\/a><\/li><li class='ez-toc-page-1 ez-toc-heading-level-2'><a class=\"ez-toc-link ez-toc-heading-4\" href=\"https:\/\/enfoquenoticioso.com\/?p=128635\/#Yellowjackets_Movistar\" >Yellowjackets (Movistar+)<\/a><\/li><li class='ez-toc-page-1 ez-toc-heading-level-2'><a class=\"ez-toc-link ez-toc-heading-5\" href=\"https:\/\/enfoquenoticioso.com\/?p=128635\/#La_hora_del_diablo_Prime_Video\" >La hora del diablo (Prime Video)<\/a><\/li><\/ul><\/nav><\/div>\n<h2 class=\"wp-block-heading has-text-align-center\" id=\"h-teacup-skyshowtime\"><span class=\"ez-toc-section\" id=\"Teacup_SkyShowtime\"><\/span>Teacup (SkyShowtime)<span class=\"ez-toc-section-end\"><\/span><\/h2>\n<figure class=\"wp-block-image alignwide size-large\"><img loading=\"lazy\" decoding=\"async\" data-recalc-dims=\"1\" width=\"780\" height=\"439\" src=\"https:\/\/i0.wp.com\/imgs.hipertextual.com\/wp-content\/uploads\/2026\/04\/Teacup-Hipertextual-1500x844.jpg?resize=780%2C439&#038;quality=70&#038;strip=all&#038;ssl=1\" alt=\"\" class=\"wp-image-1882841\" \/><\/figure>\n<p>Producida por <a href=\"https:\/\/hipertextual.com\/cine-television\/verdaderamente-aterrador-asi-es-la-nueva-y-terrorifica-serie-del-creador-de-expediente-warren-para-netflix\/\" target=\"_blank\" rel=\"noopener\">James Wan<\/a>, esta adaptaci\u00f3n de la novela <em>Stinger<\/em> de Robert McCammon es la opci\u00f3n ideal si amas <em>From<\/em>. Ambientada en una granja aislada en la zona rural de Georgia, la trama sigue a la familia Chenoweth y sus vecinos, cuando se ven repentinamente rodeados por una barrera invisible y letal. Un misterioso hombre con una m\u00e1scara de gas aparece para marcar una l\u00ednea azul <strong>en el suelo, advirtiendo que cruzarla significa una muerte instant\u00e1nea y brutal.<\/strong><\/p>\n<p>De la misma manera que <em>From<\/em>, <em>Teacup<\/em> utiliza un misterio inexplicable para crear una historia que se hace m\u00e1s compleja y terror\u00edfica cap\u00edtulo a cap\u00edtulo. Lo que comienza como una tensa disputa dom\u00e9stica <strong>se transforma r\u00e1pidamente en un escenario de supervivencia extrema.\u00a0<\/strong><\/p>\n<p>Uno adem\u00e1s, en el que el enemigo no es solo el entorno, sino una presencia alien\u00edgena capaz de poseer cuerpos humanos. Lo que obliga a los personajes a desconfiar de sus propios seres queridos mientras intentan descifrar las reglas de un juego mortal que no comprenden. <strong>Un <em>thriller<\/em> paranoico que se hace cada vez m\u00e1s denso y que querr\u00e1s ver, si lo tuyo son enigmas que tardan su tiempo en explicarse.&nbsp;<\/strong><\/p>\n<h2 class=\"wp-block-heading has-text-align-center\" id=\"h-silo-apple-nbsp-tv\"><span class=\"ez-toc-section\" id=\"Silo_Apple_TV\"><\/span>Silo (Apple TV)<span class=\"ez-toc-section-end\"><\/span><\/h2>\n<figure class=\"wp-block-image alignwide size-large\"><img loading=\"lazy\" decoding=\"async\" data-recalc-dims=\"1\" width=\"780\" height=\"520\" src=\"https:\/\/i0.wp.com\/imgs.hipertextual.com\/wp-content\/uploads\/2025\/01\/Silo-1500x1000.jpeg?resize=780%2C520&#038;quality=70&#038;strip=all&#038;ssl=1\" alt=\"\" class=\"wp-image-1828280\" \/><\/figure>\n<p><a href=\"https:\/\/hipertextual.com\/cine-television\/lo-mejor-que-puedes-ver-en-apple-tv-para-provechar-el-fin-de-semana-gratuito\/\" target=\"_blank\" rel=\"noopener\">Ciencia ficci\u00f3n<\/a> y de la buena, <a href=\"https:\/\/hipertextual.com\/cine-television\/las-10-mejores-series-de-ciencia-ficcion-de-los-ultimos-anos\/\" target=\"_blank\" rel=\"noopener\">claro est\u00e1, de la mano de <em>Apple TV<\/em><\/a>. <a href=\"https:\/\/hipertextual.com\/cine-television\/el-enigmatico-final-de-la-segunda-temporada-de-silo-explicado-al-detalle\/\" target=\"_blank\" rel=\"noopener\">La adaptaci\u00f3n de la saga<\/a> de Hugh Howey se ha convertido en un plato fuerte de la plataforma. Pero tambi\u00e9n, en la versi\u00f3n del g\u00e9nero de la premisa From. En especial, porque ambas series transcurren en un espacio inexplicable del que nadie puede escapar. Ambientada en un futuro dist\u00f3pico, Silo cuenta la historia de los supervivientes a un misterioso cataclismo. Todos, <strong>conviviendo en una estructura subterr\u00e1nea de 144 niveles de profundidad durante generaciones.&nbsp;<\/strong><\/p>\n<p>La sociedad est\u00e1 regida por <em>El Pacto<\/em>, un estricto conjunto de leyes dise\u00f1adas supuestamente para mantener la paz y proteger a los diez mil habitantes de un exterior t\u00f3xico y letal. Pero este ambiente terror\u00edfico solo puede verse a trav\u00e9s de una c\u00e1mara en la superficie. La trama comienza cuando el sheriff local rompe el tab\u00fa definitivo al pedir salir, desencadenando una serie de eventos que llevan a Juliette Nichols (Rebecca Ferguson). Esta \u00faltima, una ingeniera mec\u00e1nica que decide investigar los oscuros secretos que los fundadores del silo ocultaron sobre el pasado del mundo. <strong>Tambi\u00e9n, el verdadero prop\u00f3sito de su confinamiento.&nbsp;<\/strong><\/p>\n<p>La construcci\u00f3n del mundo en esta serie es excepcional, destacando por su dise\u00f1o industrial y una atm\u00f3sfera de opresi\u00f3n burocr\u00e1tica. Todo lo que recuerda a los grandes cl\u00e1sicos de la literatura dist\u00f3pica. A medida que Juliette asciende desde las profundidades de las m\u00e1quinas hasta los niveles superiores de poder, la historia se vuelve un thriller de conspiraci\u00f3n. Un deleite para los que <strong>buscan una historia compleja que estrenar\u00e1 su tercera temporada el 3 de julio de este a\u00f1o.&nbsp;<\/strong><\/p>\n<h2 class=\"wp-block-heading has-text-align-center\" id=\"h-misa-de-medianoche-netflix-nbsp\"><span class=\"ez-toc-section\" id=\"Misa_de_medianoche_Netflix\"><\/span>Misa de medianoche (Netflix) <span class=\"ez-toc-section-end\"><\/span><\/h2>\n<figure class=\"wp-block-image alignwide size-large\"><img decoding=\"async\" data-recalc-dims=\"1\" loading=\"lazy\" width=\"780\" height=\"439\" src=\"https:\/\/i0.wp.com\/imgs.hipertextual.com\/wp-content\/uploads\/2026\/04\/Misa-de-Medianoche-1500x844.jpg?resize=780%2C439&#038;quality=70&#038;strip=all&#038;ssl=1\" alt=\"\" class=\"wp-image-1882844\" \/><\/figure>\n<p>Creada por <a href=\"https:\/\/hipertextual.com\/cine-television\/la-vida-de-chuck-critica-tom-hiddleston-protagoniza-una-de-las-mejores-adaptaciones-de-stephen-king\/\" target=\"_blank\" rel=\"noopener\">Mike Flanagan<\/a>, esta obra maestra del terror g\u00f3tico contempor\u00e1neo es una versi\u00f3n terror\u00edfica y singular de un cuento de horror. Ambientada en la decadente y aislada Crockett Island, la historia comienza con el regreso de Riley Flynn (Zach Gilford), un hombre atormentado por un pasado tr\u00e1gico. Pero su regreso adem\u00e1s coincide <strong>con la llegada de un joven y carism\u00e1tico sacerdote, el padre Paul (Hamish Linklater).<\/strong><\/p>\n<p>Pronto, el ambiente en la isla se vuelve enrarecido e inexplicable. En particular, porque tras la aparici\u00f3n del cl\u00e9rigo, una serie de milagros inexplicables y eventos prodigiosos empiezan a suceder. Lo que reaviva un fervor religioso cada vez m\u00e1s fan\u00e1tico. Sin embargo, detr\u00e1s de estos supuestos actos divinos se esconde una fuerza antigua y aterradora que el sacerdote ha tra\u00eddo consigo. Todo, debido a que este interpret\u00f3 err\u00f3neamente <strong>una naturaleza monstruosa como una bendici\u00f3n angelical que exige un precio de sangre inimaginable.<\/strong><\/p>\n<p>A diferencia de otras series de terror que dependen de sustos f\u00e1ciles, esta producci\u00f3n se apoya en di\u00e1logos profundos y mon\u00f3logos existenciales. Tambi\u00e9n, al explorar temas como la fe, la redenci\u00f3n y la mortalidad. Flanagan utiliza el aislamiento de la isla para crear una olla a presi\u00f3n emocional, en la que el fanatismo religioso se convierte <strong>en el verdadero motor del horror. Una rareza que querr\u00e1s ver si amas <em>From<\/em>.&nbsp;<\/strong><\/p>\n<h2 class=\"wp-block-heading has-text-align-center\" id=\"h-yellowjackets-movistar-nbsp\"><span class=\"ez-toc-section\" id=\"Yellowjackets_Movistar\"><\/span>Yellowjackets (Movistar+) <span class=\"ez-toc-section-end\"><\/span><\/h2>\n<figure class=\"wp-block-image alignwide size-large\"><img decoding=\"async\" data-recalc-dims=\"1\" loading=\"lazy\" width=\"780\" height=\"325\" src=\"https:\/\/i0.wp.com\/imgs.hipertextual.com\/wp-content\/uploads\/2022\/01\/Yellowjackets-original-mezcla-misterio-traumas_540855912_45416_1440x600-1500x625.jpg?resize=780%2C325&#038;quality=70&#038;strip=all&#038;ssl=1\" alt=\"Yellowjackets\" class=\"wp-image-1370309\" \/><\/figure>\n<p>Creada por Ashley Lyle y Bart Nickerson, la serie fusiona el drama psicol\u00f3gico, el suspense y el terror de supervivencia. Todo, a trav\u00e9s de dos l\u00edneas temporales entrelazadas. La historia comienza en 1996, cuando un equipo de talentosas jugadoras de f\u00fatbol de un instituto de Nueva Jersey sufre un accidente a\u00e9reo mientras vuela hacia un campeonato nacional, quedando atrapadas <strong>en la remota y salvaje naturaleza de Ontario durante 19 meses.&nbsp;<\/strong><\/p>\n<p>Obligadas a enfrentarse a condiciones extremas, la narrativa explora su descenso desde la unidad de equipo hasta la formaci\u00f3n de clanes can\u00edbales y rituales oscuros, mostrando hasta d\u00f3nde es capaz de llegar el ser humano para sobrevivir. Esta parte de la trama destaca por una atm\u00f3sfera cruda y brutal, donde la inocencia adolescente se <strong>quiebra bajo el peso de decisiones traum\u00e1ticas y una posible influencia sobrenatural del bosque.<\/strong><\/p>\n<div class=\"wp-block-group is-style-default has-primary-color has-text-color has-background\" style=\"background-color:#75757533\">\n<div class=\"wp-block-group__inner-container is-layout-flow wp-block-group-is-layout-flow\">\n<div class=\"wp-block-columns is-layout-flex wp-container-core-columns-is-layout-9d6595d7 wp-block-columns-is-layout-flex\">\n<div class=\"wp-block-column is-vertically-aligned-center is-layout-flow wp-block-column-is-layout-flow\" style=\"flex-basis:30%\">\n<div class=\"wp-block-image\">\n<figure class=\"aligncenter size-full\"><img decoding=\"async\" data-recalc-dims=\"1\" loading=\"lazy\" width=\"200\" height=\"200\" src=\"https:\/\/i0.wp.com\/imgs.hipertextual.com\/wp-content\/uploads\/2025\/02\/movistarplus_logo.jpg?resize=200%2C200&#038;quality=70&#038;strip=all&#038;ssl=1\" alt=\"\" class=\"wp-image-1831820\" \/><\/figure>\n<\/div>\n<\/div>\n<div class=\"wp-block-column is-layout-flow wp-block-column-is-layout-flow\" style=\"flex-basis:70%\">\n<p class=\"has-small-font-size\">Date de <strong><a href=\"https:\/\/clk.tradedoubler.com\/click?p=357743&amp;a=1537310&amp;url=https%3A%2F%2Fwww.movistarplus.es%2Ftarifas%2Ftarifa-anual\" rel=\"nofollow noopener\" target=\"_blank\">alta en Movistar Plus+<\/a> <\/strong>y disfruta de lo <strong>mejor del deporte, f\u00fatbol, cine, series<\/strong>&nbsp;internacionales,&nbsp;<strong>y m\u00e1s de 80 canales.<\/strong>&nbsp; No tiene permanencia e&nbsp;<strong>incluye&nbsp;dos reproducciones simult\u00e1neas<\/strong>, desde smartphone, TV, PC o Tablet.&nbsp;&nbsp;<\/p>\n<div class=\"wp-block-buttons is-content-justification-center is-layout-flex wp-container-core-buttons-is-layout-16018d1d wp-block-buttons-is-layout-flex\">\n<div class=\"wp-block-button has-custom-width wp-block-button__width-100 is-style-fill\"><a class=\"wp-block-button__link has-white-color has-grad-4-gradient-background has-text-color has-background has-custom-font-size wp-element-button\" href=\"https:\/\/clk.tradedoubler.com\/click?p=357743&amp;a=1537310&amp;url=https%3A%2F%2Fwww.movistarplus.es%2Ftarifas%2Ftarifa-anual\" style=\"border-radius:6px;font-size:17px\" rel=\"nofollow noopener\" target=\"_blank\">Suscr\u00edbete a Movistar Plus+ <\/a><\/div>\n<\/div>\n<\/div>\n<\/div>\n<\/div>\n<\/div>\n<p>La segunda l\u00ednea temporal se sit\u00faa 25 a\u00f1os despu\u00e9s, siguiendo la vida de las supervivientes en su etapa adulta. Eso, mientras intentan mantener un barniz de normalidad en una sociedad que desconoce la verdad completa de lo ocurrido. La serie ha sido comparada con <em>Lost<\/em> por su estructura de misterio de piezas sueltas. Tambi\u00e9n <em>El se\u00f1or de las moscas<\/em> por su exploraci\u00f3n de la jerarqu\u00eda social y la violencia grupal, pero con una perspectiva <strong>femenina \u00fanica. Ideal si est\u00e1s buscando algo poco com\u00fan para disfrutar junto a <em>From<\/em>.&nbsp;<\/strong><\/p>\n<h2 class=\"wp-block-heading has-text-align-center\" id=\"h-la-hora-del-diablo-prime-nbsp-video-nbsp\"><span class=\"ez-toc-section\" id=\"La_hora_del_diablo_Prime_Video\"><\/span>La hora del diablo (Prime Video) <span class=\"ez-toc-section-end\"><\/span><\/h2>\n<figure class=\"wp-block-image alignwide size-large\"><img decoding=\"async\" data-recalc-dims=\"1\" loading=\"lazy\" width=\"780\" height=\"475\" src=\"https:\/\/i0.wp.com\/imgs.hipertextual.com\/wp-content\/uploads\/2026\/04\/La-hora-del-diablo-1500x913.jpg?resize=780%2C475&#038;quality=70&#038;strip=all&#038;ssl=1\" alt=\"\" class=\"wp-image-1882845\" \/><\/figure>\n<p>Este <em>thriller<\/em> psicol\u00f3gico brit\u00e1nico tiene un ritmo vertiginoso que gira en torno a Lucy Chambers (Jessica Raine). Esta \u00faltima, una trabajadora social que vive atrapada en un ciclo de pesadilla. Todas las noches se despierta exactamente a las 3:33 a. m. <strong>tras sufrir visiones fragmentadas y aterradoras de tragedias que a\u00fan no han ocurrido.&nbsp;<\/strong><\/p>\n<p>Su vida personal es igualmente desconcertante. Tiene un hijo de ocho a\u00f1os que carece de emociones y parece interactuar con personas que nadie m\u00e1s ve. Todo parece empeorar cuando el nombre Lucy aparece vinculado de forma inexplicable a una serie de brutales asesinatos en la zona. Lo que la pone en el radar de la polic\u00eda y la obliga a confrontar una realidad donde el tiempo no es una l\u00ednea recta, <strong>sino algo mucho m\u00e1s maleable y peligroso.<\/strong><\/p>\n<div class=\"wp-block-group is-style-default has-primary-color has-text-color has-background\" style=\"background-color:#f1fbff\">\n<div class=\"wp-block-group__inner-container is-layout-flow wp-block-group-is-layout-flow\">\n<div class=\"wp-block-columns is-layout-flex wp-container-core-columns-is-layout-9d6595d7 wp-block-columns-is-layout-flex\">\n<div class=\"wp-block-column is-vertically-aligned-center is-layout-flow wp-block-column-is-layout-flow\" style=\"flex-basis:30%\">\n<figure class=\"wp-block-image size-large\"><img decoding=\"async\" data-recalc-dims=\"1\" loading=\"lazy\" width=\"740\" height=\"740\" src=\"https:\/\/i0.wp.com\/hipertextual.com\/wp-content\/uploads\/2021\/03\/primevideo-seo-logo-square-740x740.png?resize=740%2C740&#038;quality=70&#038;strip=all&#038;ssl=1\" alt=\"\" class=\"wp-image-1263089\" \/><\/figure>\n<\/div>\n<div class=\"wp-block-column is-layout-flow wp-block-column-is-layout-flow\" style=\"flex-basis:70%\">\n<p class=\"has-text-align-center\" style=\"font-size:17px\"><a href=\"https:\/\/primevideo.com\/?tag=hipertextual-21\" target=\"_blank\" rel=\"noreferrer noopener sponsored nofollow\"><strong>Prueba Amazon Prime Video<\/strong><\/a> totalmente <strong>gratis durante 30 d\u00edas<\/strong> y disfruta del cat\u00e1logo completo de la plataforma sin l\u00edmites. <a href=\"https:\/\/primevideo.com\/?tag=hipertextual-21\" rel=\"noreferrer noopener sponsored nofollow\" target=\"_blank\"><strong>Solo con darte de alta<\/strong><\/a> tendr\u00e1s acceso instant\u00e1neo a las mejores pel\u00edculas y series, adem\u00e1s de <strong>env\u00edos gratis en Amazon<\/strong> y otras ventajas.<\/p>\n<div class=\"wp-block-buttons is-content-justification-center is-layout-flex wp-container-core-buttons-is-layout-16018d1d wp-block-buttons-is-layout-flex\">\n<div class=\"wp-block-button has-custom-width wp-block-button__width-75 has-custom-font-size is-style-fill\" style=\"font-size:18px\"><a class=\"wp-block-button__link has-white-color has-text-color has-background wp-element-button\" href=\"https:\/\/geni.us\/amzprimev\" style=\"border-radius:6px;background:linear-gradient(135deg,rgb(6,147,227) 0%,rgb(1,23,68) 57%)\" target=\"_blank\" rel=\"noreferrer noopener sponsored nofollow\">Prueba gratis Prime Video<\/a><\/div>\n<\/div>\n<\/div>\n<\/div>\n<\/div>\n<\/div>\n<p>El n\u00facleo del misterio reside en la figura de Gideon, un enigm\u00e1tico personaje interpretado magistralmente por Peter Capaldi, quien parece existir fuera del flujo temporal convencional. A medida que la serie avanza, lo que inicialmente parece un drama policial con tintes sobrenaturales se transforma en una compleja narrativa de ciencia ficci\u00f3n. Una que, adem\u00e1s, explora el concepto <strong>de las vidas paralelas y los ecos del destino. Si te gusta lo extra\u00f1o, esto es para ti.&nbsp;<\/strong><\/p>\n<p>Seguir leyendo: <a href=\"https:\/\/hipertextual.com\/cine-television\/5-series-de-terror-perfectas-para-ver-si-te-gusta-from\/\" target=\"_blank\" rel=\"noopener\">5 series de terror perfectas para ver si te gusta\u00a0\u2018From\u2019<\/a><\/p>\n<p><a href=\"https:\/\/hipertextual.com\/cine-television\/5-series-de-terror-perfectas-para-ver-si-te-gusta-from\/\" class=\" target=\" title=\"5 series de terror perfectas para ver si te gusta\u00a0\u2018From\u2019\" target=\"_blank\" rel=\"noopener\">Ver fuente<\/a><\/p>\n","protected":false},"excerpt":{"rendered":"<p>From se ha convertido en un \u00e9xito, uno que el entusiasmo alrededor de su cuarta temporada no ha hecho m\u00e1s que reafirmar. Por supuesto, no es una sorpresa para los amantes del terror. Desde su estreno en 2022, la historia de un pueblo que cualquiera puede encontrar pero nadie abandonar sorprendi\u00f3. No solo por recordar [&hellip;]<\/p>\n","protected":false},"author":2,"featured_media":128636,"comment_status":"open","ping_status":"closed","sticky":false,"template":"","format":"standard","meta":{"footnotes":""},"categories":[9],"tags":[],"class_list":["post-128635","post","type-post","status-publish","format-standard","has-post-thumbnail","hentry","category-tecnologia"],"_links":{"self":[{"href":"https:\/\/enfoquenoticioso.com\/index.php?rest_route=\/wp\/v2\/posts\/128635","targetHints":{"allow":["GET"]}}],"collection":[{"href":"https:\/\/enfoquenoticioso.com\/index.php?rest_route=\/wp\/v2\/posts"}],"about":[{"href":"https:\/\/enfoquenoticioso.com\/index.php?rest_route=\/wp\/v2\/types\/post"}],"author":[{"embeddable":true,"href":"https:\/\/enfoquenoticioso.com\/index.php?rest_route=\/wp\/v2\/users\/2"}],"replies":[{"embeddable":true,"href":"https:\/\/enfoquenoticioso.com\/index.php?rest_route=%2Fwp%2Fv2%2Fcomments&post=128635"}],"version-history":[{"count":0,"href":"https:\/\/enfoquenoticioso.com\/index.php?rest_route=\/wp\/v2\/posts\/128635\/revisions"}],"wp:featuredmedia":[{"embeddable":true,"href":"https:\/\/enfoquenoticioso.com\/index.php?rest_route=\/wp\/v2\/media\/128636"}],"wp:attachment":[{"href":"https:\/\/enfoquenoticioso.com\/index.php?rest_route=%2Fwp%2Fv2%2Fmedia&parent=128635"}],"wp:term":[{"taxonomy":"category","embeddable":true,"href":"https:\/\/enfoquenoticioso.com\/index.php?rest_route=%2Fwp%2Fv2%2Fcategories&post=128635"},{"taxonomy":"post_tag","embeddable":true,"href":"https:\/\/enfoquenoticioso.com\/index.php?rest_route=%2Fwp%2Fv2%2Ftags&post=128635"}],"curies":[{"name":"wp","href":"https:\/\/api.w.org\/{rel}","templated":true}]}}