{"id":128643,"date":"2026-04-26T16:26:26","date_gmt":"2026-04-26T16:26:26","guid":{"rendered":"https:\/\/enfoquenoticioso.com\/?p=128643"},"modified":"2026-04-26T16:26:26","modified_gmt":"2026-04-26T16:26:26","slug":"al-menos-cuatro-fallecidos-tras-caida-de-autobus-en-la-via-barinas-merida","status":"publish","type":"post","link":"https:\/\/enfoquenoticioso.com\/?p=128643","title":{"rendered":"Al menos cuatro fallecidos tras ca\u00edda de autob\u00fas en la v\u00eda Barinas\u2013M\u00e9rida"},"content":{"rendered":"<div id=\"post-583944\">&#13;<br \/>\n\t\t\t&#13;<\/p>\n<div class=\"entry-thumbnail\">\n<img loading=\"lazy\" width=\"777\" height=\"437\" src=\"https:\/\/noticiasaldiayalahora.co\/wp-content\/uploads\/2026\/04\/accidente-Barinas\u2013Merida-777x437.gif\" class=\"attachment-content-single size-content-single wp-post-image\" alt=\"\" decoding=\"async\" srcset=\"https:\/\/noticiasaldiayalahora.co\/wp-content\/uploads\/2026\/04\/accidente-Barinas\u2013Merida-777x437.gif 777w, https:\/\/noticiasaldiayalahora.co\/wp-content\/uploads\/2026\/04\/accidente-Barinas\u2013Merida-180x101.gif 180w, https:\/\/noticiasaldiayalahora.co\/wp-content\/uploads\/2026\/04\/accidente-Barinas\u2013Merida-260x146.gif 260w, https:\/\/noticiasaldiayalahora.co\/wp-content\/uploads\/2026\/04\/accidente-Barinas\u2013Merida-373x210.gif 373w, https:\/\/noticiasaldiayalahora.co\/wp-content\/uploads\/2026\/04\/accidente-Barinas\u2013Merida-120x67.gif 120w\" sizes=\"auto, (max-width: 777px) 100vw, 777px\"\/><\/div>\n<p>\t&#13;<\/p>\n<div class=\"advertisement\">\n<div class=\"sb-widget post-ad\">\n<p style=\"font-size: 10px; color: #999; margin: 0 0 10px 0; text-transform: uppercase; font-family: sans-serif;\">Publicidad \/ Contenido Patrocinado<\/p>\n<\/div><\/div>\n<p>&#13;<\/p>\n<p class=\"entry-meta\">\n<span class=\"entry-meta-author vcard author\">Por: <a class=\"fn\" href=\"https:\/\/noticiasaldiayalahora.co\/author\/redaccion\/\" target=\"_blank\" rel=\"noopener\">Redacci\u00f3n Noticias al Dia y a la Hora<\/a><\/span><br \/>\n<span class=\"entry-meta-date updated\">26 abril, 2026<\/span>\n<\/p>\n<p>\t&#13;<\/p>\n<div class=\"entry-content clearfix\">\n<p>Al menos cuatro personas murieron la tarde de este s\u00e1bado 25 de abril en un accidente de transporte p\u00fablico ocurrido en la carretera Barinas\u2013M\u00e9rida, luego de que un autob\u00fas de la l\u00ednea Uni\u00f3n T\u00e1chira se precipitara por un barranco de aproximadamente 1.000 metros de profundidad.<\/p>\n<p>La unidad hab\u00eda salido del terminal \u201cHugo de los Reyes Ch\u00e1vez\u201d, en Barinas, seg\u00fan un list\u00edn difundido en redes sociales.<\/p>\n<p>El accidente ocurri\u00f3 poco despu\u00e9s de las 5:00 de la tarde en el tramo entre los sectores El Velo de la Novia y La Campana, en el municipio Cardenal Quintero del estado M\u00e9rida, a unos cuatro kil\u00f3metros del l\u00edmite con Barinas. Hasta el momento no existe una versi\u00f3n oficial sobre las causas del accidente.<\/p>\n<p><iframe loading=\"lazy\" style=\"border: none; overflow: hidden;\" src=\"https:\/\/www.facebook.com\/plugins\/video.php?height=476&amp;href=https%3A%2F%2Fwww.facebook.com%2Freel%2F26408931328771224%2F&amp;show_text=true&amp;width=264&amp;t=0\" width=\"264\" height=\"591\" frameborder=\"0\" scrolling=\"no\" allowfullscreen=\"allowfullscreen\"><\/iframe><\/p>\n<p>De manera extraoficial, se reporta el fallecimiento de cuatro personas, entre ellas el conductor del autob\u00fas, identificado como Germ\u00e1n Altuve. Sin embargo, un bolet\u00edn inicial del Sistema Nacional para la Gesti\u00f3n de Riesgos de Protecci\u00f3n Civil M\u00e9rida inform\u00f3 sobre dos fallecidos y 15 heridos, cifras que podr\u00edan actualizarse conforme avancen las labores de b\u00fasqueda.<\/p>\n<\/p><\/div>\n<p>\t&#13;<br \/>\n&#13;<br \/>\n\t<!-- Taboola Below Article con Etiqueta -->&#13;<\/p>\n<div style=\"margin-top: 20px;\">\n<p style=\"font-size: 10px; color: #999; margin: 0 0 5px 0; text-transform: uppercase; font-family: sans-serif;\">Contenido Patrocinado \/ Recomendado para ti<\/p>\n<\/p><\/div>\n<p>&#13;<br \/>\n&#13;<br \/>\n\t\t&#13;\n<\/p><\/div>\n<p><a href=\"https:\/\/noticiasaldiayalahora.co\/sucesos\/al-menos-cuatro-fallecidos-tras-caida-de-autobus-en-la-via-barinas-merida\/\" class=\" target=\" title=\"Al menos cuatro fallecidos tras ca\u00edda de autob\u00fas en la v\u00eda Barinas\u2013M\u00e9rida\" target=\"_blank\" rel=\"noopener\">Ver fuente<\/a><\/p>\n","protected":false},"excerpt":{"rendered":"<p>&#13; &#13; &#13; Publicidad \/ Contenido Patrocinado &#13; Por: Redacci\u00f3n Noticias al Dia y a la Hora 26 abril, 2026 &#13; Al menos cuatro personas murieron la tarde de este s\u00e1bado 25 de abril en un accidente de transporte p\u00fablico ocurrido en la carretera Barinas\u2013M\u00e9rida, luego de que un autob\u00fas de la l\u00ednea Uni\u00f3n T\u00e1chira [&hellip;]<\/p>\n","protected":false},"author":2,"featured_media":128644,"comment_status":"open","ping_status":"closed","sticky":false,"template":"","format":"standard","meta":{"footnotes":""},"categories":[5],"tags":[],"class_list":["post-128643","post","type-post","status-publish","format-standard","has-post-thumbnail","hentry","category-sucesos"],"_links":{"self":[{"href":"https:\/\/enfoquenoticioso.com\/index.php?rest_route=\/wp\/v2\/posts\/128643","targetHints":{"allow":["GET"]}}],"collection":[{"href":"https:\/\/enfoquenoticioso.com\/index.php?rest_route=\/wp\/v2\/posts"}],"about":[{"href":"https:\/\/enfoquenoticioso.com\/index.php?rest_route=\/wp\/v2\/types\/post"}],"author":[{"embeddable":true,"href":"https:\/\/enfoquenoticioso.com\/index.php?rest_route=\/wp\/v2\/users\/2"}],"replies":[{"embeddable":true,"href":"https:\/\/enfoquenoticioso.com\/index.php?rest_route=%2Fwp%2Fv2%2Fcomments&post=128643"}],"version-history":[{"count":0,"href":"https:\/\/enfoquenoticioso.com\/index.php?rest_route=\/wp\/v2\/posts\/128643\/revisions"}],"wp:featuredmedia":[{"embeddable":true,"href":"https:\/\/enfoquenoticioso.com\/index.php?rest_route=\/wp\/v2\/media\/128644"}],"wp:attachment":[{"href":"https:\/\/enfoquenoticioso.com\/index.php?rest_route=%2Fwp%2Fv2%2Fmedia&parent=128643"}],"wp:term":[{"taxonomy":"category","embeddable":true,"href":"https:\/\/enfoquenoticioso.com\/index.php?rest_route=%2Fwp%2Fv2%2Fcategories&post=128643"},{"taxonomy":"post_tag","embeddable":true,"href":"https:\/\/enfoquenoticioso.com\/index.php?rest_route=%2Fwp%2Fv2%2Ftags&post=128643"}],"curies":[{"name":"wp","href":"https:\/\/api.w.org\/{rel}","templated":true}]}}