{"id":128649,"date":"2026-04-26T17:31:20","date_gmt":"2026-04-26T17:31:20","guid":{"rendered":"https:\/\/enfoquenoticioso.com\/?p=128649"},"modified":"2026-04-26T17:31:20","modified_gmt":"2026-04-26T17:31:20","slug":"anthony-edwards-sufrio-una-contusion-osea","status":"publish","type":"post","link":"https:\/\/enfoquenoticioso.com\/?p=128649","title":{"rendered":"Anthony Edwards sufri\u00f3 una contusi\u00f3n \u00f3sea"},"content":{"rendered":"<div data-td-block-uid=\"tdi_72\">\n<div class=\"tdb-block-inner td-fix-index\">\n<p>Anthony Edwards, se enfrenta a un diagn\u00f3stico de contusi\u00f3n \u00f3sea acompa\u00f1ado de una hiperextensi\u00f3n en la rodilla, as\u00ed lo han anunciado diversos medios de comunicaci\u00f3n este domingo.\u00a0<\/p>\n<p>El primero en dar la noticia fue el periodista Chams Charania, quien a trav\u00e9s de una publicaci\u00f3n en las redes sociales indic\u00f3 que el jugador de los Minnesota Timberwolves estar\u00e1 fuera por varias semanas.\u00a0<\/p>\n<figure class=\"wp-block-embed is-type-rich is-provider-twitter wp-block-embed-twitter\">\n<div class=\"wp-block-embed__wrapper\">\n<blockquote class=\"twitter-tweet\" data-width=\"550\" data-dnt=\"true\">\n<p lang=\"en\" dir=\"ltr\">Just in: Minnesota Timberwolves star Anthony Edwards has sustained a bone bruise and hyperextension in his left knee and is expected to miss multiple weeks, sources tell ESPN. Results showed Edwards avoided any ligament damage, but he will now miss time. <a href=\"https:\/\/t.co\/zVgDQtxXRd\">pic.twitter.com\/zVgDQtxXRd<\/a><\/p>\n<p>\u2014 Shams Charania (@ShamsCharania) <a href=\"https:\/\/twitter.com\/ShamsCharania\/status\/2048405656403685434?ref_src=twsrc%5Etfw\" target=\"_blank\" rel=\"noopener\">April 26, 2026<\/a><\/p><\/blockquote>\n<\/div>\n<\/figure>\n<p>Adem\u00e1s de la estrella el equipo tambi\u00e9n perdi\u00f3 por lo que resta de la campa\u00f1a a Donte DiVincenzo, quien sufri\u00f3 una rotura en el tend\u00f3n de Aquiles. Esta lesi\u00f3n no solo termina con su participaci\u00f3n en la postemporada actual, sino que tambi\u00e9n pone en peligro su disponibilidad para el inicio de la campa\u00f1a 2026-27.<\/p>\n<p><strong>Lee tambi\u00e9n:<a href=\"http:\/\/Timberwolves vencieron a Nuggets y lideran la serie\">Timberwolves vencieron a Nuggets y lideran la serie<\/a><\/strong><\/p>\n<p>Con el quinto partido de la serie fijado para este lunes en Denver, los Timberwolves se encuentran ante un desaf\u00edo considerable para ajustar al equipo y mantener el impulso necesario para cerrar la serie frente a los Nuggets.<\/p>\n<\/div>\n<\/div>\n<p><script async src=\"\/\/platform.twitter.com\/widgets.js\" charset=\"utf-8\"><\/script><br \/>\n<br \/><a href=\"https:\/\/www.liderendeportes.com\/noticias\/basketball\/nba\/anthony-edwards-sufrio-una-contusion-osea\/\" class=\" target=\" title=\"Anthony Edwards sufri\u00f3 una contusi\u00f3n \u00f3sea\" target=\"_blank\" rel=\"noopener\">Ver fuente<\/a><\/p>\n","protected":false},"excerpt":{"rendered":"<p>Anthony Edwards, se enfrenta a un diagn\u00f3stico de contusi\u00f3n \u00f3sea acompa\u00f1ado de una hiperextensi\u00f3n en la rodilla, as\u00ed lo han anunciado diversos medios de comunicaci\u00f3n este domingo.\u00a0 El primero en dar la noticia fue el periodista Chams Charania, quien a trav\u00e9s de una publicaci\u00f3n en las redes sociales indic\u00f3 que el jugador de los Minnesota [&hellip;]<\/p>\n","protected":false},"author":2,"featured_media":128650,"comment_status":"open","ping_status":"closed","sticky":false,"template":"","format":"standard","meta":{"footnotes":""},"categories":[7],"tags":[],"class_list":["post-128649","post","type-post","status-publish","format-standard","has-post-thumbnail","hentry","category-deporte"],"_links":{"self":[{"href":"https:\/\/enfoquenoticioso.com\/index.php?rest_route=\/wp\/v2\/posts\/128649","targetHints":{"allow":["GET"]}}],"collection":[{"href":"https:\/\/enfoquenoticioso.com\/index.php?rest_route=\/wp\/v2\/posts"}],"about":[{"href":"https:\/\/enfoquenoticioso.com\/index.php?rest_route=\/wp\/v2\/types\/post"}],"author":[{"embeddable":true,"href":"https:\/\/enfoquenoticioso.com\/index.php?rest_route=\/wp\/v2\/users\/2"}],"replies":[{"embeddable":true,"href":"https:\/\/enfoquenoticioso.com\/index.php?rest_route=%2Fwp%2Fv2%2Fcomments&post=128649"}],"version-history":[{"count":0,"href":"https:\/\/enfoquenoticioso.com\/index.php?rest_route=\/wp\/v2\/posts\/128649\/revisions"}],"wp:featuredmedia":[{"embeddable":true,"href":"https:\/\/enfoquenoticioso.com\/index.php?rest_route=\/wp\/v2\/media\/128650"}],"wp:attachment":[{"href":"https:\/\/enfoquenoticioso.com\/index.php?rest_route=%2Fwp%2Fv2%2Fmedia&parent=128649"}],"wp:term":[{"taxonomy":"category","embeddable":true,"href":"https:\/\/enfoquenoticioso.com\/index.php?rest_route=%2Fwp%2Fv2%2Fcategories&post=128649"},{"taxonomy":"post_tag","embeddable":true,"href":"https:\/\/enfoquenoticioso.com\/index.php?rest_route=%2Fwp%2Fv2%2Ftags&post=128649"}],"curies":[{"name":"wp","href":"https:\/\/api.w.org\/{rel}","templated":true}]}}