{"id":128651,"date":"2026-04-26T18:02:15","date_gmt":"2026-04-26T18:02:15","guid":{"rendered":"https:\/\/enfoquenoticioso.com\/?p=128651"},"modified":"2026-04-26T18:02:15","modified_gmt":"2026-04-26T18:02:15","slug":"vinotinto-sub-17-femenina-cayo-ante-brasil","status":"publish","type":"post","link":"https:\/\/enfoquenoticioso.com\/?p=128651","title":{"rendered":"Vinotinto sub-17 Femenina cay\u00f3 ante Brasil"},"content":{"rendered":"<div data-td-block-uid=\"tdi_72\">\n<div class=\"tdb-block-inner td-fix-index\">\n<p>La selecci\u00f3n femenina de Venezuela sub-17 inici\u00f3 su camino en el Campeonato Sudamericano 2026 con una derrota frente a Brasil, en un compromiso disputado el s\u00e1bado, 25 de abril, en el estadio Ameliano en Paraguay. El marcador final fue de <strong>2-0<\/strong> a favor de la \u00abCanarinha\u00bb, un resultado que deja a la Vinotinto sin puntos tras la primera jornada del Grupo B.<\/p>\n<p>Los goles de Gio Ferreira 23\u2019 y Mariana Candido 74\u2019 definieron el encuentro a favor de las amaz\u00f3nicas, la guardameta Valeria Rebanales tuvo una actuaci\u00f3n notable al detener un tiro penal, lo que evit\u00f3 que la diferencia en el marcador fuera mayor.<\/p>\n<p><strong>Lee tambi\u00e9n:<\/strong> <a href=\"https:\/\/www.liderendeportes.com\/noticias\/futbol\/femenino\/vinotinto-sub-17-femenina-inicia-campeonato-ante-brasil\/\" id=\"2321159\" target=\"_blank\" rel=\"noopener\">Vinotinto sub-17 Femenina inicia campeonato ante Brasil<\/a><\/p>\n<p>Con este tropiezo inicial, el equipo dirigido por Dayana Fr\u00edas deber\u00e1 enfocarse ahora en su pr\u00f3ximo compromiso contra Ecuador, programado para hoy lunes 27 de abril de 2026 a las 4:00 p.m. La Vinotinto necesita sumar puntos para mantener vivas sus aspiraciones de clasificar a la siguiente ronda y pelear por un cupo a la Copa del Mundo de la categor\u00eda.<\/p>\n<\/div>\n<\/div>\n<p><a href=\"https:\/\/www.liderendeportes.com\/noticias\/futbol\/femenino\/vinotinto-sub-17-femenina-cayo-ante-brasil\/\" class=\" target=\" title=\"Vinotinto sub-17 Femenina cay\u00f3 ante Brasil\" target=\"_blank\" rel=\"noopener\">Ver fuente<\/a><\/p>\n","protected":false},"excerpt":{"rendered":"<p>La selecci\u00f3n femenina de Venezuela sub-17 inici\u00f3 su camino en el Campeonato Sudamericano 2026 con una derrota frente a Brasil, en un compromiso disputado el s\u00e1bado, 25 de abril, en el estadio Ameliano en Paraguay. El marcador final fue de 2-0 a favor de la \u00abCanarinha\u00bb, un resultado que deja a la Vinotinto sin puntos [&hellip;]<\/p>\n","protected":false},"author":2,"featured_media":128652,"comment_status":"open","ping_status":"closed","sticky":false,"template":"","format":"standard","meta":{"footnotes":""},"categories":[7],"tags":[],"class_list":["post-128651","post","type-post","status-publish","format-standard","has-post-thumbnail","hentry","category-deporte"],"_links":{"self":[{"href":"https:\/\/enfoquenoticioso.com\/index.php?rest_route=\/wp\/v2\/posts\/128651","targetHints":{"allow":["GET"]}}],"collection":[{"href":"https:\/\/enfoquenoticioso.com\/index.php?rest_route=\/wp\/v2\/posts"}],"about":[{"href":"https:\/\/enfoquenoticioso.com\/index.php?rest_route=\/wp\/v2\/types\/post"}],"author":[{"embeddable":true,"href":"https:\/\/enfoquenoticioso.com\/index.php?rest_route=\/wp\/v2\/users\/2"}],"replies":[{"embeddable":true,"href":"https:\/\/enfoquenoticioso.com\/index.php?rest_route=%2Fwp%2Fv2%2Fcomments&post=128651"}],"version-history":[{"count":0,"href":"https:\/\/enfoquenoticioso.com\/index.php?rest_route=\/wp\/v2\/posts\/128651\/revisions"}],"wp:featuredmedia":[{"embeddable":true,"href":"https:\/\/enfoquenoticioso.com\/index.php?rest_route=\/wp\/v2\/media\/128652"}],"wp:attachment":[{"href":"https:\/\/enfoquenoticioso.com\/index.php?rest_route=%2Fwp%2Fv2%2Fmedia&parent=128651"}],"wp:term":[{"taxonomy":"category","embeddable":true,"href":"https:\/\/enfoquenoticioso.com\/index.php?rest_route=%2Fwp%2Fv2%2Fcategories&post=128651"},{"taxonomy":"post_tag","embeddable":true,"href":"https:\/\/enfoquenoticioso.com\/index.php?rest_route=%2Fwp%2Fv2%2Ftags&post=128651"}],"curies":[{"name":"wp","href":"https:\/\/api.w.org\/{rel}","templated":true}]}}